{"id":52269,"date":"2022-12-06T20:17:47","date_gmt":"2022-12-06T20:17:47","guid":{"rendered":"https:\/\/www.trendencias.com\/diseno\/ikea-tiene-zapatero-que-tambien-sirve-cabecero-cama-para-ahorrar-espacio-ordenar-tu-casa-forma-economica"},"modified":"2022-12-06T20:17:47","modified_gmt":"2022-12-06T20:17:47","slug":"ikea-tiene-el-zapatero-que-tambien-sirve-de-cabecero-de-cama-para-ahorrar-espacio-y-ordenar-tu-casa-de-forma-economica","status":"publish","type":"post","link":"http:\/\/hoycordobaweb.com\/index.php\/2022\/12\/06\/ikea-tiene-el-zapatero-que-tambien-sirve-de-cabecero-de-cama-para-ahorrar-espacio-y-ordenar-tu-casa-de-forma-economica\/","title":{"rendered":"Ikea tiene el zapatero que tambi\u00e9n sirve de cabecero de cama para ahorrar espacio y ordenar tu casa de forma econ\u00f3mica"},"content":{"rendered":"<p>El espacio no suele sobrar en casi ning\u00fan rinc\u00f3n del hogar y este es uno de los motivos por los que triunfan tanto los muebles vers\u00e1tiles y que sirvan a la vez para decorar y para almacenar, matando varios p\u00e1jaros de un tiro. A veces, esta b\u00fasqueda por optimizar el espacio da lugar a muebles inesperados pero que, en el fondo, nos hacen acabar pregunt\u00e1ndonos c\u00f3mo es que nadie los hab\u00eda inventado antes. En esa l\u00ednea,<strong> si te hace falta un cabecero de cama pero tambi\u00e9n una soluci\u00f3n para guardar todos tus zapatos<\/strong>, Ikea puede ser tu salvaci\u00f3n.<\/p>\n<p><!-- BREAK 1 --><\/p>\n<div class=\"article-asset article-asset-normal article-asset-center\">\n<div class=\"desvio-container\">\n<div class=\"desvio\">\n<div class=\"desvio-figure js-desvio-figure\"> <a href=\"https:\/\/www.trendencias.com\/shopping\/probablemente-compremos-esta-manta-ikea-a-pares-porque-ideal-para-ola-frio-polar-barata-cuesta-6-euros\"> <img alt=\"Probablemente compremos esta manta de Ikea a pares porque es ideal para la ola de fr\u00edo polar y adem\u00e1s, es barata (cuesta menos de 6 euros) \" src=\"http:\/\/hoycordobaweb.com\/wp-content\/uploads\/2022\/12\/ikea-tiene-el-zapatero-que-tambien-sirve-de-cabecero-de-cama-para-ahorrar-espacio-y-ordenar-tu-casa-de-forma-economica.jpg\"> <\/a> <\/div><\/div><\/div>\n<\/div>\n<p>En la famosa cadena sueca hemos encontrado <strong>un zapatero que puede convertirse en cabecero de cama<\/strong>. Se trata del modelo TRONES, un zapatero en color blanco que, al tener poco fondo, ocupa poco espacio.<\/p>\n<p><!-- BREAK 2 --> <\/p>\n<p>Sus medidas son de <strong>52x18x39 cent\u00edmetros<\/strong> y, en la parte superior, puedes apoyar objetos como el tel\u00e9fono m\u00f3vil, el libro que est\u00e9s leyendo o el desperador. Ikea lo vende<strong> <\/strong>por unidades de dos cajones y,<strong> <\/strong>por eso, dependiendo de c\u00f3mo sea el tama\u00f1o de tu cama, puedes unir varias y crear un cabecero de cama de aire muy fresco a tu dormitorio.<\/p>\n<p><!-- BREAK 3 --><\/p>\n<div class=\"article-asset-image article-asset-normal article-asset-center\">\n<div class=\"asset-content\">\n<div class=\"base-wrapper-image\"> <img class=\"sf-lazy centro_sinmarco\" data-sf-srcset=\"http:\/\/hoycordobaweb.com\/wp-content\/uploads\/2022\/12\/ikea-tiene-el-zapatero-que-tambien-sirve-de-cabecero-de-cama-para-ahorrar-espacio-y-ordenar-tu-casa-de-forma-economica-1.jpg 450w, http:\/\/hoycordobaweb.com\/wp-content\/uploads\/2022\/12\/ikea-tiene-el-zapatero-que-tambien-sirve-de-cabecero-de-cama-para-ahorrar-espacio-y-ordenar-tu-casa-de-forma-economica-4.jpg 681w,http:\/\/hoycordobaweb.com\/wp-content\/uploads\/2022\/12\/ikea-tiene-el-zapatero-que-tambien-sirve-de-cabecero-de-cama-para-ahorrar-espacio-y-ordenar-tu-casa-de-forma-economica-5.jpg 1024w, http:\/\/hoycordobaweb.com\/wp-content\/uploads\/2022\/12\/ikea-tiene-el-zapatero-que-tambien-sirve-de-cabecero-de-cama-para-ahorrar-espacio-y-ordenar-tu-casa-de-forma-economica-6.jpg 1366w,\" data-sf-src=\"http:\/\/hoycordobaweb.com\/wp-content\/uploads\/2022\/12\/ikea-tiene-el-zapatero-que-tambien-sirve-de-cabecero-de-cama-para-ahorrar-espacio-y-ordenar-tu-casa-de-forma-economica-1.jpg\" alt=\"Seis Zapateros Trones De Ikea De Color Blanco Se Montan En P 7cbe40ef7e4b8ef7ee1e0eed0b20dde3\"> <noscript><img alt=\"Seis Zapateros Trones De Ikea De Color Blanco Se Montan En P 7cbe40ef7e4b8ef7ee1e0eed0b20dde3\" class=\"centro_sinmarco\" src=\"http:\/\/hoycordobaweb.com\/wp-content\/uploads\/2022\/12\/ikea-tiene-el-zapatero-que-tambien-sirve-de-cabecero-de-cama-para-ahorrar-espacio-y-ordenar-tu-casa-de-forma-economica-1.jpg\"><\/noscript> <\/div><\/div>\n<\/div>\n<p>No obstante, aunque esta idea es la que m\u00e1s pr\u00e1ctica y original nos ha parecido, tambi\u00e9n puedes utilizar este mueble como estanter\u00eda, mesilla o, incluso guardar <strong>revistas o carpetas en su interior si ya tienes un zapatero.<\/strong><\/p>\n<p><!-- BREAK 4 --><\/p>\n<p>El precio por unidad de este zapatero es de 25 euros pero, adem\u00e1s de econ\u00f3mico, es un mueble <strong>f\u00e1cil de limpiar <\/strong>porque la puerta puede desmontarse para permitirnos retirar la suciedad de su interior. Algo muy \u00fatil si vamos a guardar zapatos en su interior.<\/p>\n<p><!-- BREAK 5 --><!-- PIVOT START --><\/p>\n<div class=\"pivot-ecommerce-container\">\n<div class=\"pivot-ecommerce\" readability=\"4.5438596491228\">\n<div class=\"pivot-ecommerce-figure\"> <a href=\"https:\/\/www.trendencias.com\/redirect?url=https%3A%2F%2Fwww.ikea.com%2Fes%2Fes%2Fp%2Ftrones-zapatero-almacenaje-blanco-00397307%2F&amp;category=diseno&amp;pivot=1\"> <img alt=\"TRONES: Zapatero\/almacenaje, blanco,\" src=\"http:\/\/hoycordobaweb.com\/wp-content\/uploads\/2022\/12\/ikea-tiene-el-zapatero-que-tambien-sirve-de-cabecero-de-cama-para-ahorrar-espacio-y-ordenar-tu-casa-de-forma-economica-2.jpg\"> <\/a> <\/div>\n<div class=\"pivot-ecommerce-summary\" readability=\"5.8421052631579\">\n<p class=\"pivot-ecommerce-desc\">TRONES: Zapatero\/almacenaje, blanco,<\/p>\n<\/p><\/div><\/div>\n<\/div>\n<p><!-- PIVOT END --><\/p>\n<p><em>Nota: algunos de los enlaces de este art\u00edculo son afiliados y pueden reportar un beneficio a Trendencias.<\/em><\/p>\n<p><!-- BREAK 6 --><\/p>\n<p>Foto de portada | Unsplash<\/p>\n","protected":false},"excerpt":{"rendered":"<p>El espacio no suele sobrar en casi ning\u00fan rinc\u00f3n del hogar y este es uno de los motivos por los que triunfan tanto los muebles vers\u00e1tiles y que sirvan a la vez para decorar y para almacenar, matando varios p\u00e1jaros de un tiro. A veces, esta b\u00fasqueda por optimizar el espacio da lugar a muebles [&hellip;]<\/p>\n","protected":false},"author":1,"featured_media":52270,"comment_status":"closed","ping_status":"closed","sticky":false,"template":"","format":"standard","meta":[],"categories":[1],"tags":[],"_links":{"self":[{"href":"http:\/\/hoycordobaweb.com\/index.php\/wp-json\/wp\/v2\/posts\/52269"}],"collection":[{"href":"http:\/\/hoycordobaweb.com\/index.php\/wp-json\/wp\/v2\/posts"}],"about":[{"href":"http:\/\/hoycordobaweb.com\/index.php\/wp-json\/wp\/v2\/types\/post"}],"author":[{"embeddable":true,"href":"http:\/\/hoycordobaweb.com\/index.php\/wp-json\/wp\/v2\/users\/1"}],"replies":[{"embeddable":true,"href":"http:\/\/hoycordobaweb.com\/index.php\/wp-json\/wp\/v2\/comments?post=52269"}],"version-history":[{"count":0,"href":"http:\/\/hoycordobaweb.com\/index.php\/wp-json\/wp\/v2\/posts\/52269\/revisions"}],"wp:featuredmedia":[{"embeddable":true,"href":"http:\/\/hoycordobaweb.com\/index.php\/wp-json\/wp\/v2\/media\/52270"}],"wp:attachment":[{"href":"http:\/\/hoycordobaweb.com\/index.php\/wp-json\/wp\/v2\/media?parent=52269"}],"wp:term":[{"taxonomy":"category","embeddable":true,"href":"http:\/\/hoycordobaweb.com\/index.php\/wp-json\/wp\/v2\/categories?post=52269"},{"taxonomy":"post_tag","embeddable":true,"href":"http:\/\/hoycordobaweb.com\/index.php\/wp-json\/wp\/v2\/tags?post=52269"}],"curies":[{"name":"wp","href":"https:\/\/api.w.org\/{rel}","templated":true}]}}