{"id":52263,"date":"2022-12-07T06:20:37","date_gmt":"2022-12-07T06:20:37","guid":{"rendered":"https:\/\/www.mujerhoy.com\/moda\/no-te-pierdas\/bolso-parfois-barato-francesas-look-fiesta-20221207072012-nt.html"},"modified":"2022-12-07T06:20:37","modified_gmt":"2022-12-07T06:20:37","slug":"el-bolso-de-parfois-que-adoran-las-francesas-y-que-es-el-complemento-perfecto-y-low-cost-para-tu-look-de-fiesta","status":"publish","type":"post","link":"http:\/\/hoycordobaweb.com\/index.php\/2022\/12\/07\/el-bolso-de-parfois-que-adoran-las-francesas-y-que-es-el-complemento-perfecto-y-low-cost-para-tu-look-de-fiesta\/","title":{"rendered":"El bolso de Parfois que adoran las francesas y que es el complemento perfecto (y low cost) para tu look de fiesta"},"content":{"rendered":"<p><!-- AUTHOR --><\/p>\n<div class=\"voc-author-timesocial \"><!-- AUTHOR --><\/p>\n<div class=\"voc-author-timesocial__signature\"><!-- IMAGE AUTHOR --><picture class=\"voc-image-signature\"><img class=\"voc-image-signature__img\" src=\"http:\/\/hoycordobaweb.com\/wp-content\/uploads\/2022\/12\/el-bolso-de-parfois-que-adoran-las-francesas-y-que-es-el-complemento-perfecto-y-low-cost-para-tu-look-de-fiesta.jpg\" alt=\"Raquel Rodr\u00edguez\"><\/picture><!-- INFO AUTHOR --><\/div>\n<\/div>\n<p><!-- COMPONENTS --><\/p>\n<p class=\"voc-paragraph\">\u00bfAmamos el estilo de las francesas? Amamos el estilo de las francesas. Y es por ello que no dudamos en compartir algunos de los trucos a los que recurren y las prendas que m\u00e1s usan. Entre lo \u00faltimo que hemos descubierto, est\u00e1n <a data-voc-vtm-id=\"in-text-traffic\" href=\"https:\/\/www.mujerhoy.com\/belleza\/tratamientos\/seis-perfumes-seductores-duraderos-huelen-genial-enamoraras-durante-las-fiestas-20221119140514-nt.html\">los perfumes favoritos<\/a> de ellas, <a data-voc-vtm-id=\"in-text-traffic\" href=\"https:\/\/www.mujerhoy.com\/moda\/no-te-pierdas\/vestido-punto-firma-francesa-asequible-rejuvenece-favorece-look-ponible-comodo-20221102130341-nt.html\">un vestido de punto<\/a> ideal y, por su puesto, el <strong>bolso<\/strong>.\n<\/p>\n<p class=\"voc-paragraph\">Este accesorio tan imprescindible y que tanto servicio nos hace es un &#8216;must have&#8217; del estilo de las francesas es tambi\u00e9n uno muy f\u00e1cil de copiar. Y durante esta temporada hemos descubierto opciones de lo m\u00e1s interesantes. \u00bfLa favorita? <a data-voc-vtm-id=\"in-text-traffic\" href=\"https:\/\/www.mujerhoy.com\/moda\/no-te-pierdas\/bolso-negro-comodo-practico-ponible-favorito-parisinas-triunfa-influencers-20221122124252-nt.html\">Este modelo negro <\/a>que pega con todo y que tambi\u00e9n arrasa entre las influencers espa\u00f1olas.\n<\/p>\n<p class=\"voc-paragraph\">Sin embargo, es un bolso de lujo que su precio supera las tres cifras y que no es apto para todo tipo de bolsillos. Por ello, hoy te traemos un dise\u00f1o much\u00edsimo m\u00e1s asequible y que nos encanta porque, adem\u00e1s de estar inspirado en el estilo parisino, es ideal para las fiestas.\n<\/p>\n<p class=\"voc-paragraph\">Se trata de un bolso de <strong>Parfois<\/strong>, la firma de complementos que arrasa y que se encuentra inmersa en \u00abBe Earth\u00bb, el programa sostenible de Parfois para reducir la huella ambiental y aumentar el impacto socialmente positivo para 2023 y 2024.\n<\/p>\n<p class=\"voc-paragraph\">Parfois est\u00e1 triunfando con sus novedades (hasta ha sacado a la venta una colecci\u00f3n de art\u00edculos de decoraci\u00f3n) y todo ello combinado con un modelo de negocio m\u00e1s sostenible, un consumo de energ\u00eda totalmente verde o un 90% de reciclaje de residuos para 2023, entre otras cosas.\n<\/p>\n<div class=\"voc-detail__cmp\">\n<div class=\"voc-article-container\">\n<article class=\"voc-article voc-article--cmp-photo-text\" readability=\"26\">\n<div class=\"voc-img-container\" readability=\"7\"><picture>\n<div class=\"voc-horizontal voc-img-icon-link\"><img class=\"lazy\" loading=\"lazy\" data-original=\"\/\/static1.mujerhoy.com\/www\/multimedia\/202212\/05\/media\/cortadas\/bolso-terciopelo-parfois-k5jB--624x624@MujerHoy.png\" alt=\"El bolso de Parfois est\u00e1 disponible en verde y negro.\"><\/div>\n<\/picture>\n<p class=\"figure-caption \"> El bolso de Parfois est\u00e1 disponible en verde y negro. <span class=\"voc-photo-author\"><\/span><\/p>\n<\/div>\n<\/article>\n<\/div>\n<\/div>\n<p class=\"voc-paragraph\">Y de estas novedades, nuestra favorita es el bolso que queremos compartir contigo hoy. Un modelo tipo bandolera que est\u00e1 confeccionado en <strong>terciopelo <\/strong>y que tiene un precio asequible que merece mucho la pena.\n<\/p>\n<p class=\"voc-paragraph\">Es un dise\u00f1o r\u00edgido, de forma rectangular redondeada y que est\u00e1 adornado con el detalle del charm de mariquita con cristales. Lleva el asa de cadena y lo mejor de todo es que cuesta tan solo <strong>19,99 euros<\/strong>. Un precio asequible para un bolso joya al que puedes dar mucho uso.\n<\/p>\n<div class=\"voc-detail__cmp\">\n<div class=\"voc-article-container\">\n<article class=\"voc-article voc-article--cmp-photo-text\" readability=\"26\">\n<div class=\"voc-img-container\" readability=\"7\"><picture>\n<div class=\"voc-horizontal voc-img-icon-link\"><img class=\"lazy\" loading=\"lazy\" data-original=\"\/\/static2.mujerhoy.com\/www\/multimedia\/202212\/05\/media\/cortadas\/bolso-fiesta-barato-k5jB--624x624@MujerHoy.png\" alt=\"El bolso naranja de Parfois.\"><\/div>\n<\/picture>\n<p class=\"figure-caption \"> El bolso naranja de Parfois. <span class=\"voc-photo-author\"><\/span><\/p>\n<\/div>\n<\/article>\n<\/div>\n<\/div>\n<p class=\"voc-paragraph\">Adem\u00e1s, est\u00e1 disponible en tres colores diferentes. En negro, para las que prefieren la opci\u00f3n m\u00e1s ponible y m\u00e1s combinable; en un verde botella muy navide\u00f1o, ideal para aportar un toque de color, pero manteniendo la elegancia; y en naranja, para las que les gustan los accesorios llamativos.\n<\/p>\n<p class=\"voc-paragraph\">Y es un bolso que forma parte de City Edition, una colecci\u00f3n c\u00e1psula que ha lanzado recientemente Parfois a la venta y que est\u00e1 ambienta y fotografiada en Par\u00eds. Por ello, decimos que es un accesorio que mantiene ese estilo parisino y del que se van a enamorar las francesa.\n<\/p>\n<p class=\"voc-paragraph\">Adem\u00e1s, es un complemento perfecto para dar un toque sofisticado al look de fiesta que hayas escogido para la \u00e9poca navide\u00f1a. Ya sabes, el terciopelo es un tejido ideal para esta temporada. Sin embargo, es un bolso que podr\u00e1s lucir tambi\u00e9n con looks de diario para aportar un detalle especial.\n<\/p>\n<p><!-- TOPICS --><\/p>\n","protected":false},"excerpt":{"rendered":"<p>\u00bfAmamos el estilo de las francesas? Amamos el estilo de las francesas. Y es por ello que no dudamos en compartir algunos de los trucos a los que recurren y las prendas que m\u00e1s usan. Entre lo \u00faltimo que hemos descubierto, est\u00e1n los perfumes favoritos de ellas, un vestido de punto ideal y, por su [&hellip;]<\/p>\n","protected":false},"author":1,"featured_media":52264,"comment_status":"closed","ping_status":"closed","sticky":false,"template":"","format":"standard","meta":[],"categories":[1],"tags":[],"_links":{"self":[{"href":"http:\/\/hoycordobaweb.com\/index.php\/wp-json\/wp\/v2\/posts\/52263"}],"collection":[{"href":"http:\/\/hoycordobaweb.com\/index.php\/wp-json\/wp\/v2\/posts"}],"about":[{"href":"http:\/\/hoycordobaweb.com\/index.php\/wp-json\/wp\/v2\/types\/post"}],"author":[{"embeddable":true,"href":"http:\/\/hoycordobaweb.com\/index.php\/wp-json\/wp\/v2\/users\/1"}],"replies":[{"embeddable":true,"href":"http:\/\/hoycordobaweb.com\/index.php\/wp-json\/wp\/v2\/comments?post=52263"}],"version-history":[{"count":0,"href":"http:\/\/hoycordobaweb.com\/index.php\/wp-json\/wp\/v2\/posts\/52263\/revisions"}],"wp:featuredmedia":[{"embeddable":true,"href":"http:\/\/hoycordobaweb.com\/index.php\/wp-json\/wp\/v2\/media\/52264"}],"wp:attachment":[{"href":"http:\/\/hoycordobaweb.com\/index.php\/wp-json\/wp\/v2\/media?parent=52263"}],"wp:term":[{"taxonomy":"category","embeddable":true,"href":"http:\/\/hoycordobaweb.com\/index.php\/wp-json\/wp\/v2\/categories?post=52263"},{"taxonomy":"post_tag","embeddable":true,"href":"http:\/\/hoycordobaweb.com\/index.php\/wp-json\/wp\/v2\/tags?post=52263"}],"curies":[{"name":"wp","href":"https:\/\/api.w.org\/{rel}","templated":true}]}}