{"id":52228,"date":"2022-12-06T22:55:00","date_gmt":"2022-12-06T22:55:00","guid":{"rendered":"http:\/\/hoycordobaweb.com\/index.php\/2022\/12\/06\/santos-no-hay-ningun-problema-con-cristiano-ronaldo\/"},"modified":"2022-12-06T22:55:00","modified_gmt":"2022-12-06T22:55:00","slug":"santos-no-hay-ningun-problema-con-cristiano-ronaldo","status":"publish","type":"post","link":"http:\/\/hoycordobaweb.com\/index.php\/2022\/12\/06\/santos-no-hay-ningun-problema-con-cristiano-ronaldo\/","title":{"rendered":"Santos: \u00abNo hay ning\u00fan problema con Cristiano Ronaldo\u00bb"},"content":{"rendered":"<p><img src=\"http:\/\/hoycordobaweb.com\/wp-content\/uploads\/2022\/12\/santos-no-hay-ningun-problema-con-cristiano-ronaldo.jpg\"><\/p>\n<figure class=\"mb-3\"><img loading=\"lazy\" src=\"http:\/\/hoycordobaweb.com\/wp-content\/uploads\/2022\/12\/santos-no-hay-ningun-problema-con-cristiano-ronaldo-2.jpg\" width=\"100%\" height=\"100%\" alt=\"Foto Maximiliano Luna enviado especial\"><figcaption> Foto: Maximiliano Luna, enviado especial. <\/figcaption><\/figure>\n<p>Fernando Santos, el entrenador del seleccionado de Portugal, aclar\u00f3 este martes que no tiene \u00abning\u00fan problema\u00bb con Cristiano Ronaldo, quien arranc\u00f3 la goleada sobre Suiza por 6-1 en el banco de suplentes, y asegur\u00f3 que es un \u00abejemplo como capit\u00e1n\u00bb.<\/p>\n<p>En la conferencia de prensa posterior a la clasificaci\u00f3n a los cuartos de final del Mundial de Qatar 2022, Santos afirm\u00f3 que Ronaldo es un \u00abejemplo\u00bb y aclar\u00f3 que<strong> tiene una relaci\u00f3n \u00abmuy cercana\u00bb con el capit\u00e1n luso.<\/strong><\/p>\n<p>\u00abCristiano y Ramos son dos jugadores diferentes. No hay ning\u00fan problema con \u00e9l\u00bb, insisti\u00f3 Santos.<\/p>\n<p><strong>\u00abEs un ejemplo como mejor jugador del mundo, como profesional y como capit\u00e1n. Este es un colectivo y Cristiano seguir\u00e1 siendo un jugador important\u00edsimo para nosotros<\/strong>\u00ab, remarc\u00f3 el experimentado DT.<\/p>\n<p>Sobre Goncalo Ramos, quien hab\u00eda jugado apenas 3 minutos contra Ghana y otros 9 ante Uruguay y este martes debut\u00f3 desde el inicio con un triplete, Santos se\u00f1al\u00f3 que es un \u00abjugador din\u00e1mico\u00bb y en el que tiene \u00abmucha confianza\u00bb depositada.<\/p>\n<p>Tambi\u00e9n se refiri\u00f3 a Marruecos, el rival del pr\u00f3ximo s\u00e1bado, al que consider\u00f3 un equipo \u00abduro\u00bb que elimin\u00f3 a un \u00abfavorito\u00bb como Espa\u00f1a y record\u00f3 que ambos se cruzaron en la fase de grupos de Rusia 2018 con un triunfo luso por la m\u00ednima. <\/p>\n","protected":false},"excerpt":{"rendered":"<p>Foto: Maximiliano Luna, enviado especial. Fernando Santos, el entrenador del seleccionado de Portugal, aclar\u00f3 este martes que no tiene \u00abning\u00fan problema\u00bb con Cristiano Ronaldo, quien arranc\u00f3 la goleada sobre Suiza por 6-1 en el banco de suplentes, y asegur\u00f3 que es un \u00abejemplo como capit\u00e1n\u00bb. En la conferencia de prensa posterior a la clasificaci\u00f3n a [&hellip;]<\/p>\n","protected":false},"author":1,"featured_media":52229,"comment_status":"open","ping_status":"closed","sticky":false,"template":"","format":"standard","meta":[],"categories":[16],"tags":[],"_links":{"self":[{"href":"http:\/\/hoycordobaweb.com\/index.php\/wp-json\/wp\/v2\/posts\/52228"}],"collection":[{"href":"http:\/\/hoycordobaweb.com\/index.php\/wp-json\/wp\/v2\/posts"}],"about":[{"href":"http:\/\/hoycordobaweb.com\/index.php\/wp-json\/wp\/v2\/types\/post"}],"author":[{"embeddable":true,"href":"http:\/\/hoycordobaweb.com\/index.php\/wp-json\/wp\/v2\/users\/1"}],"replies":[{"embeddable":true,"href":"http:\/\/hoycordobaweb.com\/index.php\/wp-json\/wp\/v2\/comments?post=52228"}],"version-history":[{"count":0,"href":"http:\/\/hoycordobaweb.com\/index.php\/wp-json\/wp\/v2\/posts\/52228\/revisions"}],"wp:featuredmedia":[{"embeddable":true,"href":"http:\/\/hoycordobaweb.com\/index.php\/wp-json\/wp\/v2\/media\/52229"}],"wp:attachment":[{"href":"http:\/\/hoycordobaweb.com\/index.php\/wp-json\/wp\/v2\/media?parent=52228"}],"wp:term":[{"taxonomy":"category","embeddable":true,"href":"http:\/\/hoycordobaweb.com\/index.php\/wp-json\/wp\/v2\/categories?post=52228"},{"taxonomy":"post_tag","embeddable":true,"href":"http:\/\/hoycordobaweb.com\/index.php\/wp-json\/wp\/v2\/tags?post=52228"}],"curies":[{"name":"wp","href":"https:\/\/api.w.org\/{rel}","templated":true}]}}