{"id":52194,"date":"2022-12-05T15:52:10","date_gmt":"2022-12-05T15:52:10","guid":{"rendered":"https:\/\/ladecimaweb.com\/?p=15328"},"modified":"2022-12-05T15:52:10","modified_gmt":"2022-12-05T15:52:10","slug":"aguas-cordobesas-recomienda-extremar-la-reserva-de-los-tanques-por-trabajos","status":"publish","type":"post","link":"http:\/\/hoycordobaweb.com\/index.php\/2022\/12\/05\/aguas-cordobesas-recomienda-extremar-la-reserva-de-los-tanques-por-trabajos\/","title":{"rendered":"Aguas Cordobesas recomienda extremar la reserva de los tanques por trabajos"},"content":{"rendered":"<div class=\"boldgrid-section\">\n<div class=\"container\">\n<div class=\"row\">\n<div class=\"col-md-12 col-xs-12 col-sm-12\">\n<div class=\"copete\">\n<p class=\"\">La empresa del servicio de agua potable Aguas Cordobesas informa que este 6 de diciembre se llevar\u00e1 a cabo &#8220;la renovaci\u00f3n de una v\u00e1lvula y la colocaci\u00f3n de una nueva, en la esquina de calles Bogot\u00e1 y Chiclayo&#8221;.<\/p>\n<p class=\"\">Indica que &#8220;estas tareas permitir\u00e1n mejorar la distribuci\u00f3n de caudales de la Estaci\u00f3n Elevadora de Presi\u00f3n Villa El Libertador&#8221;.<\/p>\n<\/div>\n<div class=\"post-description\">\n<p class=\"\">Explica que &#8220;los trabajos se realizar\u00e1n desde las 5:00 hasta las 13:00 horas y no generar\u00e1n ning\u00fan impacto en el servicio a los clientes que posean el tanque de reserva domiciliario correspondiente y hagan un uso racional del agua mientras duren las mismas&#8221;. Y agrega que &#8220;una vez culminados los trabajos, el suministro comenzar\u00e1 a restablecerse de manera paulatina y se encontrar\u00e1 completamente normalizado en horas de la noche del mismo d\u00eda&#8221;.<\/p>\n<p class=\"\"><strong>La empresa solicita a los <\/strong><strong>clientes de los barrios<span>&nbsp;<\/span><\/strong>CARBO, COMERCIAL, EL CABILDO, LAS HUERTILLAS, LOS OLMOS SUD, MIRIZI, NUESTRO HOGAR III, OBISPO ANGELELLI, SANTA ISABEL 2A SECCI\u00d3N, SANTA ROSA RESIDENCIAL, VALLE CERCANO, VILLA EL LIBERTADOR:<\/p>\n<ul class=\"\">\n<li>Extremar el cuidado de la reserva de sus tanques de agua apta para consumo, utiliz\u00e1ndola para las actividades b\u00e1sicas de higiene, bebida y alimentaci\u00f3n.<\/li>\n<li>Constatar que sus tanques se encuentren llenos al momento del inicio del operativo.<\/li>\n<li>Recordar que las&nbsp;reservas domiciliarias permiten afrontar eventos de estas caracter\u00edsticas de hasta 24 horas, siempre que se haga un uso racional del agua.<\/li>\n<\/ul>\n<p>Para m\u00e1s informaci\u00f3n pueden:<\/p>\n<ul>\n<li>Recibir informaci\u00f3n actualizada sobre el servicio&nbsp;<a href=\"https:\/\/www.aguascordobesas.com.ar\/CanalNoticias\/DetalleNoticia\/337\/ahora-tambien-podes-pagar-el-agua-desde-la-app\" target=\"_blank\" rel=\"noopener noreferrer\"><strong>descargando aqu\u00ed la APP de Aguas Cordobesas<\/strong><\/a>.<\/li>\n<li>Conocer el sector alcanzado por los trabajos ingresando al plano,<span>&nbsp;<\/span><a href=\"https:\/\/www.aguascordobesas.com.ar\/DescargarFileBiblioteca\/1093\/6af9ea9c84267d57009034ffe2d7ccc3\">haciendo click aqu\u00ed.<\/a><\/li>\n<li>Comunicarse en forma gratuita al 0800 800 2482<\/li>\n<\/ul>\n<div class=\"ubm_banner\"><a href=\"https:\/\/www.cba.gov.ar\" target=\"_blank\" rel=\"dofollow noopener noreferrer\"><img src=\"http:\/\/hoycordobaweb.com\/wp-content\/uploads\/2022\/12\/aguas-cordobesas-recomienda-extremar-la-reserva-de-los-tanques-por-trabajos.gif\" alt=\"\"><\/a><\/div>\n<\/div>\n<\/div>\n<\/div>\n<\/div>\n<\/div>\n<p>La entrada <a rel=\"nofollow\" href=\"https:\/\/ladecimaweb.com\/aguas-cordobesas-extremar-la-reserva-de-los-tanques-por-trabajos\/\">Aguas Cordobesas recomienda extremar la reserva de los tanques por trabajos<\/a> se public\u00f3 primero en <a rel=\"nofollow\" href=\"https:\/\/ladecimaweb.com\">LaDecima<\/a>.<\/p>\n","protected":false},"excerpt":{"rendered":"<p>La empresa del servicio de agua potable Aguas Cordobesas informa que este 6 de diciembre se llevar\u00e1 a cabo &#8220;la renovaci\u00f3n de una v\u00e1lvula y la colocaci\u00f3n de una nueva, en la esquina de calles Bogot\u00e1 y Chiclayo&#8221;. Indica que &#8220;estas tareas permitir\u00e1n mejorar la distribuci\u00f3n de caudales de la Estaci\u00f3n Elevadora de Presi\u00f3n Villa [&hellip;]<\/p>\n","protected":false},"author":1,"featured_media":52195,"comment_status":"closed","ping_status":"closed","sticky":false,"template":"","format":"standard","meta":[],"categories":[19],"tags":[],"_links":{"self":[{"href":"http:\/\/hoycordobaweb.com\/index.php\/wp-json\/wp\/v2\/posts\/52194"}],"collection":[{"href":"http:\/\/hoycordobaweb.com\/index.php\/wp-json\/wp\/v2\/posts"}],"about":[{"href":"http:\/\/hoycordobaweb.com\/index.php\/wp-json\/wp\/v2\/types\/post"}],"author":[{"embeddable":true,"href":"http:\/\/hoycordobaweb.com\/index.php\/wp-json\/wp\/v2\/users\/1"}],"replies":[{"embeddable":true,"href":"http:\/\/hoycordobaweb.com\/index.php\/wp-json\/wp\/v2\/comments?post=52194"}],"version-history":[{"count":0,"href":"http:\/\/hoycordobaweb.com\/index.php\/wp-json\/wp\/v2\/posts\/52194\/revisions"}],"wp:featuredmedia":[{"embeddable":true,"href":"http:\/\/hoycordobaweb.com\/index.php\/wp-json\/wp\/v2\/media\/52195"}],"wp:attachment":[{"href":"http:\/\/hoycordobaweb.com\/index.php\/wp-json\/wp\/v2\/media?parent=52194"}],"wp:term":[{"taxonomy":"category","embeddable":true,"href":"http:\/\/hoycordobaweb.com\/index.php\/wp-json\/wp\/v2\/categories?post=52194"},{"taxonomy":"post_tag","embeddable":true,"href":"http:\/\/hoycordobaweb.com\/index.php\/wp-json\/wp\/v2\/tags?post=52194"}],"curies":[{"name":"wp","href":"https:\/\/api.w.org\/{rel}","templated":true}]}}