{"id":52159,"date":"2022-12-04T17:57:49","date_gmt":"2022-12-04T17:57:49","guid":{"rendered":"https:\/\/www.ole.com.ar\/ecuador\/qatar-2022\/seleccion-uruguay-diego-alonso-continuidad-marcelo-bielsa_0_ff68X3jBYg.html"},"modified":"2022-12-04T17:57:49","modified_gmt":"2022-12-04T17:57:49","slug":"en-uruguay-suena-bielsa-pero-alonso-podria-continuar","status":"publish","type":"post","link":"http:\/\/hoycordobaweb.com\/index.php\/2022\/12\/04\/en-uruguay-suena-bielsa-pero-alonso-podria-continuar\/","title":{"rendered":"En Uruguay suena Bielsa, pero Alonso podr\u00eda continuar"},"content":{"rendered":"<p><img src=\"http:\/\/hoycordobaweb.com\/wp-content\/uploads\/2022\/12\/en-uruguay-suena-bielsa-pero-alonso-podria-continuar.jpg\"><\/p>\n<div><img src=\"http:\/\/hoycordobaweb.com\/wp-content\/uploads\/2022\/12\/en-uruguay-suena-bielsa-pero-alonso-podria-continuar.jpg\" class=\"ff-og-image-inserted\"><\/div>\n<div readability=\"38\">\n<p>\u00abNo es momento de hacer evaluaciones y de hablar del futuro\u00bb, dec\u00eda Diego Alonso apenas se concret\u00f3 la eliminaci\u00f3n de Uruguay en el Mundial de Qatar. No estaba como para responder sobre su futuro cuando todav\u00eda estaba masticando bronca por no haber logrado el pase a octavos. Pero hab\u00eda una realidad: su contrato con la Celeste finaliz\u00f3 en el momento en que se termin\u00f3 la estad\u00eda de su selecci\u00f3n en Qatar. Enseguida apareci\u00f3 en los medios el nombre de Marcelo Bielsa para ser su reemplazante, sin embargo, desde la Asociaci\u00f3n Uruguaya de F\u00fatbol buscan convencer a Alonso para que siga en el cargo.<\/p>\n<\/div>\n<div readability=\"40\">\n<p>Alonso asumi\u00f3 en el cargo en enero de este a\u00f1o tras la salida de Oscar Tab\u00e1rez y dirigi\u00f3 a Uruguay en 12 partidos -incluyendo cinco amistosos- con 8 victorias, 2 empates y 2 derrotas. En encuentros oficiales, estuvo al mando en siete oportunidades con cinco triunfos, una ca\u00edda y una igualdad: 16 puntos en 22 jugados. Cuando agarr\u00f3, la Celeste estaba en una situaci\u00f3n complicada: marchaba en el s\u00e9ptimo puesto de las Eliminatorias con chances de no conseguir el pase, pero consigui\u00f3 el objetivo y se subi\u00f3 al avi\u00f3n rumbo a Qatar.<\/p>\n<\/div>\n<div readability=\"37\">\n<p>Si bien desde la AUF quieren que siga al frente del proyecto de selecciones (y ya se lo hicieron saber), el Tornado es quien debe dar una respuesta y definir sus objetivos personales. Al entrenador de 47 a\u00f1os le gusta el contacto el d\u00eda a d\u00eda con los jugadores en el campo, algo que no va de la mano con los tiempos de selecciones. Y este ser\u00eda un buen momento para dar un salto en su carrera.<\/p>\n<\/div>\n<div readability=\"34\">\n<p>La prioridad de Uruguay es convencer a Alonso para que se quede. Si no lo consiguen, el nombre de Bielsa aparece en carpeta.<\/p>\n<\/div>\n","protected":false},"excerpt":{"rendered":"<p>\u00abNo es momento de hacer evaluaciones y de hablar del futuro\u00bb, dec\u00eda Diego Alonso apenas se concret\u00f3 la eliminaci\u00f3n de Uruguay en el Mundial de Qatar. No estaba como para responder sobre su futuro cuando todav\u00eda estaba masticando bronca por no haber logrado el pase a octavos. Pero hab\u00eda una realidad: su contrato con la [&hellip;]<\/p>\n","protected":false},"author":1,"featured_media":52160,"comment_status":"open","ping_status":"closed","sticky":false,"template":"","format":"standard","meta":[],"categories":[16],"tags":[],"_links":{"self":[{"href":"http:\/\/hoycordobaweb.com\/index.php\/wp-json\/wp\/v2\/posts\/52159"}],"collection":[{"href":"http:\/\/hoycordobaweb.com\/index.php\/wp-json\/wp\/v2\/posts"}],"about":[{"href":"http:\/\/hoycordobaweb.com\/index.php\/wp-json\/wp\/v2\/types\/post"}],"author":[{"embeddable":true,"href":"http:\/\/hoycordobaweb.com\/index.php\/wp-json\/wp\/v2\/users\/1"}],"replies":[{"embeddable":true,"href":"http:\/\/hoycordobaweb.com\/index.php\/wp-json\/wp\/v2\/comments?post=52159"}],"version-history":[{"count":0,"href":"http:\/\/hoycordobaweb.com\/index.php\/wp-json\/wp\/v2\/posts\/52159\/revisions"}],"wp:featuredmedia":[{"embeddable":true,"href":"http:\/\/hoycordobaweb.com\/index.php\/wp-json\/wp\/v2\/media\/52160"}],"wp:attachment":[{"href":"http:\/\/hoycordobaweb.com\/index.php\/wp-json\/wp\/v2\/media?parent=52159"}],"wp:term":[{"taxonomy":"category","embeddable":true,"href":"http:\/\/hoycordobaweb.com\/index.php\/wp-json\/wp\/v2\/categories?post=52159"},{"taxonomy":"post_tag","embeddable":true,"href":"http:\/\/hoycordobaweb.com\/index.php\/wp-json\/wp\/v2\/tags?post=52159"}],"curies":[{"name":"wp","href":"https:\/\/api.w.org\/{rel}","templated":true}]}}