{"id":52153,"date":"2022-12-05T01:56:28","date_gmt":"2022-12-05T01:56:28","guid":{"rendered":"https:\/\/www.ole.com.ar\/futbol-internacional\/brasil-pele-covid-enfermedad_0_InKhn7DMv8.html"},"modified":"2022-12-05T01:56:28","modified_gmt":"2022-12-05T01:56:28","slug":"pele-tuvo-covid-pero-las-hijas-dieron-tranquilidad","status":"publish","type":"post","link":"http:\/\/hoycordobaweb.com\/index.php\/2022\/12\/05\/pele-tuvo-covid-pero-las-hijas-dieron-tranquilidad\/","title":{"rendered":"Pel\u00e9 tuvo Covid pero las hijas dieron tranquilidad"},"content":{"rendered":"<p><img src=\"http:\/\/hoycordobaweb.com\/wp-content\/uploads\/2022\/12\/pele-tuvo-covid-pero-las-hijas-dieron-tranquilidad.jpg\"><\/p>\n<div class=\"custom-text \" readability=\"29.764542936288\">\n<p>El Planeta F\u00fatbol se preocup\u00f3 esta semana por una informaci\u00f3n de un medio de San Pablo que anunci\u00f3 que <a href=\"https:\/\/www.ole.com.ar\/tema\/pele.html\" target=\"_blank\" rel=\"noopener noreferrer\"><strong>Pel\u00e9<\/strong> <\/a>estaba en cuidados paliativos. <a href=\"https:\/\/www.ole.com.ar\/ecuador\/qatar-2022\/pele-mensaje-tranquilizador-posteo-redes-estado-de-salud-brasil_0_51umhHICfT.html\" target=\"_blank\" rel=\"noopener noreferrer\">O&#8217;Rei dio tranquilidad con un posteo en Instagram<\/a> y este domingo dos de sus hijas salieron al aire por la TV para aportar claridad. <strong>Aunque hubo un dato que no se sab\u00eda: el tres veces campe\u00f3n del mundo tuvo Covid-19. <\/strong><\/p>\n<\/div>\n<div class=\"custom-text \" readability=\"43\">\n<p>\u00abHace unas tres semanas se contagi\u00f3 de Covid. Est\u00e1 vacunado, con todas las dosis, pero por la medicaci\u00f3n contra el c\u00e1ncer, la quimioterapia, que es fr\u00e1gil, le dio una infecci\u00f3n pulmonar. <strong>Por eso fue al hospital, por la infecci\u00f3n pulmonar. \u00bfEs eso serio? Es grave, porque tiene cierta edad, est\u00e1 en tratamiento contra el c\u00e1ncer\u00bb<\/strong> dijo Kelly.<\/p>\n<\/div>\n<div class=\"custom-text \" readability=\"38\">\n<p><strong>\u00abEn el hospital est\u00e1 mejor asistido.<\/strong> Pero no est\u00e1 en terapia intensiva, est\u00e1 en una habitaci\u00f3n normal. As\u00ed que no est\u00e1 en riesgo. Como persona con una salud m\u00e1s delicada, es mejor estar en el hospital\u00bb, agreg\u00f3 Fl\u00e1via, hermana de Kelly.<\/p>\n<\/div>\n<div class=\"sc-b8e659bf-0 gCuBvW\"><img alt=\"Hinchas del Santos hacen una vigilia en el hospital en el que est\u00e1 internado Pel\u00e9 (EFE). \" srcset=\"http:\/\/hoycordobaweb.com\/wp-content\/uploads\/2022\/12\/pele-tuvo-covid-pero-las-hijas-dieron-tranquilidad-2.jpg 1x, http:\/\/hoycordobaweb.com\/wp-content\/uploads\/2022\/12\/pele-tuvo-covid-pero-las-hijas-dieron-tranquilidad-2.jpg 2x\" src=\"http:\/\/hoycordobaweb.com\/wp-content\/uploads\/2022\/12\/pele-tuvo-covid-pero-las-hijas-dieron-tranquilidad-2.jpg\" width=\"720\" height=\"0\" decoding=\"async\" data-nimg=\"future\" loading=\"lazy\"><span>Hinchas del Santos hacen una vigilia en el hospital en el que est\u00e1 internado Pel\u00e9 (EFE). <\/span><\/div>\n<div class=\"custom-text \" readability=\"41\">\n<p><strong>\u00abEs muy injusto empezar a hablar de que est\u00e1 en estado terminal, <\/strong>con tratamiento paliativo. No es eso. Cr\u00e9enos. M\u00e1s que nadie, no queremos que llegue ese momento. Por supuesto, un d\u00eda suceder\u00e1, pero no es ahora, no es necesario estar en esa alarma anticipando una situaci\u00f3n que ahora no existe\u00bb, afirm\u00f3 Fl\u00e1via.<\/p>\n<\/div>\n<div class=\"custom-text \" readability=\"34\">\n<p>\u00abNo tiene dolor en ninguna parte. <strong>Este tipo de c\u00e1ncer no trae dolor<\/strong>. Solo aquellos que tienen c\u00e1ncer de huesos tienen dolor. Lo tiene en el colon\u00bb, agreg\u00f3.<\/p>\n<\/div>\n<div class=\"sc-e9a69009-0 cjEXLm\" readability=\"6\">\n<section readability=\"2\"><picture><img class=\"img\" src=\"http:\/\/hoycordobaweb.com\/wp-content\/uploads\/2022\/12\/pele-tuvo-covid-pero-las-hijas-dieron-tranquilidad-3.jpg\" alt=\"El deseo de Pedri para con Messi en una hipot\u00e9tica final del Mundial\" height=\"290\" width=\"290\" loading=\"lazy\"><\/picture>\n<p><span>Mir\u00e1 tambi\u00e9n<\/span><\/p>\n<hr>\n<h3>El deseo de Pedri para con Messi en una hipot\u00e9tica final del Mundial<\/h3>\n<\/p>\n<\/section>\n<\/div>\n<div class=\"custom-text \" readability=\"40\">\n<p><strong>\u00abLa gente me env\u00eda sus condolencias (en las redes sociales). Yo voy a colgar el tel\u00e9fono y no voy a contestar a nadie.<\/strong> Siento que tengo que responder a la gente. No para contarlo todo, sino para decir que no es as\u00ed. No estamos corriendo all\u00ed para decir adi\u00f3s. Nos turnamos, est\u00e1 enfermo, es viejo, pero est\u00e1 all\u00ed solo por una infecci\u00f3n pulmonar. <strong>Est\u00e1 tomando antibi\u00f3ticos y cuando mejore volver\u00e1 a casa. No se va a despedir en el hospital\u201d<\/strong>, cerr\u00f3 Kelly.<\/p>\n<\/div>\n<div class=\"sc-b8e659bf-0 gCuBvW\"><img alt=\"La vigilia de los hinchas del SAntos. \" srcset=\"http:\/\/hoycordobaweb.com\/wp-content\/uploads\/2022\/12\/pele-tuvo-covid-pero-las-hijas-dieron-tranquilidad-4.jpg 1x, http:\/\/hoycordobaweb.com\/wp-content\/uploads\/2022\/12\/pele-tuvo-covid-pero-las-hijas-dieron-tranquilidad-4.jpg 2x\" src=\"http:\/\/hoycordobaweb.com\/wp-content\/uploads\/2022\/12\/pele-tuvo-covid-pero-las-hijas-dieron-tranquilidad-4.jpg\" width=\"720\" height=\"0\" decoding=\"async\" data-nimg=\"future\" loading=\"lazy\"><span>La vigilia de los hinchas del SAntos. <\/span><\/div>\n<div class=\"sc-b8e659bf-0 gCuBvW\"><img alt=\"Los hinchas del Santos hacen una vigilia por Pel\u00e9.\" srcset=\"http:\/\/hoycordobaweb.com\/wp-content\/uploads\/2022\/12\/pele-tuvo-covid-pero-las-hijas-dieron-tranquilidad-5.jpg 1x, http:\/\/hoycordobaweb.com\/wp-content\/uploads\/2022\/12\/pele-tuvo-covid-pero-las-hijas-dieron-tranquilidad-5.jpg 2x\" src=\"http:\/\/hoycordobaweb.com\/wp-content\/uploads\/2022\/12\/pele-tuvo-covid-pero-las-hijas-dieron-tranquilidad-5.jpg\" width=\"720\" height=\"0\" decoding=\"async\" data-nimg=\"future\" loading=\"lazy\"><span>Los hinchas del Santos hacen una vigilia por Pel\u00e9.<\/span><\/div>\n<div class=\"sc-b8e659bf-0 gCuBvW\"><img alt=\"El apoyo de los hinchas a Pel\u00e9.\" srcset=\"http:\/\/hoycordobaweb.com\/wp-content\/uploads\/2022\/12\/pele-tuvo-covid-pero-las-hijas-dieron-tranquilidad-6.jpg 1x, http:\/\/hoycordobaweb.com\/wp-content\/uploads\/2022\/12\/pele-tuvo-covid-pero-las-hijas-dieron-tranquilidad-6.jpg 2x\" src=\"http:\/\/hoycordobaweb.com\/wp-content\/uploads\/2022\/12\/pele-tuvo-covid-pero-las-hijas-dieron-tranquilidad-6.jpg\" width=\"720\" height=\"0\" decoding=\"async\" data-nimg=\"future\" loading=\"lazy\"><span>El apoyo de los hinchas a Pel\u00e9.<\/span><\/div>\n","protected":false},"excerpt":{"rendered":"<p>El Planeta F\u00fatbol se preocup\u00f3 esta semana por una informaci\u00f3n de un medio de San Pablo que anunci\u00f3 que Pel\u00e9 estaba en cuidados paliativos. O&#8217;Rei dio tranquilidad con un posteo en Instagram y este domingo dos de sus hijas salieron al aire por la TV para aportar claridad. Aunque hubo un dato que no se [&hellip;]<\/p>\n","protected":false},"author":1,"featured_media":52154,"comment_status":"open","ping_status":"closed","sticky":false,"template":"","format":"standard","meta":[],"categories":[16],"tags":[],"_links":{"self":[{"href":"http:\/\/hoycordobaweb.com\/index.php\/wp-json\/wp\/v2\/posts\/52153"}],"collection":[{"href":"http:\/\/hoycordobaweb.com\/index.php\/wp-json\/wp\/v2\/posts"}],"about":[{"href":"http:\/\/hoycordobaweb.com\/index.php\/wp-json\/wp\/v2\/types\/post"}],"author":[{"embeddable":true,"href":"http:\/\/hoycordobaweb.com\/index.php\/wp-json\/wp\/v2\/users\/1"}],"replies":[{"embeddable":true,"href":"http:\/\/hoycordobaweb.com\/index.php\/wp-json\/wp\/v2\/comments?post=52153"}],"version-history":[{"count":0,"href":"http:\/\/hoycordobaweb.com\/index.php\/wp-json\/wp\/v2\/posts\/52153\/revisions"}],"wp:featuredmedia":[{"embeddable":true,"href":"http:\/\/hoycordobaweb.com\/index.php\/wp-json\/wp\/v2\/media\/52154"}],"wp:attachment":[{"href":"http:\/\/hoycordobaweb.com\/index.php\/wp-json\/wp\/v2\/media?parent=52153"}],"wp:term":[{"taxonomy":"category","embeddable":true,"href":"http:\/\/hoycordobaweb.com\/index.php\/wp-json\/wp\/v2\/categories?post=52153"},{"taxonomy":"post_tag","embeddable":true,"href":"http:\/\/hoycordobaweb.com\/index.php\/wp-json\/wp\/v2\/tags?post=52153"}],"curies":[{"name":"wp","href":"https:\/\/api.w.org\/{rel}","templated":true}]}}