{"id":52151,"date":"2022-12-05T04:29:24","date_gmt":"2022-12-05T04:29:24","guid":{"rendered":"https:\/\/www.ole.com.ar\/padel\/padel-belasteguin-campeon-premier-major-coello_0_9VHlGuERZ9.html"},"modified":"2022-12-05T04:29:24","modified_gmt":"2022-12-05T04:29:24","slug":"padel-el-inagotable-belasteguin-vuelve-a-hacerlo-para-el-titulo-230-de-su-carrera","status":"publish","type":"post","link":"http:\/\/hoycordobaweb.com\/index.php\/2022\/12\/05\/padel-el-inagotable-belasteguin-vuelve-a-hacerlo-para-el-titulo-230-de-su-carrera\/","title":{"rendered":"P\u00e1del: el inagotable Belastegu\u00edn vuelve a hacerlo para el t\u00edtulo 230 de su carrera"},"content":{"rendered":"<p><img src=\"http:\/\/hoycordobaweb.com\/wp-content\/uploads\/2022\/12\/padel-el-inagotable-belasteguin-vuelve-a-hacerlo-para-el-titulo-230-de-su-carrera.jpg\"><\/p>\n<div><img src=\"http:\/\/hoycordobaweb.com\/wp-content\/uploads\/2022\/12\/padel-el-inagotable-belasteguin-vuelve-a-hacerlo-para-el-titulo-230-de-su-carrera.jpg\" class=\"ff-og-image-inserted\"><\/div>\n<div class=\"custom-text \" readability=\"36\">\n<p>\u00bfHay que afrontar dos partidos con 120 minutos de descanso? \u00bfCon alta humedad despu\u00e9s de una semana de lluvias incesantes? <strong>En este juego de adaptarse a lo que toca, Fernando Belastegu\u00edn es el mejor.<\/strong> De su boca dif\u00edcilmente salga una excusa si de competir hablamos: el astro del p\u00e1del argentino gan\u00f3 el M\u00e9xico Major de Premier Padel junto con Arturo Coello.<\/p>\n<\/div>\n<div class=\"custom-text \" readability=\"36\">\n<p>El torneo disputado en el Estadio GNP del Club Sonoma (Monterrey) estuvo atravesado por las inclemencias meteorol\u00f3gicas, las cuales obligaron a suspender en reiteradas ocasiones la actividad programada. Por eso se lleg\u00f3 al domingo con la necesidad de realizar semifinales y final en la misma tarde.<\/p>\n<\/div>\n<div class=\"custom-text \" readability=\"36\">\n<p>En el primer turno, <strong>Belastegu\u00edn y Coello corrieron 1h57m dentro del veinte por diez para imponerse ante los f\u00e9rreos Coki Nieto y Mart\u00edn Di Nenno<\/strong> por 7-6 (5) y 6-4. Fue una oda a la paciencia y a la t\u00e1ctica: la pista a\u00fan estaba en modo &#8216;mirame y no me toques&#8217; producto de las lluvias lo que gener\u00f3 que deban trabajar cada punto hasta el hartazgo.<\/p>\n<\/div>\n<div class=\"custom-embedhtml\" readability=\"6.9545454545455\">\n<blockquote class=\"twitter-tweet\" readability=\"8.1818181818182\">\n<p lang=\"es\" dir=\"ltr\">Fernando Belastegu\u00edn vivi\u00f3 este momento 230 (doscientas treinta) veces en su carrera. Y a\u00fan as\u00ed, la pr\u00f3xima siempre ser\u00e1 la m\u00e1s especial<\/p>\n<p>Con 43 a\u00f1os se consagra en el <a href=\"https:\/\/twitter.com\/hashtag\/MexicoMajor?src=hash&amp;ref_src=twsrc%5Etfw\">#MexicoMajor<\/a> de Premier Padel. Leyenda \ud83d\udc10 <a href=\"https:\/\/t.co\/bnSzXyMcIS\">pic.twitter.com\/bnSzXyMcIS<\/a><\/p>\n<p>\u2014 VeinteDiez &#8211; PADEL (@VeinteDiez) <a href=\"https:\/\/twitter.com\/VeinteDiez\/status\/1599603980841418752?ref_src=twsrc%5Etfw\">December 5, 2022<\/a><\/p><\/blockquote><\/div>\n<div class=\"custom-text \" readability=\"42\">\n<p>Ducha, rueda de prensa, merienda, entrada en calor y a la pista nuevamente. Apenas dos horas pasaron entre el punto de la victoria en semifinales y el inicio de la entrada en calor para el match decisivo. Y ah\u00ed, sin peros ni porqu\u00e9s, enfrentaron a Agust\u00edn Tapia y Sanyo Guti\u00e9rrez, quienes en el primer turno del domingo hab\u00edan completado el tercer set de su victoria ante Javier Garrido y Federico Chingotto (6-2, 6-7 (8) y 7-5).<\/p>\n<\/div>\n<div class=\"custom-text \" readability=\"38\">\n<p><strong>En 1h39m, Bela&amp;Arturo sacaron adelante el partido por 6-3, 3-6 y 6-3<\/strong> para ser campeones por primera vez en Premier Padel (hab\u00edan sido finalistas del Mendoza P1) y por cuarta vez en la temporada tras los t\u00edtulos en Miami, Madrid y Amsterdam, todos ellos eventos de World Padel Tour.<\/p>\n<\/div>\n<div class=\"custom-embedhtml\" readability=\"7.5789473684211\">\n<blockquote class=\"twitter-tweet\" readability=\"9.2631578947368\">\n<p lang=\"es\" dir=\"ltr\">\ud83c\udfc6 Con nosotros, los campeones del <a href=\"https:\/\/twitter.com\/hashtag\/MexicoMajor?src=hash&amp;ref_src=twsrc%5Etfw\">#MexicoMajor<\/a>: Fernando Belastegu\u00edn y Arturo Coello<\/p>\n<p>En un lapso de seis horas ganaron semis (a Coki-Mart\u00edn) y final (a Tapia-Sanyo): 3h36m de p\u00e1del entre ambos partidos \ud83c\udd99<\/p>\n<p>Es el cuarto torneo de la temporada para ambos \ud83d\ude80 <a href=\"https:\/\/t.co\/luLcUL3EUd\">pic.twitter.com\/luLcUL3EUd<\/a><\/p>\n<p>\u2014 VeinteDiez &#8211; PADEL (@VeinteDiez) <a href=\"https:\/\/twitter.com\/VeinteDiez\/status\/1599596670269808641?ref_src=twsrc%5Etfw\">December 5, 2022<\/a><\/p><\/blockquote><\/div>\n<div class=\"custom-text \" readability=\"39\">\n<p><strong>Para el hombre de Pehuaj\u00f3 represent\u00f3 su campeonato n\u00famero 230 en 285 finales.<\/strong> Cifras que se dicen r\u00e1pido, pero visten de pie a cabeza a uno de los personajes (sino el) m\u00e1s laureados del deporte argentino. \u201cSiento que a\u00fan no termino de caer en todo lo que logr\u00e9. Ya estoy pensando en lo pr\u00f3ximo, en lo que viene. Una vez que decida retirarme, mirar\u00e9 atr\u00e1s y valorar\u00e9 todo\u201d, expres\u00f3 despu\u00e9s del encuentro.<\/p>\n<\/div>\n<div class=\"custom-text \" readability=\"34\">\n<p><strong>El siguiente desaf\u00edo ser\u00e1 el Mil\u00e1n P1<\/strong>, el octavo y \u00faltimo torneo de la temporada de Premier Padel. Comenzar\u00e1 este martes con su primera ronda y repartir\u00e1 250.000 euros en premios.<\/p>\n<\/div>\n","protected":false},"excerpt":{"rendered":"<p>\u00bfHay que afrontar dos partidos con 120 minutos de descanso? \u00bfCon alta humedad despu\u00e9s de una semana de lluvias incesantes? En este juego de adaptarse a lo que toca, Fernando Belastegu\u00edn es el mejor. De su boca dif\u00edcilmente salga una excusa si de competir hablamos: el astro del p\u00e1del argentino gan\u00f3 el M\u00e9xico Major de [&hellip;]<\/p>\n","protected":false},"author":1,"featured_media":52152,"comment_status":"open","ping_status":"closed","sticky":false,"template":"","format":"standard","meta":[],"categories":[16],"tags":[],"_links":{"self":[{"href":"http:\/\/hoycordobaweb.com\/index.php\/wp-json\/wp\/v2\/posts\/52151"}],"collection":[{"href":"http:\/\/hoycordobaweb.com\/index.php\/wp-json\/wp\/v2\/posts"}],"about":[{"href":"http:\/\/hoycordobaweb.com\/index.php\/wp-json\/wp\/v2\/types\/post"}],"author":[{"embeddable":true,"href":"http:\/\/hoycordobaweb.com\/index.php\/wp-json\/wp\/v2\/users\/1"}],"replies":[{"embeddable":true,"href":"http:\/\/hoycordobaweb.com\/index.php\/wp-json\/wp\/v2\/comments?post=52151"}],"version-history":[{"count":0,"href":"http:\/\/hoycordobaweb.com\/index.php\/wp-json\/wp\/v2\/posts\/52151\/revisions"}],"wp:featuredmedia":[{"embeddable":true,"href":"http:\/\/hoycordobaweb.com\/index.php\/wp-json\/wp\/v2\/media\/52152"}],"wp:attachment":[{"href":"http:\/\/hoycordobaweb.com\/index.php\/wp-json\/wp\/v2\/media?parent=52151"}],"wp:term":[{"taxonomy":"category","embeddable":true,"href":"http:\/\/hoycordobaweb.com\/index.php\/wp-json\/wp\/v2\/categories?post=52151"},{"taxonomy":"post_tag","embeddable":true,"href":"http:\/\/hoycordobaweb.com\/index.php\/wp-json\/wp\/v2\/tags?post=52151"}],"curies":[{"name":"wp","href":"https:\/\/api.w.org\/{rel}","templated":true}]}}