{"id":52141,"date":"2022-12-04T23:55:00","date_gmt":"2022-12-04T23:55:00","guid":{"rendered":"http:\/\/hoycordobaweb.com\/index.php\/2022\/12\/04\/miles-de-personas-se-manifestaron-contra-la-inflacion-y-la-represion-en-marruecos\/"},"modified":"2022-12-04T23:55:00","modified_gmt":"2022-12-04T23:55:00","slug":"miles-de-personas-se-manifestaron-contra-la-inflacion-y-la-represion-en-marruecos","status":"publish","type":"post","link":"http:\/\/hoycordobaweb.com\/index.php\/2022\/12\/04\/miles-de-personas-se-manifestaron-contra-la-inflacion-y-la-represion-en-marruecos\/","title":{"rendered":"Miles de personas se manifestaron contra la inflaci\u00f3n y la represi\u00f3n en Marruecos"},"content":{"rendered":"<p><img src=\"http:\/\/hoycordobaweb.com\/wp-content\/uploads\/2022\/12\/miles-de-personas-se-manifestaron-contra-la-inflacion-y-la-represion-en-marruecos.jpg\"><\/p>\n<figure class=\"mb-3\"><img loading=\"lazy\" src=\"http:\/\/hoycordobaweb.com\/wp-content\/uploads\/2022\/12\/miles-de-personas-se-manifestaron-contra-la-inflacion-y-la-represion-en-marruecos-2.jpg\" width=\"100%\" height=\"100%\" alt=\"Las protestas se realizaron en Rabat la capital marroqu Foto AFP\"><figcaption> Las protestas se realizaron en Rabat, la capital marroqu\u00ed. Foto: AFP <\/figcaption><\/figure>\n<p>Miles de marroqu\u00edes se manifestaron este domingo en Rabat, la capital de Marruecos, contra la \u00abvida cara y la represi\u00f3n\u00bb, en una protesta organizada por grupos de izquierda en un momento en que crece la indignaci\u00f3n en el pa\u00eds.<\/p>\n<p><strong>La protesta fue convocada principalmente por el Frente Social Marroqu\u00ed (FSM)<\/strong> -que agrupa a partidos de izquierda y organizaciones sindicales- <strong>bajo el lema \u00abTodos contra la carest\u00eda de la vida, la opresi\u00f3n y la represi\u00f3n\u00bb.<\/strong><\/p>\n<p>La convocatoria fue una de las m\u00e1s importantes de los \u00faltimos meses en el pa\u00eds, seg\u00fan la agencia de noticias AFP.<\/p>\n<p>La manifestaci\u00f3n cont\u00f3 con la participaci\u00f3n de movimientos sociales, pol\u00edticos y sindicales, inform\u00f3 el portal de noticias marroqu\u00ed Yabiladi.<\/p>\n<p>El FSM defendi\u00f3 la necesidad de \u00abprotestar contra lo que est\u00e1 viviendo el pueblo marroqu\u00ed en t\u00e9rminos de precios exorbitantes, represi\u00f3n sistem\u00e1tica y opresi\u00f3n social global\u00bb, recogi\u00f3 la agencia de noticias Europa Press.<\/p>\n<p><strong>\u00abEl pueblo quiere que bajen los precios, el pueblo quiere hacer caer el despotismo y la corrupci\u00f3n\u00bb<\/strong>, gritaron los manifestantes en contra de la administraci\u00f3n del Reino de Marruecos, conducido por el rey Mohamed VI y el primer ministro Aziz Ajanuch.<\/p>\n<blockquote class=\"twitter-tweet\" readability=\"4.3421052631579\">\n<p lang=\"es\" dir=\"ltr\">V\u00cdDEO I Miles de personas protestan en Rabat contra la inflaci\u00f3n y la represi\u00f3n. <a href=\"https:\/\/t.co\/8CmBG0NXIQ\">pic.twitter.com\/8CmBG0NXIQ<\/a><\/p>\n<p>\u2014 EFE Rabat (@eferabat) <a href=\"https:\/\/twitter.com\/eferabat\/status\/1599423024473681920?ref_src=twsrc%5Etfw\">December 4, 2022<\/a><\/p><\/blockquote>\n<p><strong>\u00abHemos venido a protestar contra un gobierno que representa el matrimonio entre el dinero y el poder y que apoya un capitalismo monopolista\u00bb<\/strong>, declar\u00f3 el coordinador nacional del FSM, Youn\u00e9s Ferachine.<\/p>\n<p>Otras organizaciones como el sindicato Confederaci\u00f3n Democr\u00e1tica del Trabajo (CDT) ya hab\u00edan realizado manifestaciones contra la carest\u00eda de la vida, como la del pasado 13 de noviembre, convocada para protestar contra \u00abel desprecio del Gobierno marroqu\u00ed a las reivindicaciones de la clase obrera y de la poblaci\u00f3n en general\u00bb.<\/p>\n<p><strong>Con una inflaci\u00f3n del 7,1% en octubre, Marruecos registr\u00f3 \u00abunos niveles de pobreza y vulnerabilidad como en 2014\u00bb,<\/strong> a causa de la pandemia de Covid-19 y la subida de los precios, indic\u00f3 un informe reciente del Alto Comisionado de Planificaci\u00f3n marroqu\u00ed.<\/p>\n<p>Las recurrentes sequ\u00edas tambi\u00e9n fueron se\u00f1aladas por medios como Reuters y Al Jazeera como parte del contexto cr\u00edtico que vive el pa\u00eds del norte de \u00c1frica.<\/p>\n<p>Adem\u00e1s de la \u00abvida cara\u00bb, los manifestantes denunciaron \u00abcualquier forma de represi\u00f3n\u00bb contra la oposici\u00f3n y la libertad de expresi\u00f3n, en un pa\u00eds donde encarcelaron a varios periodistas y militantes opuestos al ejecutivo actual. <\/p>\n","protected":false},"excerpt":{"rendered":"<p>Las protestas se realizaron en Rabat, la capital marroqu\u00ed. Foto: AFP Miles de marroqu\u00edes se manifestaron este domingo en Rabat, la capital de Marruecos, contra la \u00abvida cara y la represi\u00f3n\u00bb, en una protesta organizada por grupos de izquierda en un momento en que crece la indignaci\u00f3n en el pa\u00eds. La protesta fue convocada principalmente [&hellip;]<\/p>\n","protected":false},"author":1,"featured_media":52142,"comment_status":"open","ping_status":"closed","sticky":false,"template":"","format":"standard","meta":[],"categories":[24],"tags":[],"_links":{"self":[{"href":"http:\/\/hoycordobaweb.com\/index.php\/wp-json\/wp\/v2\/posts\/52141"}],"collection":[{"href":"http:\/\/hoycordobaweb.com\/index.php\/wp-json\/wp\/v2\/posts"}],"about":[{"href":"http:\/\/hoycordobaweb.com\/index.php\/wp-json\/wp\/v2\/types\/post"}],"author":[{"embeddable":true,"href":"http:\/\/hoycordobaweb.com\/index.php\/wp-json\/wp\/v2\/users\/1"}],"replies":[{"embeddable":true,"href":"http:\/\/hoycordobaweb.com\/index.php\/wp-json\/wp\/v2\/comments?post=52141"}],"version-history":[{"count":0,"href":"http:\/\/hoycordobaweb.com\/index.php\/wp-json\/wp\/v2\/posts\/52141\/revisions"}],"wp:featuredmedia":[{"embeddable":true,"href":"http:\/\/hoycordobaweb.com\/index.php\/wp-json\/wp\/v2\/media\/52142"}],"wp:attachment":[{"href":"http:\/\/hoycordobaweb.com\/index.php\/wp-json\/wp\/v2\/media?parent=52141"}],"wp:term":[{"taxonomy":"category","embeddable":true,"href":"http:\/\/hoycordobaweb.com\/index.php\/wp-json\/wp\/v2\/categories?post=52141"},{"taxonomy":"post_tag","embeddable":true,"href":"http:\/\/hoycordobaweb.com\/index.php\/wp-json\/wp\/v2\/tags?post=52141"}],"curies":[{"name":"wp","href":"https:\/\/api.w.org\/{rel}","templated":true}]}}