{"id":52081,"date":"2022-12-03T02:00:00","date_gmt":"2022-12-03T02:00:00","guid":{"rendered":"http:\/\/hoycordobaweb.com\/index.php\/2022\/12\/03\/intelectuales-recordaran-a-hebe-y-debatiran-a-tres-dias-del-veredicto-en-causa-vialidad\/"},"modified":"2022-12-03T02:00:00","modified_gmt":"2022-12-03T02:00:00","slug":"intelectuales-recordaran-a-hebe-y-debatiran-a-tres-dias-del-veredicto-en-causa-vialidad","status":"publish","type":"post","link":"http:\/\/hoycordobaweb.com\/index.php\/2022\/12\/03\/intelectuales-recordaran-a-hebe-y-debatiran-a-tres-dias-del-veredicto-en-causa-vialidad\/","title":{"rendered":"Intelectuales recordar\u00e1n a Hebe y debatir\u00e1n a tres d\u00edas del veredicto en causa Vialidad"},"content":{"rendered":"<p><img src=\"http:\/\/hoycordobaweb.com\/wp-content\/uploads\/2022\/12\/intelectuales-recordaran-a-hebe-y-debatiran-a-tres-dias-del-veredicto-en-causa-vialidad.jpg\"><\/p>\n<figure class=\"mb-3\"><img loading=\"lazy\" src=\"http:\/\/hoycordobaweb.com\/wp-content\/uploads\/2022\/12\/intelectuales-recordaran-a-hebe-y-debatiran-a-tres-dias-del-veredicto-en-causa-vialidad-2.jpg\" width=\"100%\" height=\"100%\" alt=\"Foto archivo\"><figcaption> Foto: archivo. <\/figcaption><\/figure>\n<p>Escritores, juristas, personalidades de la cultura y la universidad p\u00fablica se reunir\u00e1n este s\u00e1bado en la Facultad de Filosof\u00eda y Letras de la UBA, en el marco de la tercera edici\u00f3n de las llamadas &#8216;Asambleas Horacianas&#8217;, para recordar a la recientemente fallecida Hebe de Bonafini y debatir sobre c\u00f3mo organizarse ante la \u00abviolenta ofensiva contra el movimiento popular\u00bb que <strong>adjudican al \u00abPoder Judicial y los poderes econ\u00f3micos\u00bb,<\/strong> a tres d\u00edas de la lectura del veredicto en la causa &#8216;Vialidad&#8217;.<\/p>\n<p><strong>\u00abEl Poder Judicial y los poderes econ\u00f3micos se disponen a profundizar sus maniobras pol\u00edticas en favor de la derecha y la ultraderecha\u00bb<\/strong>, alertaron los organizadores en la convocatoria que difundieron por las redes, y al mismo tiempo subrayaron que el acto encabezado por la Vicepresidenta en La Plata el 17 de noviembre pasado abri\u00f3 \u00aben la voz de Cristina un conjunto de alternativas que vuelven a interpelar y a multiplicar la energ\u00eda militante\u00bb.<\/p>\n<p><strong>Creado hace un mes y medio, el Espacio Abierto &#8216;Asambleas Horaciana<\/strong>s&#8217; est\u00e1 formado por un <strong>colectivo heterog\u00e9neo<\/strong> de intelectuales, actores, m\u00fasicos y especialistas en Derecho que este s\u00e1bado <strong>se congregar\u00e1n a las 11 en el aula 218 de la Facultad de Filosof\u00eda y Letras,<\/strong> sobre la calle Puan 480 de la Ciudad de Buenos Aires, para completar su<strong> tercera asamblea<\/strong>, que en esta oportunidad estar\u00e1 atravesada por lo que anuncie el martes pr\u00f3ximo el Tribunal Oral Federal (TOF) 2 en el juicio de la Obra P\u00fablica en Santa Cruz.<\/p>\n<p><strong>Los organizadores del encuentro,<\/strong> entre los que se encuentran la <strong>exProcuradora Alejandra Gils Carb\u00f3 y la exinterventora de la AFI Cristina Caama\u00f1o, <\/strong>dedicar\u00e1n un tramo del plenario a la <strong>labor de la jueza Mar\u00eda Eugenia Capuchetti en la investigaci\u00f3n del atentado a Cristina Fern\u00e1ndez de Kirchner<\/strong>, una actuaci\u00f3n que en el volante digital distribuido por las redes definieron como \u00abuna vergonzosa bufonada\u00bb.<\/p>\n<p>\u00abLa misma jueza que tiene a su cargo la causa sobre la deuda (por Capuchetti y el endeudamiento contra\u00eddo con el FMI durante la gesti\u00f3n de Cambiemos), el acto de guerra propiciado por el gobierno de Macri, convirti\u00f3 la investigaci\u00f3n sobre el atentado en una vergonzosa bufonada\u00bb, cuestionaron los firmantes del texto de convocatoria, entre quienes aparecen los nombres de las actrices Cristina Banegas y Rita Cortese, el historiador Norberto Galasso, el fil\u00f3sofo \u00edtalo-argentino Rocco Carbone, los m\u00fasicos Juan Fal\u00fa y Liliana Herrero y los economistas Guillermo Wierzba y Horacio Rovelli.<\/p>\n<p>Varios de los participantes <strong>formaron parte de la experiencia de Carta Abierta<\/strong>, que tuvo al recordado Horacio Gonz\u00e1lez como uno de sus principales impulsores, y por eso decidieron bautizar este \u00e1mbito de discusi\u00f3n e intercambio como &#8216;Asambleas Horacianas&#8217;.<\/p>\n<p>Aquel colectivo de discusi\u00f3n e intervenci\u00f3n en la agenda p\u00fablica ten\u00eda entre sus integrantes a la ensayista<strong> Mar\u00eda P\u00eda L\u00f3pez y el editor Aurelio Narvaja<\/strong>, quienes ahora participan de este nuevo espacio de debate pol\u00edtico.<\/p>\n<p><strong>Narvaja, director de la editorial Colihue<\/strong>, adelant\u00f3 a T\u00e9lam que el objetivo de la actividad ser\u00e1 \u00ab<strong>prepararnos para repudiar el posible fallo condenatorio contra Cristina,<\/strong> que nos parece injusto y sobre el que tenemos muy en claro que va a ser un parteaguas, pero nosotros no tenemos dudas que vamos a defenderla\u00bb.<\/p>\n<p>\u00abSabemos que es una lucha larga, puede ser una condena en primera instancia y si se llega a dar, si tienen la osad\u00eda de hacerla, <strong>no ser\u00e1 el final de nada sino un episodio m\u00e1s en esta lucha\u00bb<\/strong>, dijo, y asegur\u00f3 que hacia adelante <strong>se viene un tiempo de \u00abacompa\u00f1ar, bancar y apoyar la candidatura de Cristina<\/strong> para que estos tipos (por Juntos por el Cambio) no vuelvan a manejar los destinos del pa\u00eds\u00bb.<\/p>\n<p><strong>Carbone, <\/strong>autor del libro \u00abMafia Capital. Cambiemos, las l\u00f3gicas ocultas del poder\u00bb, advirti\u00f3 que <strong>el juicio de Vialidad forma parte de una acci\u00f3n llevada a cabo por \u00abactores pol\u00edticos, sociales, judiciales y medi\u00e1tico-monop\u00f3licos que pretenden proscribir o aniquilar a la Vicepresidenta<\/strong> porque ella es un s\u00edmbolo de la vida nacional y popular, y con esa proscripci\u00f3n pretenden proscribir a todo el campo nacional y popular\u00bb.<\/p>\n<p>\u00abEl objetivo inmediato es \u00e9se, pero el objetivo mediato es destruir o reducir al Estado Naci\u00f3n, como acaba de publicar (Mauricio) Macri en la parte final del libro &#8216;Para qu\u00e9&#8217;, donde dice claramente que su modelo pol\u00edtico es el fin del largo ciclo econ\u00f3mico del populismo y de la l\u00f3gica del Estado paternalista, o sea la destrucci\u00f3n de la soberan\u00eda\u00bb, agreg\u00f3 el fil\u00f3sofo nacido en Cosenza, Calabria, en el sur italiano, pero desde hace a\u00f1os establecido en la Argentina.<\/p>\n","protected":false},"excerpt":{"rendered":"<p>Foto: archivo. Escritores, juristas, personalidades de la cultura y la universidad p\u00fablica se reunir\u00e1n este s\u00e1bado en la Facultad de Filosof\u00eda y Letras de la UBA, en el marco de la tercera edici\u00f3n de las llamadas &#8216;Asambleas Horacianas&#8217;, para recordar a la recientemente fallecida Hebe de Bonafini y debatir sobre c\u00f3mo organizarse ante la \u00abviolenta [&hellip;]<\/p>\n","protected":false},"author":1,"featured_media":52082,"comment_status":"open","ping_status":"closed","sticky":false,"template":"","format":"standard","meta":[],"categories":[19],"tags":[],"_links":{"self":[{"href":"http:\/\/hoycordobaweb.com\/index.php\/wp-json\/wp\/v2\/posts\/52081"}],"collection":[{"href":"http:\/\/hoycordobaweb.com\/index.php\/wp-json\/wp\/v2\/posts"}],"about":[{"href":"http:\/\/hoycordobaweb.com\/index.php\/wp-json\/wp\/v2\/types\/post"}],"author":[{"embeddable":true,"href":"http:\/\/hoycordobaweb.com\/index.php\/wp-json\/wp\/v2\/users\/1"}],"replies":[{"embeddable":true,"href":"http:\/\/hoycordobaweb.com\/index.php\/wp-json\/wp\/v2\/comments?post=52081"}],"version-history":[{"count":0,"href":"http:\/\/hoycordobaweb.com\/index.php\/wp-json\/wp\/v2\/posts\/52081\/revisions"}],"wp:featuredmedia":[{"embeddable":true,"href":"http:\/\/hoycordobaweb.com\/index.php\/wp-json\/wp\/v2\/media\/52082"}],"wp:attachment":[{"href":"http:\/\/hoycordobaweb.com\/index.php\/wp-json\/wp\/v2\/media?parent=52081"}],"wp:term":[{"taxonomy":"category","embeddable":true,"href":"http:\/\/hoycordobaweb.com\/index.php\/wp-json\/wp\/v2\/categories?post=52081"},{"taxonomy":"post_tag","embeddable":true,"href":"http:\/\/hoycordobaweb.com\/index.php\/wp-json\/wp\/v2\/tags?post=52081"}],"curies":[{"name":"wp","href":"https:\/\/api.w.org\/{rel}","templated":true}]}}