{"id":52037,"date":"2022-12-02T03:21:00","date_gmt":"2022-12-02T03:21:00","guid":{"rendered":"http:\/\/hoycordobaweb.com\/index.php\/2022\/12\/02\/las-fotos-de-la-historica-clasificacion-de-japon-a-octavos-de-final\/"},"modified":"2022-12-02T03:21:00","modified_gmt":"2022-12-02T03:21:00","slug":"las-fotos-de-la-historica-clasificacion-de-japon-a-octavos-de-final","status":"publish","type":"post","link":"http:\/\/hoycordobaweb.com\/index.php\/2022\/12\/02\/las-fotos-de-la-historica-clasificacion-de-japon-a-octavos-de-final\/","title":{"rendered":"Las fotos de la hist\u00f3rica clasificaci\u00f3n de Jap\u00f3n a octavos de final"},"content":{"rendered":"<p><img src=\"http:\/\/hoycordobaweb.com\/wp-content\/uploads\/2022\/12\/las-fotos-de-la-historica-clasificacion-de-japon-a-octavos-de-final.jpg\"><head> <meta charset=\"UTF-8\"> <meta http-equiv=\"X-UA-Compatible\" content=\"IE=edge\"> <meta name=\"viewport\" content=\"width=device-width, initial-scale=1.0\"> <link rel=\"preconnect\" href=\"https:\/\/fonts.gstatic.com\"> <link href=\"https:\/\/fonts.googleapis.com\/css2?family=Montserrat:ital,wght@0,100;0,400;0,500;0,600;0,700;0,800;0,900;1,400&amp;display=swap\" rel=\"stylesheet\"> <title>Las fotos de la hist\u00f3rica clasificaci\u00f3n de Jap\u00f3n a octavos de final<\/title> <link rel=\"canonical\" href=\"https:\/\/www.telam.com.ar\/notas\/202212\/612857-japon-clasificacion-historica-fotos.html\"> <meta http-equiv=\"Content-Type\" content=\"text\/html; charset=UTF-8\"> <meta http-equiv=\"Content-Language\" content=\"es\"> <meta http-equiv=\"Cache-Control\" content=\"no-cache, no-store, must-revalidate\"> <meta http-equiv=\"Pragma\" content=\"no-cache\"> <meta http-equiv=\"Expires\" content=\"0\"> <meta name=\"LANGUAGE\" content=\"es\"> <meta name=\"robots\" content=\"all\"> <meta name=\"application-name\" content=\"Telam SE\"> <meta name=\"description\" content=\"El resonante triunfo ante Espa\u00f1a (que se suma al que hab\u00eda conseguido frente a Alemania) le dio a la selecci\u00f3n nipona el primer lugar del Grupo E, llamado 'de la Muerte'. Aqu\u00ed, un recorrido en im\u00e1genes por el partido.\"> <meta name=\"keywords\" content=\"Qatar 2022,Jap\u00f3n,Mundial de F\u00fatbol,fotograf\u00eda,Galer\u00eda de im\u00e1genes ,Espa\u00f1a\"> <meta name=\"news_keywords\" content> <meta name=\"author\" content=\"T\u00c9LAM\"> <meta name=\"copyright\" content=\"T\u00c9LAM SE\"> <meta property=\"og:url\" content=\"https:\/\/www.telam.com.ar\/notas\/202212\/612857-japon-clasificacion-historica-fotos.html\"> <meta property=\"og:type\" content=\"website\"> <meta property=\"og:title\" content=\"Las fotos de la hist\u00f3rica clasificaci\u00f3n de Jap\u00f3n a octavos de final\"> <meta property=\"og:description\" content=\"El resonante triunfo ante Espa\u00f1a (que se suma al que hab\u00eda conseguido frente a Alemania) le dio a la selecci\u00f3n nipona el primer lugar del Grupo E, llamado 'de la Muerte'. Aqu\u00ed, un recorrido en im\u00e1genes por el partido.\"> <meta property=\"og:image\" content=\"https:\/\/www.telam.com.ar\/thumbs\/bluesteel\/advf\/imagenes\/2022\/12\/63891ae347bbd_450.jpg\"> <meta property=\"fb:app_id\" content=\"140586622674265\"> <meta property=\"fb:admins\" content> <meta property=\"fb:page_id\" content> <meta property=\"fb:pages\" content=\"161243707242002\"> <meta name=\"twitter:card\" content=\"summary_large_image\"> <meta name=\"twitter:site\" content=\"@agenciatelam\"> <meta name=\"twitter:creator\" content=\"@agenciatelam\"> <meta name=\"twitter:image\" content=\"https:\/\/www.telam.com.ar\/thumbs\/bluesteel\/advf\/imagenes\/2022\/12\/63891ae347bbd_450.jpg\"> <meta http-equiv=\"X-UA-Compatible\" content=\"IE=edge\"> <meta name=\"viewport\" content=\"width=device-width, initial-scale=1\"> <meta name=\"theme-color\" content=\"#03469d\"> <meta name=\"msapplication-navbutton-color\" content=\"#03469d\"> <meta name=\"apple-mobile-web-app-status-bar-style\" content=\"black-translucent\"> <meta name=\"apple-mobile-web-app-capable\" content=\"yes\"> <link rel=\"icon\" href=\"https:\/\/www.telam.com.ar\/assets\/skins\/bluesteel\/img\/favicon.ico\" type=\"image\/x-icon\"> <meta name=\"MobileOptimized\" content=\"width\"> <meta name=\"HandheldFriendly\" content=\"true\"> <meta name=\"X-TRACKING-TOKEN\" content=\"b0f393c9b8d21f02dbe88374d31297d0029f30d8\"> <meta name=\"facebook-domain-verification\" content=\"i5urmb48utwl55zru2obz048cgjo9r\"> <meta name=\"X-CSRF-TOKEN\" content=\"571711ade44c9719df0f14d684774732\"> <link href=\"https:\/\/www.telam.com.ar\/ccss\/6f483083e246a1e34234640b8c488fde.css?r=1669968008\" rel=\"stylesheet\" type=\"text\/css\"> <\/head><body class=\"body_note\" id=\"readabilityBody\"> <\/p>\n<div class=\"wrapper-sections\">\n<section id=\"_0n1ew6uyz\" c telam_original=\"_0n1ew6uyz\" telam_content=\"true\" class=\"sec_0n1ew6uyz_ext light\">\n<div class=\"container-xl sec_0n1ew6uyz_int\">\n<div class=\"t-blk fix-row-overlay col-md-12 p-0\">\n<div class=\"row \">\n<div class=\"content_section wrapper-sections py-3\">\n<article class=\"note-content\">\n<div class=\"wrapper-editable-content\">\n<div class=\"wrapper-info-note\">\n<div class=\"col-md-12\">\n<div class=\"wrapper-author-social\">\n<div class=\"author-box mb-4\">\n<div class=\"image\"> <img loading=\"lazy\" src=\"http:\/\/hoycordobaweb.com\/wp-content\/uploads\/2022\/12\/las-fotos-de-la-historica-clasificacion-de-japon-a-octavos-de-final.png\" width=\"450\" height=\"100%\" alt=\"Por Enviado especial\"> <\/div>\n<div class=\"info\">\n<p><span>Por Enviado especial<\/span><\/p>\n<p>02-12-2022 | 00:21<\/p>\n<\/p><\/div><\/div><\/div><\/div><\/div>\n<div>\n<div class=\"wrapper-editable-content\">\n<div>\n<div class=\"container-md\">\n<div class=\"row\">\n<div class=\"col-md-12 speak\">\n<div class=\"paragraph\">\n<figure class=\"mb-3\"><img loading=\"lazy\" src=\"http:\/\/hoycordobaweb.com\/wp-content\/uploads\/2022\/12\/las-fotos-de-la-historica-clasificacion-de-japon-a-octavos-de-final-1.jpg\" width=\"100%\" height=\"100%\" alt=\"Foto Fernando Gens enviado especial\"><figcaption> Foto: Fernando Gens, enviado especial. <\/figcaption><\/figure>\n<figure class=\"mb-3\"><img loading=\"lazy\" src=\"http:\/\/hoycordobaweb.com\/wp-content\/uploads\/2022\/12\/las-fotos-de-la-historica-clasificacion-de-japon-a-octavos-de-final-2.jpg\" width=\"100%\" height=\"100%\" alt=\"Foto Fernando Gens enviado especial\"><figcaption> Foto: Fernando Gens, enviado especial. <\/figcaption><\/figure>\n<figure class=\"mb-3\"><img loading=\"lazy\" src=\"http:\/\/hoycordobaweb.com\/wp-content\/uploads\/2022\/12\/las-fotos-de-la-historica-clasificacion-de-japon-a-octavos-de-final-3.jpg\" width=\"100%\" height=\"100%\" alt=\"Foto Fernando Gens enviado especial\"><figcaption> Foto: Fernando Gens, enviado especial. <\/figcaption><\/figure>\n<figure class=\"mb-3\"><img loading=\"lazy\" src=\"http:\/\/hoycordobaweb.com\/wp-content\/uploads\/2022\/12\/las-fotos-de-la-historica-clasificacion-de-japon-a-octavos-de-final-4.jpg\" width=\"100%\" height=\"100%\" alt=\"Foto Fernando Gens enviado especial\"><figcaption> Foto: Fernando Gens, enviado especial. <\/figcaption><\/figure>\n<figure class=\"mb-3\"><img loading=\"lazy\" src=\"http:\/\/hoycordobaweb.com\/wp-content\/uploads\/2022\/12\/las-fotos-de-la-historica-clasificacion-de-japon-a-octavos-de-final-5.jpg\" width=\"100%\" height=\"100%\" alt=\"Foto Fernando Gens enviado especial\"><figcaption> Foto: Fernando Gens, enviado especial. <\/figcaption><\/figure>\n<div class=\"card col-md-10 offset-md-1 mb-4\">\n<h3 class=\"pt-2\">Relacionadas<\/h3>\n<\/p><\/div>\n<figure class=\"mb-3\"><img loading=\"lazy\" src=\"http:\/\/hoycordobaweb.com\/wp-content\/uploads\/2022\/12\/las-fotos-de-la-historica-clasificacion-de-japon-a-octavos-de-final-6.jpg\" width=\"100%\" height=\"100%\" alt=\"Foto Fernando Gens enviado especial\"><figcaption> Foto: Fernando Gens, enviado especial. <\/figcaption><\/figure>\n<figure class=\"mb-3\"><img loading=\"lazy\" src=\"http:\/\/hoycordobaweb.com\/wp-content\/uploads\/2022\/12\/las-fotos-de-la-historica-clasificacion-de-japon-a-octavos-de-final-7.jpg\" width=\"100%\" height=\"100%\" alt=\"Foto Fernando Gens enviado especial\"><figcaption> Foto: Fernando Gens, enviado especial. <\/figcaption><\/figure>\n<figure class=\"mb-3\"><img loading=\"lazy\" src=\"http:\/\/hoycordobaweb.com\/wp-content\/uploads\/2022\/12\/las-fotos-de-la-historica-clasificacion-de-japon-a-octavos-de-final-8.jpg\" width=\"100%\" height=\"100%\" alt=\"Foto Fernando Gens enviado especial\"><figcaption> Foto: Fernando Gens, enviado especial. <\/figcaption><\/figure>\n<figure class=\"mb-3\"><img loading=\"lazy\" src=\"http:\/\/hoycordobaweb.com\/wp-content\/uploads\/2022\/12\/las-fotos-de-la-historica-clasificacion-de-japon-a-octavos-de-final-9.jpg\" width=\"100%\" height=\"100%\" alt=\"Foto Fernando Gens enviado especial\"><figcaption> Foto: Fernando Gens, enviado especial. <\/figcaption><\/figure>\n<figure class=\"mb-3\"><img loading=\"lazy\" src=\"http:\/\/hoycordobaweb.com\/wp-content\/uploads\/2022\/12\/las-fotos-de-la-historica-clasificacion-de-japon-a-octavos-de-final-10.jpg\" width=\"100%\" height=\"100%\" alt=\"Foto Fernando Gens enviado especial\"><figcaption> Foto: Fernando Gens, enviado especial. <\/figcaption><\/figure>\n<figure class=\"mb-3\"><img loading=\"lazy\" src=\"http:\/\/hoycordobaweb.com\/wp-content\/uploads\/2022\/12\/las-fotos-de-la-historica-clasificacion-de-japon-a-octavos-de-final-11.jpg\" width=\"100%\" height=\"100%\" alt=\"Foto Fernando Gens enviado especial\"><figcaption> Foto: Fernando Gens, enviado especial. <\/figcaption><\/figure>\n<figure class=\"mb-3\"><img loading=\"lazy\" src=\"http:\/\/hoycordobaweb.com\/wp-content\/uploads\/2022\/12\/las-fotos-de-la-historica-clasificacion-de-japon-a-octavos-de-final-12.jpg\" width=\"100%\" height=\"100%\" alt=\"Foto Fernando Gens enviado especial\"><figcaption> Foto: Fernando Gens, enviado especial. <\/figcaption><\/figure>\n<figure class=\"mb-3\"><img loading=\"lazy\" src=\"http:\/\/hoycordobaweb.com\/wp-content\/uploads\/2022\/12\/las-fotos-de-la-historica-clasificacion-de-japon-a-octavos-de-final-13.jpg\" width=\"100%\" height=\"100%\" alt=\"Foto Fernando Gens enviado especial\"><figcaption> Foto: Fernando Gens, enviado especial. <\/figcaption><\/figure>\n<figure class=\"mb-3\"><img loading=\"lazy\" src=\"http:\/\/hoycordobaweb.com\/wp-content\/uploads\/2022\/12\/las-fotos-de-la-historica-clasificacion-de-japon-a-octavos-de-final-14.jpg\" width=\"100%\" height=\"100%\" alt=\"Foto Fernando Gens enviado especial\"><figcaption> Foto: Fernando Gens, enviado especial. <\/figcaption><\/figure>\n<figure class=\"mb-3\"><img loading=\"lazy\" src=\"http:\/\/hoycordobaweb.com\/wp-content\/uploads\/2022\/12\/las-fotos-de-la-historica-clasificacion-de-japon-a-octavos-de-final-15.jpg\" width=\"100%\" height=\"100%\" alt=\"Foto Fernando Gens enviado especial\"><figcaption> Foto: Fernando Gens, enviado especial. <\/figcaption><\/figure>\n<figure class=\"mb-3\"><img loading=\"lazy\" src=\"http:\/\/hoycordobaweb.com\/wp-content\/uploads\/2022\/12\/las-fotos-de-la-historica-clasificacion-de-japon-a-octavos-de-final-16.jpg\" width=\"100%\" height=\"100%\" alt=\"Foto Fernando Gens enviado especial\"><figcaption> Foto: Fernando Gens, enviado especial. <\/figcaption><\/figure>\n<figure class=\"mb-3\"><img loading=\"lazy\" src=\"http:\/\/hoycordobaweb.com\/wp-content\/uploads\/2022\/12\/las-fotos-de-la-historica-clasificacion-de-japon-a-octavos-de-final-17.jpg\" width=\"100%\" height=\"100%\" alt=\"Foto Fernando Gens enviado especial\"><figcaption> Foto: Fernando Gens, enviado especial. <\/figcaption><\/figure>\n<figure class=\"mb-3\"><img loading=\"lazy\" src=\"http:\/\/hoycordobaweb.com\/wp-content\/uploads\/2022\/12\/las-fotos-de-la-historica-clasificacion-de-japon-a-octavos-de-final-18.jpg\" width=\"100%\" height=\"100%\" alt=\"Foto Fernando Gens enviado especial\"><figcaption> Foto: Fernando Gens, enviado especial. <\/figcaption><\/figure>\n<figure class=\"mb-3\"><img loading=\"lazy\" src=\"http:\/\/hoycordobaweb.com\/wp-content\/uploads\/2022\/12\/las-fotos-de-la-historica-clasificacion-de-japon-a-octavos-de-final-19.jpg\" width=\"100%\" height=\"100%\" alt=\"Foto Fernando Gens enviado especial\"><figcaption> Foto: Fernando Gens, enviado especial. <\/figcaption><\/figure>\n<figure class=\"mb-3\"><img loading=\"lazy\" src=\"http:\/\/hoycordobaweb.com\/wp-content\/uploads\/2022\/12\/las-fotos-de-la-historica-clasificacion-de-japon-a-octavos-de-final-20.jpg\" width=\"100%\" height=\"100%\" alt=\"Foto Fernando Gens enviado especial\"><figcaption> Foto: Fernando Gens, enviado especial. <\/figcaption><\/figure>\n<figure class=\"mb-3\"><img loading=\"lazy\" src=\"http:\/\/hoycordobaweb.com\/wp-content\/uploads\/2022\/12\/las-fotos-de-la-historica-clasificacion-de-japon-a-octavos-de-final-21.jpg\" width=\"100%\" height=\"100%\" alt=\"Foto Fernando Gens enviado especial\"><figcaption> Foto: Fernando Gens, enviado especial. <\/figcaption><\/figure>\n<figure class=\"mb-3\"><img loading=\"lazy\" src=\"http:\/\/hoycordobaweb.com\/wp-content\/uploads\/2022\/12\/las-fotos-de-la-historica-clasificacion-de-japon-a-octavos-de-final-22.jpg\" width=\"100%\" height=\"100%\" alt=\"Foto Fernando Gens enviado especial\"><figcaption> Foto: Fernando Gens, enviado especial. <\/figcaption><\/figure>\n<\/div><\/div><\/div><\/div><\/div><\/div><\/div>\n<\/div>\n<\/article><\/div><\/div><\/div><\/div>\n<\/section>\n<section id=\"_xeu5loann\" c telam_original=\"_xeu5loann\" class=\"sec_xeu5loann_ext light\">\n<div class=\"container-xl sec_xeu5loann_int\">\n<div class=\"fix-row-overlay col-lg-12 p-0\">\n<div class=\"row\">\n<div class=\"t-blk infinite col-md-12 pl-3 pr-3\">\n<h3 class=\"module-title\"><span>Tambi\u00e9n te puede interesar<\/span><\/h3>\n<\/p><\/div><\/div><\/div><\/div>\n<\/section><\/div>\n<p> <a href=\"javascript:void();\" class=\"sto_page stp\"><i class=\"fas fa-chevron-up\"><\/i><\/a> <\/p>\n<footer> <\/footer>\n<p> <\/body> <speedy><\/speedy><\/p>\n","protected":false},"excerpt":{"rendered":"<p>Las fotos de la hist\u00f3rica clasificaci\u00f3n de Jap\u00f3n a octavos de final Por Enviado especial 02-12-2022 | 00:21 Foto: Fernando Gens, enviado especial. Foto: Fernando Gens, enviado especial. Foto: Fernando Gens, enviado especial. Foto: Fernando Gens, enviado especial. Foto: Fernando Gens, enviado especial. Relacionadas Foto: Fernando Gens, enviado especial. Foto: Fernando Gens, enviado especial. Foto: [&hellip;]<\/p>\n","protected":false},"author":1,"featured_media":52038,"comment_status":"open","ping_status":"closed","sticky":false,"template":"","format":"standard","meta":[],"categories":[19],"tags":[],"_links":{"self":[{"href":"http:\/\/hoycordobaweb.com\/index.php\/wp-json\/wp\/v2\/posts\/52037"}],"collection":[{"href":"http:\/\/hoycordobaweb.com\/index.php\/wp-json\/wp\/v2\/posts"}],"about":[{"href":"http:\/\/hoycordobaweb.com\/index.php\/wp-json\/wp\/v2\/types\/post"}],"author":[{"embeddable":true,"href":"http:\/\/hoycordobaweb.com\/index.php\/wp-json\/wp\/v2\/users\/1"}],"replies":[{"embeddable":true,"href":"http:\/\/hoycordobaweb.com\/index.php\/wp-json\/wp\/v2\/comments?post=52037"}],"version-history":[{"count":0,"href":"http:\/\/hoycordobaweb.com\/index.php\/wp-json\/wp\/v2\/posts\/52037\/revisions"}],"wp:featuredmedia":[{"embeddable":true,"href":"http:\/\/hoycordobaweb.com\/index.php\/wp-json\/wp\/v2\/media\/52038"}],"wp:attachment":[{"href":"http:\/\/hoycordobaweb.com\/index.php\/wp-json\/wp\/v2\/media?parent=52037"}],"wp:term":[{"taxonomy":"category","embeddable":true,"href":"http:\/\/hoycordobaweb.com\/index.php\/wp-json\/wp\/v2\/categories?post=52037"},{"taxonomy":"post_tag","embeddable":true,"href":"http:\/\/hoycordobaweb.com\/index.php\/wp-json\/wp\/v2\/tags?post=52037"}],"curies":[{"name":"wp","href":"https:\/\/api.w.org\/{rel}","templated":true}]}}