{"id":52024,"date":"2022-12-02T06:31:57","date_gmt":"2022-12-02T06:31:57","guid":{"rendered":"https:\/\/www.mujerhoy.com\/moda\/no-te-pierdas\/isabel-preysler-vestido-negro-encaje-transparencias-look-rejuvenecedor-20221202073112-nt.html"},"modified":"2022-12-02T06:31:57","modified_gmt":"2022-12-02T06:31:57","slug":"isabel-preysler-sorprende-con-su-look-mas-rejuvenecedor-transparencias-top-crop-y-encaje","status":"publish","type":"post","link":"http:\/\/hoycordobaweb.com\/index.php\/2022\/12\/02\/isabel-preysler-sorprende-con-su-look-mas-rejuvenecedor-transparencias-top-crop-y-encaje\/","title":{"rendered":"Isabel Preysler sorprende con su look m\u00e1s rejuvenecedor: transparencias, top crop y encaje"},"content":{"rendered":"<p><!-- AUTHOR --><\/p>\n<div class=\"voc-author-timesocial \"><!-- AUTHOR --><\/p>\n<div class=\"voc-author-timesocial__signature\"><!-- IMAGE AUTHOR --><picture class=\"voc-image-signature\"><img class=\"voc-image-signature__img\" src=\"http:\/\/hoycordobaweb.com\/wp-content\/uploads\/2022\/12\/isabel-preysler-sorprende-con-su-look-mas-rejuvenecedor-transparencias-top-crop-y-encaje.jpg\" alt=\"Raquel Rodr\u00edguez\"><\/picture><!-- INFO AUTHOR --><\/div>\n<\/div>\n<p><!-- COMPONENTS --><\/p>\n<p class=\"voc-paragraph\">Isabel Preysler -as\u00ed fue <a data-voc-vtm-id=\"in-text-traffic\" href=\"https:\/\/www.mujerhoy.com\/celebrities\/isabel-preysler-julio-iglesias-boda-divorcio-familia-tragedia-infidelidad-declaracion-amor-comunicado-prensa-20221005134518-nt.html\">su matrimonio con Julio Iglesias<\/a>&#8211; ha vuelto a protagonizar la \u00faltima <a data-voc-vtm-id=\"in-text-traffic\" href=\"https:\/\/www.mujerhoy.com\/celebrities\/alfombra-roja\/premios-emmy-2022-mejor-peor-vestidas-looks-famosas-alfombra-roja-zendaya-20220913023951-ga.html\">alfombra roja<\/a> medi\u00e1tica celebrada en Madrid. Ha sido durante la <strong>fiesta de Mo\u00ebt &amp; Chandon Effervescence<\/strong> y, a pesar de que ha habido muchos rostros conocidos con un sinf\u00edn de lookazos, ha sido la socialit\u00e9 m\u00e1s ha triunfado con su look.\n<\/p>\n<p class=\"voc-paragraph\">Y, esta vez, no ha sido por derrochar elegancia (que tambi\u00e9n) o por demostrar, como suele hacer habitualmente, que el menos es m\u00e1s. <a data-voc-vtm-id=\"in-text-traffic\" href=\"https:\/\/www.mujerhoy.com\/temas\/personajes\/isabel-preysler.html\">Isabel Preysler<\/a> no ha escogido la opci\u00f3n cl\u00e1sica y ha deslumbrado con uno de sus estilismos m\u00e1s sorprendentes.\n<\/p>\n<p class=\"voc-paragraph\">La socialit\u00e9 apareci\u00f3 en el Palacio de Cibeles de Madrid, que recibi\u00f3 a otros 250 invitados entre los que se encontraban otros rostros conocidos como Diane Kruger, Victoria Federica o Paula Echevarr\u00eda, y sorprendi\u00f3 a todos con outfit protagonizado por <strong>prendas mini, transparencias y encaje<\/strong>. \u00a1Y estaba de diez!\n<\/p>\n<p class=\"voc-paragraph\">Se trataba de un estilismo formado por un cuerpo de encaje con bastantes transparencias y con un dise\u00f1o de manga larga y cuello de estilo mao. La otra parte protagonista era una falda larga y vaporosa con un volante CL en el bajo y que se un\u00eda a la de arriba con un cintur\u00f3n ancho.\n<\/p>\n<div class=\"voc-detail-photo-zoom\"><picture data-toggle=\"modal\" data-target=\"#photoZoomModal-74\" target=\"modal\">\n<div class=\"voc-img-icon-link\"><img loading=\"lazy\" data-original=\"\/\/static.mujerhoy.com\/www\/multimedia\/202212\/01\/media\/cortadas\/isabel-preysler-vestido-negro-kSvG--460x637@MujerHoy.jpg\" class=\"lazy\" alt=\"Isabel Preysler con un vestido negro. \/ GTRES\"><noscript><img src=\"http:\/\/hoycordobaweb.com\/wp-content\/uploads\/2022\/12\/isabel-preysler-sorprende-con-su-look-mas-rejuvenecedor-transparencias-top-crop-y-encaje-1.jpg\" alt=\"Isabel Preysler con un vestido negro. \/ GTRES\"><\/noscript><i class=\"voc-icons zoom voc-multimedia-box voc-ico-l\"><\/i><\/div><figcaption class=\"figure-caption\">Isabel Preysler con un vestido negro. \/ GTRES<\/figcaption><\/picture><\/div>\n<div id=\"photoZoomModal-74\" class=\"voc-lightbox modal fade voc-lightbox--photo-zoom\" role=\"dialog\" data-voc-photozoom-lightbox>\n<div class=\"voc-lightbox__dialog\" role=\"document\">\n<div class=\"voc-lightbox__content\"><!-- Modal header --><!-- Modal content --><\/p>\n<div class=\"voc-lightbox__photo-container\"><picture class><img loading=\"lazy\" data-original=\"\/\/static.mujerhoy.com\/www\/multimedia\/202212\/01\/media\/cortadas\/isabel-preysler-vestido-negro-kSvG--460x637@MujerHoy.jpg\" alt=\"Isabel Preysler con un vestido negro. \/ GTRES\" class=\"lazy\"><noscript><img src=\"http:\/\/hoycordobaweb.com\/wp-content\/uploads\/2022\/12\/isabel-preysler-sorprende-con-su-look-mas-rejuvenecedor-transparencias-top-crop-y-encaje-1.jpg\" alt=\"Isabel Preysler con un vestido negro. \/ GTRES\"><\/noscript><\/picture><\/div>\n<\/div>\n<\/div>\n<\/div>\n<p class=\"voc-paragraph\">Pero sin duda, la parte favorita del look era el <strong>top bandeau<\/strong> que llev\u00f3 debajo del cuerpo de encaje. Isabel cubri\u00f3 el pecho con esta prenda mini uni\u00e9ndose a la tendencia de esta superposici\u00f3n de piezas semitransprentes con b\u00e1sicos debajo.\n<\/p>\n<p class=\"voc-paragraph\">No sabemos si se trataba de un vestido o una falda y un top, pero sea como fuere, este total black de Isabel es una versi\u00f3n de la socialit\u00e9 que nos gusta much\u00edsimo. Este toque atrevido le aportaba adem\u00e1s un <strong>efecto antiedad<\/strong> y s\u00ed, se coloc\u00f3 entre las mejor vestidas.\n<\/p>\n<p class=\"voc-paragraph\">Un look que un\u00eda su faceta m\u00e1s elegante y estilosa y que sacaba tambi\u00e9n su versi\u00f3n m\u00e1s sexy. \u00a1Estaba espectacular! Isabel acudi\u00f3 junto a su hija Ana Boyer, quien tambi\u00e9n se decant\u00f3 por el negro con un vestido que tambi\u00e9n era s\u00faper tendencia y ten\u00eda un dise\u00f1o muy sexy.\n<\/p>\n<p class=\"voc-paragraph\">Ana Boyer luci\u00f3 otro impresionante dos piezas de terciopelo formado por un top asim\u00e9trico y una falda con abertura larga de lo m\u00e1s elegante. Y lo combin\u00f3 con el clutch Grace Plus de Yliana Yepez y las maravillosas Moon Crystal Sandals 105 de Aquazzura.\n<\/p>\n<p><!-- TOPICS --><\/p>\n","protected":false},"excerpt":{"rendered":"<p>Isabel Preysler -as\u00ed fue su matrimonio con Julio Iglesias&#8211; ha vuelto a protagonizar la \u00faltima alfombra roja medi\u00e1tica celebrada en Madrid. Ha sido durante la fiesta de Mo\u00ebt &amp; Chandon Effervescence y, a pesar de que ha habido muchos rostros conocidos con un sinf\u00edn de lookazos, ha sido la socialit\u00e9 m\u00e1s ha triunfado con su [&hellip;]<\/p>\n","protected":false},"author":1,"featured_media":52025,"comment_status":"closed","ping_status":"closed","sticky":false,"template":"","format":"standard","meta":[],"categories":[1],"tags":[],"_links":{"self":[{"href":"http:\/\/hoycordobaweb.com\/index.php\/wp-json\/wp\/v2\/posts\/52024"}],"collection":[{"href":"http:\/\/hoycordobaweb.com\/index.php\/wp-json\/wp\/v2\/posts"}],"about":[{"href":"http:\/\/hoycordobaweb.com\/index.php\/wp-json\/wp\/v2\/types\/post"}],"author":[{"embeddable":true,"href":"http:\/\/hoycordobaweb.com\/index.php\/wp-json\/wp\/v2\/users\/1"}],"replies":[{"embeddable":true,"href":"http:\/\/hoycordobaweb.com\/index.php\/wp-json\/wp\/v2\/comments?post=52024"}],"version-history":[{"count":0,"href":"http:\/\/hoycordobaweb.com\/index.php\/wp-json\/wp\/v2\/posts\/52024\/revisions"}],"wp:featuredmedia":[{"embeddable":true,"href":"http:\/\/hoycordobaweb.com\/index.php\/wp-json\/wp\/v2\/media\/52025"}],"wp:attachment":[{"href":"http:\/\/hoycordobaweb.com\/index.php\/wp-json\/wp\/v2\/media?parent=52024"}],"wp:term":[{"taxonomy":"category","embeddable":true,"href":"http:\/\/hoycordobaweb.com\/index.php\/wp-json\/wp\/v2\/categories?post=52024"},{"taxonomy":"post_tag","embeddable":true,"href":"http:\/\/hoycordobaweb.com\/index.php\/wp-json\/wp\/v2\/tags?post=52024"}],"curies":[{"name":"wp","href":"https:\/\/api.w.org\/{rel}","templated":true}]}}