{"id":52022,"date":"2022-12-01T18:54:47","date_gmt":"2022-12-01T18:54:47","guid":{"rendered":"https:\/\/www.ole.com.ar\/mundial\/mundial-qatar-2022\/roberto-martinez-belgica-qatar-2022_0_4hGmnW1nHj.html"},"modified":"2022-12-01T18:54:47","modified_gmt":"2022-12-01T18:54:47","slug":"roberto-martinez-aviso-entre-lagrimas-que-se-va-de-belgica-tras-el-fracaso-en-el-mundial","status":"publish","type":"post","link":"http:\/\/hoycordobaweb.com\/index.php\/2022\/12\/01\/roberto-martinez-aviso-entre-lagrimas-que-se-va-de-belgica-tras-el-fracaso-en-el-mundial\/","title":{"rendered":"Roberto Mart\u00ednez avis\u00f3 entre l\u00e1grimas que se va de B\u00e9lgica, tras el fracaso en el Mundial"},"content":{"rendered":"<p><img src=\"http:\/\/hoycordobaweb.com\/wp-content\/uploads\/2022\/12\/roberto-martinez-aviso-entre-lagrimas-que-se-va-de-belgica-tras-el-fracaso-en-el-mundial.jpg\"><\/p>\n<div class=\"custom-text \" readability=\"36\">\n<p>B\u00e9lgica empat\u00f3 0-0 con Croacia en la \u00faltima fecha del Grupo F y qued\u00f3 eliminada de la Copa del Mundo, pero no fue la \u00fanica mala noticia para los belgas, ya que Roberto Mart\u00ednez dej\u00f3 de ser el entrenador de los Red Devils luego de 79 partidos y seis a\u00f1os al mando. <\/p>\n<\/div>\n<div class=\"custom-text \" readability=\"36\">\n<p>El DT<strong> declar\u00f3 entre l\u00e1grimas<\/strong> que la decisi\u00f3n estaba tomada antes de iniciar el Mundial: \u00abEste fue mi <strong>\u00faltimo partido como entrenador de B\u00e9lgica<\/strong>. Esto es emocionante, no puedo seguir. Me desped\u00ed de los jugadores y del personal.<strong> Iba a parar de todos modos&#8230; Incluso si nos hubi\u00e9ramos convertido en campeones del mundo<\/strong>. Tom\u00e9 la decisi\u00f3n justo antes de la Copa del Mundo\u00bb. <\/p>\n<\/div>\n<div class=\"custom-text \" readability=\"36\">\n<p>\u201cSoy una persona a la que le gusta aprender de las lecciones. Llevo seis a\u00f1os. Estaba muy comprometido con el proyecto. Acabamos con una medalla de bronce y ten\u00edamos que darle otra oportunidad a este proyecto.<strong> Lo he disfrutado much\u00edsimo. He dejado un gran legado y estoy muy satisfecho con el resultado<\/strong>\u201d, a\u00f1adi\u00f3 el espa\u00f1ol. <\/p>\n<\/div>\n<p><h2><strong>EL FIN DE UNA ERA<\/strong><\/h2>\n<\/p>\n<div class=\"sc-e9a69009-0 cjEXLm\" readability=\"6\">\n<section readability=\"2\"><picture><img class=\"img\" src=\"http:\/\/hoycordobaweb.com\/wp-content\/uploads\/2022\/12\/roberto-martinez-aviso-entre-lagrimas-que-se-va-de-belgica-tras-el-fracaso-en-el-mundial-2.jpg\" alt=\"Videos: los incre\u00edbles goles que perdi\u00f3 Lukaku en el adi\u00f3s de B\u00e9lgica y su enojo\" height=\"290\" width=\"290\" loading=\"lazy\"><\/picture>\n<p><span>Mir\u00e1 tambi\u00e9n<\/span><\/p>\n<hr>\n<h3>Videos: los incre\u00edbles goles que perdi\u00f3 Lukaku en el adi\u00f3s de B\u00e9lgica y su enojo<\/h3>\n<\/p>\n<\/section>\n<\/div>\n<div class=\"sc-b8e659bf-0 gCuBvW\"><img alt=\"El festejo de Hazard en su pa\u00eds luego de conseguir el tercer puesto en Rusia. (EFE) \" srcset=\"http:\/\/hoycordobaweb.com\/wp-content\/uploads\/2022\/12\/roberto-martinez-aviso-entre-lagrimas-que-se-va-de-belgica-tras-el-fracaso-en-el-mundial-3.jpg 1x, http:\/\/hoycordobaweb.com\/wp-content\/uploads\/2022\/12\/roberto-martinez-aviso-entre-lagrimas-que-se-va-de-belgica-tras-el-fracaso-en-el-mundial-3.jpg 2x\" src=\"http:\/\/hoycordobaweb.com\/wp-content\/uploads\/2022\/12\/roberto-martinez-aviso-entre-lagrimas-que-se-va-de-belgica-tras-el-fracaso-en-el-mundial-3.jpg\" width=\"720\" height=\"0\" decoding=\"async\" data-nimg=\"future\" loading=\"lazy\"><span>El festejo de Hazard en su pa\u00eds luego de conseguir el tercer puesto en Rusia. (EFE) <\/span><\/div>\n<div class=\"custom-text \" readability=\"36\">\n<p>Mart\u00ednez consigui\u00f3 con los Diablos Rojos <strong>el tercer puesto en el Mundial de Rusia 2018<\/strong>, logr\u00f3 tambi\u00e9n una hist\u00f3rica victoria por 2-1 ante la siempre poderosa selecci\u00f3n brasilera. En Qatar, jug\u00f3 los tres partidos de fase de grupos en donde sus dirigidos marcaron solamente un gol. <\/p>\n<\/div>\n<div class=\"custom-text \" readability=\"30\">\n<p>El duelo de este jueves ante la selecci\u00f3n croata fue un partidazo, a pesar de haber terminado 0-0. <a href=\"https:\/\/www.ole.com.ar\/mundial\/mundial-qatar-2022\/video-croacia-belgica-lukaku-goles-perdidos_0_RgdiifOKPe.html\" target=\"_blank\" rel=\"noopener noreferrer\"><strong>Lukaku err\u00f3 algunas ins\u00f3litas chances de gol<\/strong><\/a> y el ahora ex equipo de Mart\u00ednez, abandon\u00f3 la cita m\u00e1s importante del f\u00fatbol <strong>con las manos vac\u00edas y con una gran decepci\u00f3n.<\/strong><\/p>\n<\/div>\n<div class=\"sc-e9a69009-0 cjEXLm\" readability=\"6\">\n<section readability=\"2\"><picture><img class=\"img\" src=\"http:\/\/hoycordobaweb.com\/wp-content\/uploads\/2022\/12\/roberto-martinez-aviso-entre-lagrimas-que-se-va-de-belgica-tras-el-fracaso-en-el-mundial-4.jpg\" alt=\"Sorpresa: B\u00e9lgica qued\u00f3 eliminada del Mundial\" height=\"290\" width=\"290\" loading=\"lazy\"><\/picture>\n<p><span>Mir\u00e1 tambi\u00e9n<\/span><\/p>\n<hr>\n<h3>Sorpresa: B\u00e9lgica qued\u00f3 eliminada del Mundial<\/h3>\n<\/p>\n<\/section>\n<\/div>\n<p><h3><strong>LAS CLARAS OPORTUNIDADES DE GOL QUE ERR\u00d3 LUKAKU <\/strong><\/h3>\n<\/p>\n<div class=\"sc-12c850c8-0 eCmxEP player player\">\n<div class=\"sc-c2cbaef6-0 frUair text-container text-container\">\n<div class=\"sc-c2cbaef6-2 jaAInE videoText videoText\" id=\"contentTitlebodyuFM1o9G5\">\n<div class=\"textContainer\" readability=\"32\"><svg fill=\"#ffffff\"><symbol id=\"play\" viewBox=\"0 0 512 512\"><path d=\"M512 256C512 397.4 397.4 512 256 512C114.6 512 0 397.4 0 256C0 114.6 114.6 0 256 0C397.4 0 512 114.6 512 256zM176 168V344C176 352.7 180.7 360.7 188.3 364.9C195.8 369.2 205.1 369 212.5 364.5L356.5 276.5C363.6 272.1 368 264.4 368 256C368 247.6 363.6 239.9 356.5 235.5L212.5 147.5C205.1 142.1 195.8 142.8 188.3 147.1C180.7 151.3 176 159.3 176 168V168z\" \/><\/symbol><use xlink:href=\"#play\" \/><\/svg><\/p>\n<div class=\"right\" readability=\"9\">\n<p class=\"sc-c2cbaef6-3 epNtir\">selecci\u00f3n de croacia<!-- --> &#8211; <span>1-12-2022<\/span><\/p>\n<p class=\"sc-c2cbaef6-4 gsMHHt\">Las tres chances m\u00e1s claras de Lukaku que pudieron darle la clasificaci\u00f3n a B\u00e9lgica<\/p>\n<\/div>\n<\/div>\n<\/div>\n<\/div>\n<\/div>\n","protected":false},"excerpt":{"rendered":"<p>B\u00e9lgica empat\u00f3 0-0 con Croacia en la \u00faltima fecha del Grupo F y qued\u00f3 eliminada de la Copa del Mundo, pero no fue la \u00fanica mala noticia para los belgas, ya que Roberto Mart\u00ednez dej\u00f3 de ser el entrenador de los Red Devils luego de 79 partidos y seis a\u00f1os al mando. El DT declar\u00f3 [&hellip;]<\/p>\n","protected":false},"author":1,"featured_media":52023,"comment_status":"open","ping_status":"closed","sticky":false,"template":"","format":"standard","meta":[],"categories":[16],"tags":[],"_links":{"self":[{"href":"http:\/\/hoycordobaweb.com\/index.php\/wp-json\/wp\/v2\/posts\/52022"}],"collection":[{"href":"http:\/\/hoycordobaweb.com\/index.php\/wp-json\/wp\/v2\/posts"}],"about":[{"href":"http:\/\/hoycordobaweb.com\/index.php\/wp-json\/wp\/v2\/types\/post"}],"author":[{"embeddable":true,"href":"http:\/\/hoycordobaweb.com\/index.php\/wp-json\/wp\/v2\/users\/1"}],"replies":[{"embeddable":true,"href":"http:\/\/hoycordobaweb.com\/index.php\/wp-json\/wp\/v2\/comments?post=52022"}],"version-history":[{"count":0,"href":"http:\/\/hoycordobaweb.com\/index.php\/wp-json\/wp\/v2\/posts\/52022\/revisions"}],"wp:featuredmedia":[{"embeddable":true,"href":"http:\/\/hoycordobaweb.com\/index.php\/wp-json\/wp\/v2\/media\/52023"}],"wp:attachment":[{"href":"http:\/\/hoycordobaweb.com\/index.php\/wp-json\/wp\/v2\/media?parent=52022"}],"wp:term":[{"taxonomy":"category","embeddable":true,"href":"http:\/\/hoycordobaweb.com\/index.php\/wp-json\/wp\/v2\/categories?post=52022"},{"taxonomy":"post_tag","embeddable":true,"href":"http:\/\/hoycordobaweb.com\/index.php\/wp-json\/wp\/v2\/tags?post=52022"}],"curies":[{"name":"wp","href":"https:\/\/api.w.org\/{rel}","templated":true}]}}