{"id":52014,"date":"2022-12-02T01:42:00","date_gmt":"2022-12-02T01:42:00","guid":{"rendered":"https:\/\/www.ole.com.ar\/independiente\/rojo-equipo-refuerzos-tecnico-mercado-pases-pretemporada_0_M9QOzf5RfG.html"},"modified":"2022-12-02T01:42:00","modified_gmt":"2022-12-02T01:42:00","slug":"las-diez-cosas-que-tenes-que-saber-de-independiente","status":"publish","type":"post","link":"http:\/\/hoycordobaweb.com\/index.php\/2022\/12\/02\/las-diez-cosas-que-tenes-que-saber-de-independiente\/","title":{"rendered":"Las diez cosas que ten\u00e9s que saber de Independiente"},"content":{"rendered":"<p><img src=\"http:\/\/hoycordobaweb.com\/wp-content\/uploads\/2022\/12\/las-diez-cosas-que-tenes-que-saber-de-independiente.jpg\"><\/p>\n<div class=\"custom-text \" readability=\"40.076256499133\">\n<p>Los ojos del mundo futbol\u00edstico est\u00e1n puestos en el Mundial de Qatar, pero <a href=\"https:\/\/www.ole.com.ar\/tema\/club-atletico-independiente.html\" title=\"Club Atl\u00e9tico Independiente\" alt=\"Club Atl\u00e9tico Independiente\" class=\"slug\">Independiente<\/a> comenzar\u00e1 este viernes la pretemporada, con la mente puesta en la vuelta a la competencia oficial, que ser\u00e1 el 27 de enero, cuando arranque la Liga. Luego de 40 d\u00edas de descanso, los jugadores se reencontrar\u00e1n en el predio de Villa Dom\u00ednico. En los \u00faltimos d\u00edas hubo movimiento en el mercado de pases, la dirigencia negocia para cancelar deudas y hay jugadores que empiezan a armar las valijas para marcharse del club. <strong>Ol\u00e9<\/strong> te cuenta las diez cosas que ten\u00e9s que saber del Rojo.<\/p>\n<\/div>\n<p><h2><strong>1) Stillitano quiere refuerzos<\/strong><\/h2>\n<\/p>\n<div class=\"custom-text \" readability=\"40\">\n<p>El flamante entrenador, quien lleg\u00f3 para reemplazar a Julio Falcioni y firm\u00f3 su contrato hasta el 31 de diciembre de 2023, dijo que pretende contar con dos jugadores por puesto. El t\u00e9cnico de 39 a\u00f1os cuenta con un plantel desbalanceado y es por eso que pretende incorporar. La dirigencia<strong> le ofreci\u00f3 a Quilmes 100.000.000 de pesos por el 75% del pase del volante Kevin L\u00f3pez<\/strong> y, si bien hay conformidad en cuanto al monto, a\u00fan no se lleg\u00f3 a un acuerdo en cuanto a las formas de pago. El Rojo<strong> tambi\u00e9n est\u00e1 interesado en Octavio Bianchi<\/strong> y le envi\u00f3 a All Boys una propuesta por el 60% de la ficha del delantero. Y <strong>quieren repatriar a Federico Mancuello<\/strong>, quien tiene intenciones de regresar pero debe resolver su salida del Puebla de M\u00e9xico. <strong>Tambi\u00e9n se busca arquero y laterales por ambas bandas.<\/strong><\/p>\n<\/div>\n<p><h2><strong>2) Se avanza para levantar las inhibiciones<\/strong><\/h2>\n<\/p>\n<div class=\"custom-text \" readability=\"38\">\n<p>Independiente est\u00e1 inhibido para incorporar futbolistas a causa de cuatro deudas.El Rojo le debe 1.358.090 d\u00f3lares a Gast\u00f3n Silva, 136.000 verdes m\u00e1s intereses a Barrio Obrero Paysand\u00fa y u$s 171.000 a Defensor Sporting por el pase de Carlos Benav\u00eddez. <strong>Con los dos primeros acreedores ya hubo acuerdo para pagarles en cuotas. Adem\u00e1s, el Rojo le debe 5.700.000 d\u00f3lares y 10.000 francos suizos al Am\u00e9rica de M\u00e9xico por el pase de Cecilio Dom\u00ednguez, una inhibici\u00f3n que se har\u00e1 efectiva a fin de a\u00f1o.<\/strong><\/p>\n<\/div>\n<div class=\"sc-e9a69009-0 cjEXLm\" readability=\"6\">\n<section readability=\"2\"><picture><img class=\"img\" src=\"http:\/\/hoycordobaweb.com\/wp-content\/uploads\/2022\/12\/las-diez-cosas-que-tenes-que-saber-de-independiente-2.jpg\" alt=\"Arranca el ciclo de Stillitano en el Rojo: as\u00ed est\u00e1 el panorama\" height=\"290\" width=\"290\" loading=\"lazy\"><\/picture>\n<p><span>Mir\u00e1 tambi\u00e9n<\/span><\/p>\n<hr>\n<h3>Arranca el ciclo de Stillitano en el Rojo: as\u00ed est\u00e1 el panorama<\/h3>\n<\/p>\n<\/section>\n<\/div>\n<p><h2><strong>3) Stillitano ya empez\u00f3 a pasar la escoba<\/strong><\/h2>\n<\/p>\n<div class=\"custom-text \" readability=\"40\">\n<p>El t\u00e9cnico ya les avis\u00f3 a algunos jugadores que no ser\u00e1n tenidos en cuenta de cara a la pr\u00f3xima temporada. <strong>Juan Manuel Insaurralde, Alex Vigo, Gonzalo As\u00eds, Lucas Rodr\u00edguez, Dami\u00e1n Batallini y Juan Pacchini<\/strong>, cuyos contratos se terminan el 31 de diciembre, no continuar\u00e1n en Avellaneda.<\/p>\n<\/div>\n<p><h2><strong>4) Algunos jugadores quieren irse<\/strong><\/h2>\n<\/p>\n<div class=\"custom-text \" readability=\"38\">\n<p>El contrato de <strong>Leandro Fern\u00e1ndez<\/strong> finaliza el 31 de diciembre y se marchar\u00e1 libre para continuar su carrera en Universidad de Chile. El mismo camino podr\u00eda seguir <strong>Leandro Benegas<\/strong>, quien es pretendido por Colo Colo. Adem\u00e1s,<strong> Sebasti\u00e1n Sosa<\/strong> desea volver a su pa\u00eds, Uruguay, por motivos personales.<\/p>\n<\/div>\n<div class=\"sc-b8e659bf-0 gCuBvW\"><img alt=\"Leandro Fernandez desea marcharse a Chile. (Foto: Prensa Independiente)\" srcset=\"http:\/\/hoycordobaweb.com\/wp-content\/uploads\/2022\/12\/las-diez-cosas-que-tenes-que-saber-de-independiente-3.jpg 1x, http:\/\/hoycordobaweb.com\/wp-content\/uploads\/2022\/12\/las-diez-cosas-que-tenes-que-saber-de-independiente-3.jpg 2x\" src=\"http:\/\/hoycordobaweb.com\/wp-content\/uploads\/2022\/12\/las-diez-cosas-que-tenes-que-saber-de-independiente-3.jpg\" width=\"720\" height=\"0\" decoding=\"async\" data-nimg=\"future\" loading=\"lazy\"><span>Leandro Fernandez desea marcharse a Chile. (Foto: Prensa Independiente)<\/span><\/div>\n<div class=\"sc-e9a69009-0 cjEXLm\" readability=\"6.5\">\n<section readability=\"3\"><picture><img class=\"img\" src=\"http:\/\/hoycordobaweb.com\/wp-content\/uploads\/2022\/12\/las-diez-cosas-que-tenes-que-saber-de-independiente-4.jpg\" alt=\"El Rojo, cerca de cerrar a su primer refuerzo\" height=\"290\" width=\"290\" loading=\"lazy\"><\/picture>\n<p><span>Mir\u00e1 tambi\u00e9n<\/span><\/p>\n<hr>\n<h3>El Rojo, cerca de cerrar a su primer refuerzo<\/h3>\n<\/p>\n<\/section>\n<\/div>\n<p><h2><strong>5) Hay futbolistas con futuro incierto<\/strong><\/h2>\n<\/p>\n<div class=\"custom-text \" readability=\"40\">\n<p><strong>Alan So\u00f1ora<\/strong>, quien es pretendido por el Toronto de la Major League Soccer, tiene intenciones de marcharse libre a fin de a\u00f1o, pero la dirigencia negocia para tratar de evitarlo. El v\u00ednculo de <strong>Joaqu\u00edn Laso<\/strong> concluye el 31\/12 y su futuro a\u00fan no fue resuelto. Y <strong>Facundo Ferreyra<\/strong>, quien est\u00e1 a pr\u00e9stamo hasta el 1\u00b0 de enero y su pase pertenece al Tijuana, parece estar m\u00e1s afuera que adentro ya que no tiene intenciones de firmar el contrato por productividad que le ofrecen el Rojo.<\/p>\n<\/div>\n<p><h2><strong>6) Dos jugadores que pegan la vuelta<\/strong><\/h2>\n<\/p>\n<div class=\"custom-text \" readability=\"37\">\n<p><strong>Ayrton Costa<\/strong>, zaguero de 23 a\u00f1os que viene de ser cedido a Platense, emprender\u00e1 el regreso a Avellaneda al igual que <strong>Braian \u00abChaco\u00bb Mart\u00ednez<\/strong>, extremo de 23 a\u00f1os que viene de estar a pr\u00e9stamo en Aldosivi.<\/p>\n<\/div>\n<p><h2><strong>7) Las dos ventas que buscan concretar<\/strong><\/h2>\n<\/p>\n<div class=\"custom-text \" readability=\"46\">\n<p><strong>Lucas Romero tiene contrato con Independiente hasta el 30 de junio y sus pretensiones salariales son elevadas, lo que dificulta cualquier posibilidad de renovaci\u00f3n.<\/strong> En ese contexto, su representante, Christian Bragarnik, le busca pretendientes,<strong> Si alg\u00fan club ofrece al menos 1.000.000 de d\u00f3lares, la dirigencia estar\u00e1 dispuesta a venderlo<\/strong> para no quedarse con las manos vac\u00edas. Adem\u00e1s, <strong>Mart\u00edn Ben\u00edtez, quien viene de estar a pr\u00e9stamo en Am\u00e9rica Mineiro, es pretendido por ese club brasile\u00f1o, que ofreci\u00f3 1.350.000 d\u00f3lares brutos por el 50%. <\/strong>Por ahora no hubo acuerdo en cuanto a las formas de pago, pero en Avellaneda quieren venderlo.<\/p>\n<\/div>\n<div class=\"sc-e9a69009-0 cjEXLm\" readability=\"6.5\">\n<section readability=\"3\"><picture><img class=\"img\" src=\"http:\/\/hoycordobaweb.com\/wp-content\/uploads\/2022\/12\/las-diez-cosas-que-tenes-que-saber-de-independiente-5.jpg\" alt=\"Stillitano: su &quot;sue\u00f1o&quot;, el mercado y el &quot;paladar&quot; del Rojo\" height=\"290\" width=\"290\" loading=\"lazy\"><\/picture>\n<p><span>Mir\u00e1 tambi\u00e9n<\/span><\/p>\n<hr>\n<h3>Stillitano: su \u00absue\u00f1o\u00bb, el mercado y el \u00abpaladar\u00bb del Rojo<\/h3>\n<\/p>\n<\/section>\n<\/div>\n<p><h2><strong>8) La pretemporada podr\u00eda ser en Uruguay<\/strong><\/h2>\n<\/p>\n<div class=\"custom-text \" readability=\"39\">\n<p>Independiente volver\u00e1 a las pr\u00e1cticas este viernes 2 de diciembre. <strong>Leandro Stillitano asegur\u00f3 que la parte m\u00e1s intensa de la pretemporada ser\u00e1 entre el 5 y el 15 de enero, en Montevideo<\/strong>, y all\u00ed se jugar\u00e1n tres o cuatro amistosos con rivales a definir. De todas formas,<strong> se analiza cambiar la locaci\u00f3n a San Juan<\/strong>, aunque resta la confirmaci\u00f3n oficial.<\/p>\n<\/div>\n<div class=\"sc-e9a69009-0 cjEXLm\" readability=\"6\">\n<section readability=\"2\"><picture><img class=\"img\" src=\"http:\/\/hoycordobaweb.com\/wp-content\/uploads\/2022\/12\/las-diez-cosas-que-tenes-que-saber-de-independiente-6.jpg\" alt=\"Leandro Fern\u00e1ndez no seguir\u00e1 en Independiente\" height=\"290\" width=\"290\" loading=\"lazy\"><\/picture>\n<p><span>Mir\u00e1 tambi\u00e9n<\/span><\/p>\n<hr>\n<h3>Leandro Fern\u00e1ndez no seguir\u00e1 en Independiente<\/h3>\n<\/p>\n<\/section>\n<\/div>\n<p><h2><strong>9) Hubo cambios estructurales importantes<\/strong><\/h2>\n<\/p>\n<div class=\"custom-text \" readability=\"41\">\n<p>Desde que Fabi\u00e1n Doman se impuso en las elecciones del pasado 2 de octubre, la dirigencia se encarg\u00f3 de realizar una evaluaci\u00f3n del estado del club para comenzar a reestructurar distintas \u00e1reas. <strong>Pablo Cavallero <\/strong>asumi\u00f3 como<strong> Director Deportivo, Pedro Dami\u00e1n Monz\u00f3n<\/strong> est\u00e1 cerca de ser oficializado como<strong> t\u00e9cnico de la Reserva <\/strong>en reemplazo de Juan Jos\u00e9 Serrizuela y <strong>el Doctor Enrique Prada, con amplia experiencia en el Cenard, qued\u00f3 a cargo del departamento m\u00e9dico del centro de alto rendimiento deportivo de Villa Dom\u00ednico. <\/strong>Adem\u00e1s,<strong> Fernando Kuyumchoglu<\/strong> hab\u00eda asumido como coordinador general de las divisiones inferiores, pero <strong>debi\u00f3 alejarse por motivos de salud <\/strong>y para ese cargo suena <strong>Hugo Tocalli.<\/strong><\/p>\n<\/div>\n<p><h2><strong>10) La dirigencia busca cerrar tres sponsors<\/strong><\/h2>\n<\/p>\n<div class=\"custom-text \" readability=\"37\">\n<p>Independiente no tuvo sponsors en su camiseta durante la \u00faltima temporada. La dirigencia se encuentra en la b\u00fasqueda de empresas dispuestas a pagar para estampar su firma en la casaca del Rojo. El club necesita generar ingresos de forma imperiosa ya que, seg\u00fan un informe presentado por los directivos, la deuda heredada de la gesti\u00f3n de Hugo Moyano es de 6.658.000.000 pesos.<\/p>\n<\/div>\n","protected":false},"excerpt":{"rendered":"<p>Los ojos del mundo futbol\u00edstico est\u00e1n puestos en el Mundial de Qatar, pero Independiente comenzar\u00e1 este viernes la pretemporada, con la mente puesta en la vuelta a la competencia oficial, que ser\u00e1 el 27 de enero, cuando arranque la Liga. Luego de 40 d\u00edas de descanso, los jugadores se reencontrar\u00e1n en el predio de Villa [&hellip;]<\/p>\n","protected":false},"author":1,"featured_media":52015,"comment_status":"open","ping_status":"closed","sticky":false,"template":"","format":"standard","meta":[],"categories":[16],"tags":[],"_links":{"self":[{"href":"http:\/\/hoycordobaweb.com\/index.php\/wp-json\/wp\/v2\/posts\/52014"}],"collection":[{"href":"http:\/\/hoycordobaweb.com\/index.php\/wp-json\/wp\/v2\/posts"}],"about":[{"href":"http:\/\/hoycordobaweb.com\/index.php\/wp-json\/wp\/v2\/types\/post"}],"author":[{"embeddable":true,"href":"http:\/\/hoycordobaweb.com\/index.php\/wp-json\/wp\/v2\/users\/1"}],"replies":[{"embeddable":true,"href":"http:\/\/hoycordobaweb.com\/index.php\/wp-json\/wp\/v2\/comments?post=52014"}],"version-history":[{"count":0,"href":"http:\/\/hoycordobaweb.com\/index.php\/wp-json\/wp\/v2\/posts\/52014\/revisions"}],"wp:featuredmedia":[{"embeddable":true,"href":"http:\/\/hoycordobaweb.com\/index.php\/wp-json\/wp\/v2\/media\/52015"}],"wp:attachment":[{"href":"http:\/\/hoycordobaweb.com\/index.php\/wp-json\/wp\/v2\/media?parent=52014"}],"wp:term":[{"taxonomy":"category","embeddable":true,"href":"http:\/\/hoycordobaweb.com\/index.php\/wp-json\/wp\/v2\/categories?post=52014"},{"taxonomy":"post_tag","embeddable":true,"href":"http:\/\/hoycordobaweb.com\/index.php\/wp-json\/wp\/v2\/tags?post=52014"}],"curies":[{"name":"wp","href":"https:\/\/api.w.org\/{rel}","templated":true}]}}