{"id":51991,"date":"2022-12-01T23:04:00","date_gmt":"2022-12-01T23:04:00","guid":{"rendered":"https:\/\/www.espinof.com\/trailers\/alucinante-trailer-guardianes-galaxia-3-despedida-marvel-james-gunn-sera-antes-despues-para-este-grupo-superheroes"},"modified":"2022-12-01T23:04:00","modified_gmt":"2022-12-01T23:04:00","slug":"alucinante-trailer-de-guardianes-de-la-galaxia-3-la-despedida-de-marvel-de-james-gunn-sera-un-antes-y-un-despues-para-este-grupo-de-superheroes","status":"publish","type":"post","link":"http:\/\/hoycordobaweb.com\/index.php\/2022\/12\/01\/alucinante-trailer-de-guardianes-de-la-galaxia-3-la-despedida-de-marvel-de-james-gunn-sera-un-antes-y-un-despues-para-este-grupo-de-superheroes\/","title":{"rendered":"Alucinante tr\u00e1iler de &#8216;Guardianes de la Galaxia 3&#8217;: la despedida de Marvel de James Gunn ser\u00e1 un antes y un despu\u00e9s para este grupo de superh\u00e9roes"},"content":{"rendered":"<p><a href=\"https:\/\/www.espinof.com\/listas\/marvel-que-orden-conviene-ver-todas-peliculas-superheroes-mcu\">Marvel<\/a> acaba de lanzar el <strong>alucinante tr\u00e1iler<\/strong> de <a href=\"https:\/\/www.espinof.com\/fecha-de-estreno\/guardianes-galaxia-3-2023-fecha-estreno-trailer-reparto-pelicula-marvel-dirigida-james-gunn-protagonizada-chris-pratt\">&#8216;Guardianes de la Galaxia 3&#8217;<\/a>, la pel\u00edcula que supondr\u00e1 la salida del estudio de <strong>James Gunn<\/strong>, el gran responsable de que esta franquicia sea tan popular. Recordemos que Gunn <a href=\"https:\/\/www.espinof.com\/otros\/revolucion-dc-james-gunn-peter-safran-designados-para-enderezar-rumbo-universo-dc\">fich\u00f3 recientemente<\/a> para ser uno de los m\u00e1ximos responsables <a href=\"https:\/\/www.espinof.com\/listas\/universo-extendido-dc-que-orden-conviene-ver-todas-sus-peliculas-superheroes\">de DC<\/a>, la gran rival de Marvel.<\/p>\n<p><!-- BREAK 1 --><\/p>\n<p>La pel\u00edcula tambi\u00e9n supondr\u00e1 un antes y un despu\u00e9s para los Guardianes de la Galaxia, pues el propio Gunn confirm\u00f3 que ser\u00eda la \u00faltima aventura de esta iteraci\u00f3n del grupo de superh\u00e9roes. Qu\u00e9 supondr\u00e1 exactamente eso es algo que no descubriremos hasta el <strong>5 de mayo de 2023<\/strong>, fecha de estreno en cines de &#8216;Guardianes de la Galaxia 3&#8217;.<\/p>\n<p><!-- BREAK 2 --> <\/p>\n<div class=\"article-asset article-asset-normal article-asset-center\">\n<div class=\"desvio-container\">\n<div class=\"desvio\">\n<div class=\"desvio-figure js-desvio-figure\"> <a href=\"https:\/\/www.espinof.com\/listas\/mejores-peliculas-superheroes-decada-2010-2019\"> <img alt=\"Las 29 mejores pel\u00edculas de superh\u00e9roes de la d\u00e9cada (2010-2019)\" src=\"http:\/\/hoycordobaweb.com\/wp-content\/uploads\/2022\/12\/alucinante-trailer-de-guardianes-de-la-galaxia-3-la-despedida-de-marvel-de-james-gunn-sera-un-antes-y-un-despues-para-este-grupo-de-superheroes.jpg\"> <\/a> <\/div><\/div><\/div>\n<\/div>\n<p><strong>Chris Pratt, Zoe Salda\u00f1a<\/strong>, que en apenas unos d\u00edas tambi\u00e9n estrena <a href=\"https:\/\/www.espinof.com\/fecha-de-estreno\/avatar-2-2022-fecha-estreno-trailer-reparto-pelicula-dirigida-james-cameron\">&#8216;Avatar: El sentido del agua&#8217;<\/a>,<strong> Dave Bautista, Vin Diesel, Bradley Cooper, Karen Gillan, Pom Klementieff,<\/strong> Elizabeth Debicki, Sean Gunn, Sylvester Stallone, Will Poulter, dando vida al gran villano de la funci\u00f3n, Chukwudi Iwuji y Maria Bakalova, el gran descubrimiento de <a href=\"https:\/\/www.espinof.com\/criticas\/borat-subsequent-moviefilm-sacha-baron-cohen-recupera-al-personaje-brutal-secuela-que-pulveriza-correccion-politica\">la secuela de &#8216;Borat&#8217;<\/a>, lideran el reparto.<\/p>\n<p><!-- BREAK 3 --><\/p>\n<div class=\"article-asset-image article-asset-large\">\n<div class=\"asset-content\">\n<div class=\"base-wrapper-image\"> <img class=\"sf-lazy \" data-sf-srcset=\"http:\/\/hoycordobaweb.com\/wp-content\/uploads\/2022\/12\/alucinante-trailer-de-guardianes-de-la-galaxia-3-la-despedida-de-marvel-de-james-gunn-sera-un-antes-y-un-despues-para-este-grupo-de-superheroes-1.jpg 450w, http:\/\/hoycordobaweb.com\/wp-content\/uploads\/2022\/12\/alucinante-trailer-de-guardianes-de-la-galaxia-3-la-despedida-de-marvel-de-james-gunn-sera-un-antes-y-un-despues-para-este-grupo-de-superheroes-4.jpg 681w,http:\/\/hoycordobaweb.com\/wp-content\/uploads\/2022\/12\/alucinante-trailer-de-guardianes-de-la-galaxia-3-la-despedida-de-marvel-de-james-gunn-sera-un-antes-y-un-despues-para-este-grupo-de-superheroes-5.jpg 1024w, http:\/\/hoycordobaweb.com\/wp-content\/uploads\/2022\/12\/alucinante-trailer-de-guardianes-de-la-galaxia-3-la-despedida-de-marvel-de-james-gunn-sera-un-antes-y-un-despues-para-este-grupo-de-superheroes-6.jpg 1366w,\" data-sf-src=\"http:\/\/hoycordobaweb.com\/wp-content\/uploads\/2022\/12\/alucinante-trailer-de-guardianes-de-la-galaxia-3-la-despedida-de-marvel-de-james-gunn-sera-un-antes-y-un-despues-para-este-grupo-de-superheroes-1.jpg\" alt=\"Guardianes Tres\"> <noscript><img alt=\"Guardianes Tres\" class src=\"http:\/\/hoycordobaweb.com\/wp-content\/uploads\/2022\/12\/alucinante-trailer-de-guardianes-de-la-galaxia-3-la-despedida-de-marvel-de-james-gunn-sera-un-antes-y-un-despues-para-este-grupo-de-superheroes-1.jpg\"><\/noscript> <\/div><\/div>\n<\/div>\n<p>&#8216;Guardianes de la Galaxia 3&#8217; nos contar\u00e1 c\u00f3mo Peter Quill todav\u00eda est\u00e1 recuper\u00e1ndose de la p\u00e9rdida de Gamora -algo en lo que ya incid\u00eda la simp\u00e1tica <a href=\"https:\/\/www.espinof.com\/criticas\/guardianes-galaxia-especial-felices-fiestas-james-gunn-vuelve-para-salvar-a-marvel-maravilloso-regalo-navidad-disney-plus\">&#8216;Guardianes de la Galaxia: Especial Felices Fiestas&#8217;<\/a>-, pero eso no impedir\u00e1 que, junto a sus compa\u00f1eros, se sumerja en <strong>una nueva misi\u00f3n para defender tanto al universo como a uno de los suyos.<\/strong><\/p>\n<p><!-- BREAK 4 --><\/p>\n<div class=\"article-asset article-asset-normal article-asset-center\">\n<div class=\"desvio-container\">\n<div class=\"desvio\">\n<div class=\"desvio-figure js-desvio-figure\"> <a href=\"https:\/\/www.espinof.com\/listas\/4-geniales-peliculas-ciencia-ficcion-espacial-para-ver-netflix-otras-plataformas-streaming-este-fin-semana\"> <img alt=\"4 geniales pel\u00edculas de ciencia ficci\u00f3n espacial para ver en Netflix y otras plataformas de streaming este fin de semana\" src=\"http:\/\/hoycordobaweb.com\/wp-content\/uploads\/2022\/12\/alucinante-trailer-de-guardianes-de-la-galaxia-3-la-despedida-de-marvel-de-james-gunn-sera-un-antes-y-un-despues-para-este-grupo-de-superheroes-2.jpg\"> <\/a> <\/div><\/div><\/div>\n<\/div>\n<p>Adem\u00e1s del tr\u00e1iler, Marvel tambi\u00e9n ha lanzado <strong>un primer cartel<\/strong> con un dise\u00f1o de lo m\u00e1s atractivo que os dejo a continuaci\u00f3n:<\/p>\n<p><!-- BREAK 5 --><\/p>\n<div class=\"article-asset-image article-asset-large\">\n<div class=\"asset-content\">\n<div class=\"base-wrapper-image\"> <img class=\"sf-lazy \" data-sf-srcset=\"http:\/\/hoycordobaweb.com\/wp-content\/uploads\/2022\/12\/alucinante-trailer-de-guardianes-de-la-galaxia-3-la-despedida-de-marvel-de-james-gunn-sera-un-antes-y-un-despues-para-este-grupo-de-superheroes-3.jpg 450w, http:\/\/hoycordobaweb.com\/wp-content\/uploads\/2022\/12\/alucinante-trailer-de-guardianes-de-la-galaxia-3-la-despedida-de-marvel-de-james-gunn-sera-un-antes-y-un-despues-para-este-grupo-de-superheroes-7.jpg 681w,http:\/\/hoycordobaweb.com\/wp-content\/uploads\/2022\/12\/alucinante-trailer-de-guardianes-de-la-galaxia-3-la-despedida-de-marvel-de-james-gunn-sera-un-antes-y-un-despues-para-este-grupo-de-superheroes-8.jpg 1024w, http:\/\/hoycordobaweb.com\/wp-content\/uploads\/2022\/12\/alucinante-trailer-de-guardianes-de-la-galaxia-3-la-despedida-de-marvel-de-james-gunn-sera-un-antes-y-un-despues-para-este-grupo-de-superheroes-9.jpg 1366w,\" data-sf-src=\"http:\/\/hoycordobaweb.com\/wp-content\/uploads\/2022\/12\/alucinante-trailer-de-guardianes-de-la-galaxia-3-la-despedida-de-marvel-de-james-gunn-sera-un-antes-y-un-despues-para-este-grupo-de-superheroes-3.jpg\" alt=\"Guardianes De La Galaxia 3 Cartel\"> <noscript><img alt=\"Guardianes De La Galaxia 3 Cartel\" class src=\"http:\/\/hoycordobaweb.com\/wp-content\/uploads\/2022\/12\/alucinante-trailer-de-guardianes-de-la-galaxia-3-la-despedida-de-marvel-de-james-gunn-sera-un-antes-y-un-despues-para-este-grupo-de-superheroes-3.jpg\"><\/noscript> <\/div><\/div>\n<\/div>\n","protected":false},"excerpt":{"rendered":"<p>Marvel acaba de lanzar el alucinante tr\u00e1iler de &#8216;Guardianes de la Galaxia 3&#8217;, la pel\u00edcula que supondr\u00e1 la salida del estudio de James Gunn, el gran responsable de que esta franquicia sea tan popular. Recordemos que Gunn fich\u00f3 recientemente para ser uno de los m\u00e1ximos responsables de DC, la gran rival de Marvel. La pel\u00edcula [&hellip;]<\/p>\n","protected":false},"author":1,"featured_media":51992,"comment_status":"open","ping_status":"closed","sticky":false,"template":"","format":"standard","meta":[],"categories":[1],"tags":[],"_links":{"self":[{"href":"http:\/\/hoycordobaweb.com\/index.php\/wp-json\/wp\/v2\/posts\/51991"}],"collection":[{"href":"http:\/\/hoycordobaweb.com\/index.php\/wp-json\/wp\/v2\/posts"}],"about":[{"href":"http:\/\/hoycordobaweb.com\/index.php\/wp-json\/wp\/v2\/types\/post"}],"author":[{"embeddable":true,"href":"http:\/\/hoycordobaweb.com\/index.php\/wp-json\/wp\/v2\/users\/1"}],"replies":[{"embeddable":true,"href":"http:\/\/hoycordobaweb.com\/index.php\/wp-json\/wp\/v2\/comments?post=51991"}],"version-history":[{"count":0,"href":"http:\/\/hoycordobaweb.com\/index.php\/wp-json\/wp\/v2\/posts\/51991\/revisions"}],"wp:featuredmedia":[{"embeddable":true,"href":"http:\/\/hoycordobaweb.com\/index.php\/wp-json\/wp\/v2\/media\/51992"}],"wp:attachment":[{"href":"http:\/\/hoycordobaweb.com\/index.php\/wp-json\/wp\/v2\/media?parent=51991"}],"wp:term":[{"taxonomy":"category","embeddable":true,"href":"http:\/\/hoycordobaweb.com\/index.php\/wp-json\/wp\/v2\/categories?post=51991"},{"taxonomy":"post_tag","embeddable":true,"href":"http:\/\/hoycordobaweb.com\/index.php\/wp-json\/wp\/v2\/tags?post=51991"}],"curies":[{"name":"wp","href":"https:\/\/api.w.org\/{rel}","templated":true}]}}