{"id":51987,"date":"2022-12-01T01:18:00","date_gmt":"2022-12-01T01:18:00","guid":{"rendered":"http:\/\/hoycordobaweb.com\/index.php\/2022\/12\/01\/mayra-mendoza-senalo-que-hay-un-avance-respecto-a-la-violencia-politica-en-la-region\/"},"modified":"2022-12-01T01:18:00","modified_gmt":"2022-12-01T01:18:00","slug":"mayra-mendoza-senalo-que-hay-un-avance-respecto-a-la-violencia-politica-en-la-region","status":"publish","type":"post","link":"http:\/\/hoycordobaweb.com\/index.php\/2022\/12\/01\/mayra-mendoza-senalo-que-hay-un-avance-respecto-a-la-violencia-politica-en-la-region\/","title":{"rendered":"Mayra Mendoza se\u00f1al\u00f3 que hay \u00abun avance respecto a la violencia pol\u00edtica\u00bb en la regi\u00f3n"},"content":{"rendered":"<p><img src=\"http:\/\/hoycordobaweb.com\/wp-content\/uploads\/2022\/12\/mayra-mendoza-senalo-que-hay-un-avance-respecto-a-la-violencia-politica-en-la-region.jpg\"><\/p>\n<figure class=\"mb-3\"><img loading=\"lazy\" src=\"http:\/\/hoycordobaweb.com\/wp-content\/uploads\/2022\/12\/mayra-mendoza-senalo-que-hay-un-avance-respecto-a-la-violencia-politica-en-la-region-2.jpg\" width=\"100%\" height=\"100%\" alt=\"Mayra Mendoza participo de la reunin del Consejo Cumbre de Mercociudades en Uruguay Foto TW\"><figcaption> Mayra Mendoza participo de la reuni\u00f3n del Consejo Cumbre de Mercociudades en Uruguay.\/\/ Foto TW <\/figcaption><\/figure>\n<p>La intendenta de Quilmes, Mayra Mendoza, asegur\u00f3 que hay \u00abun avance respecto a la violencia pol\u00edtica que se vive\u00bb en la regi\u00f3n latinoamericana y se\u00f1al\u00f3 que el intento de asesinato a la vicepresidenta Cristina Fern\u00e1ndez de Kirchner pone en \u00abuna situaci\u00f3n grave a nuestra democracia\u00bb que queda \u00abcondicionada\u00bb, <strong>en el marco de la 27\u00aa Cumbre de Mercociudades.<\/strong><\/p>\n<p>\u201cEl 1 de septiembre en la Argentina hubo un intento de magnifemicidio, un intento de asesinato a nuestra vicepresidenta, Cristina Fern\u00e1ndez de Kirchner, que fue dos veces presidenta\u00bb, indic\u00f3 Mendoza durante su v<strong>isita oficial de dos d\u00edas a la Rep\u00fablica Oriental del Uruguay,<\/strong> donde participa de la 27\u00aa Cumbre de Mercociudades que se desarrolla <strong>en la ciudad de Montevideo.<\/strong><\/p>\n<p>En ese sentido, afirm\u00f3 que el intento de magnicidio es \u00abuna situaci\u00f3n grave para nuestra democracia, que queda condicionada a partir de situaciones como esta, a partir de que los poderes no toman el lugar independiente que tienen que tomar\u00bb.<\/p>\n<p>\u00abMuchas veces son parte de una connivencia para perseguir y hostigar a l\u00edderes populares como lo es en la Argentina hoy parte del Poder Judicial, que funciona como un partido judicial. Lo que no puede llegar a hacer democr\u00e1ticamente, elegidos por la voluntad del pueblo, lo hacen desde el Poder Judicial\u201d, asever\u00f3.<\/p>\n<p>\u201cHay situaciones que no podemos desconocer o dejar de mencionar en estas reuniones, que tienen que ver con momentos que se viven en mi pa\u00eds particularmente, pero tambi\u00e9n en la regi\u00f3n, con los <strong>discursos de odio, con un avance respecto a la violencia pol\u00edtica que se vive en nuestros pa\u00edses. Pero en la Argentina particularmente ha llegado a un l\u00edmite. <\/strong>Entonces todos tenemos que poder tomar<strong> reflexi\u00f3n y hacer nuestros aportes en ese sentido\u201d<\/strong>, remarc\u00f3.<\/p>\n<p>Al respecto, mencion\u00f3 <strong>\u201cla unidad tem\u00e1tica de g\u00e9nero\u00bb<\/strong>, en la que \u00abhemos construido y hemos trabajado en este tiempo: <strong>una gu\u00eda de transversalidad, una gu\u00eda de transversalizaci\u00f3n<\/strong> para todas las unidades tem\u00e1ticas respecto al g\u00e9nero en particular\u00bb.<\/p>\n<figure class=\"mb-3\"><img loading=\"lazy\" src=\"http:\/\/hoycordobaweb.com\/wp-content\/uploads\/2022\/12\/mayra-mendoza-senalo-que-hay-un-avance-respecto-a-la-violencia-politica-en-la-region-3.jpg\" width=\"100%\" height=\"100%\" alt=\"Quilmes fue reconocida como una de las tres ciudades ganadoras del Fondo de Cooperacin SurSur 2022Foto TW\"><figcaption> Quilmes fue reconocida como una de las tres ciudades ganadoras del Fondo de Cooperaci\u00f3n Sur-Sur 2022.\/\/Foto TW <\/figcaption><\/figure>\n<p>La Cumbre se inscribe bajo la consigna de avanzar hacia<strong> \u201cCiudades amigas, ciudades m\u00e1s verdes\u201d,<\/strong> a partir de tres grandes ejes: <strong>ciudad ambientalmente sustentable, ciudad innovadora y ciudad de cuidados.<\/strong><\/p>\n<p>En el encuentro, <strong>Quilmes<\/strong> revalid\u00f3 su participaci\u00f3n en distintos espacios de la red y <strong>fue reconocida como una de las tres ciudades ganadoras del Fondo de Cooperaci\u00f3n Sur-Sur 2022.<\/strong><\/p>\n<p>\u201cEs para nosotras realmente muy importante poder participar de esta Red, agradezco la posibilidad. Somos tambi\u00e9n un municipio a orillas del R\u00edo de la Plata, <strong>Quilmes tiene 700 mil habitantes en el Conurbano Bonaerense, y formamos parte de Mercociudades desde el a\u00f1o 2000&#8243;,<\/strong> asegur\u00f3 la intendenta.<\/p>\n<p>Al respecto a\u00f1adi\u00f3: \u00abTenemos la intenci\u00f3n de seguir fortaleciendo esta Red para poder abordar problem\u00e1ticas que, entiendo, son comunes y desde la fuerza de los Gobiernos locales, tenemos que poder coordinar y plantear posibilidades inteligentes, creativas, disruptivas, para abordar soluciones para esos temas\u201d.<\/p>\n<blockquote class=\"twitter-tweet\" readability=\"7.3079019073569\">\n<p lang=\"es\" dir=\"ltr\">Participamos de la reuni\u00f3n del Consejo de desarroll\u00f3 en el marco de la 27\u00b0 Cumbre de Mercociudades en Uruguay.<\/p>\n<p>Repudiamos el intento de asesinato a <a href=\"https:\/\/twitter.com\/CFKArgentina?ref_src=twsrc%5Etfw\">@CFKArgentina<\/a> y denunciamos la violencia pol\u00edtica que ejercen contra la vicepresidenta en nuestro pa\u00eds.<a href=\"https:\/\/twitter.com\/hashtag\/SomosQuilmes?src=hash&amp;ref_src=twsrc%5Etfw\">#SomosQuilmes<\/a> \ud83d\udc99\ud83d\udc4d\ud83c\udffc <a href=\"https:\/\/t.co\/BraRZK4PvQ\">pic.twitter.com\/BraRZK4PvQ<\/a><\/p>\n<p>\u2014 Mayra Mendoza \u2600\ufe0f (@mayrasmendoza) <a href=\"https:\/\/twitter.com\/mayrasmendoza\/status\/1598099564346871808?ref_src=twsrc%5Etfw\">November 30, 2022<\/a><\/p><\/blockquote>\n<p>Adem\u00e1s, este mi\u00e9rcoles, <strong>la jefa comunal <\/strong>se <strong>reuni\u00f3 con el embajador de Argentina en Uruguay, Alberto Iribarne,<\/strong> y luego del almuerzo, se desarroll\u00f3 la reuni\u00f3n del Consejo de Mercociudades.<\/p>\n<p>A continuaci\u00f3n, se realiz\u00f3 la apertura oficial de la Cumbre de Mercociudades, y la jornada culmin\u00f3 con una cena, se inform\u00f3 en el comunicado.<\/p>\n<p><strong>La comitiva quilme\u00f1a<\/strong> est\u00e1 integrada adem\u00e1s de la Jefa comunal, por el director general de Relaciones Institucionales, Fernando Collizzolli; la directora de Relaciones Internacionales, Amparo Sayago, y la directora general de Patrimonio Cultural, Gabriela Alonso.<\/p>\n<p>Asimismo, autoridades de Quilmes presidieron la reuni\u00f3n anual de la Unidad Tem\u00e1tica de G\u00e9nero y la de Cultura, que la ciudad coordina, y participaron de la Unidad Tem\u00e1tica de Derechos Humanos y Migraciones como ciudad subcoordinadora.<\/p>\n<p>En tanto, este jueves continuar\u00e1 la actividad oficial con una <strong>reuni\u00f3n que Mayra tendr\u00e1 con el intendente de Canelones, Yamand\u00fa Orsi, entre otros temas de agenda.<\/strong> <\/p>\n","protected":false},"excerpt":{"rendered":"<p>Mayra Mendoza participo de la reuni\u00f3n del Consejo Cumbre de Mercociudades en Uruguay.\/\/ Foto TW La intendenta de Quilmes, Mayra Mendoza, asegur\u00f3 que hay \u00abun avance respecto a la violencia pol\u00edtica que se vive\u00bb en la regi\u00f3n latinoamericana y se\u00f1al\u00f3 que el intento de asesinato a la vicepresidenta Cristina Fern\u00e1ndez de Kirchner pone en \u00abuna [&hellip;]<\/p>\n","protected":false},"author":1,"featured_media":51988,"comment_status":"open","ping_status":"closed","sticky":false,"template":"","format":"standard","meta":[],"categories":[19],"tags":[],"_links":{"self":[{"href":"http:\/\/hoycordobaweb.com\/index.php\/wp-json\/wp\/v2\/posts\/51987"}],"collection":[{"href":"http:\/\/hoycordobaweb.com\/index.php\/wp-json\/wp\/v2\/posts"}],"about":[{"href":"http:\/\/hoycordobaweb.com\/index.php\/wp-json\/wp\/v2\/types\/post"}],"author":[{"embeddable":true,"href":"http:\/\/hoycordobaweb.com\/index.php\/wp-json\/wp\/v2\/users\/1"}],"replies":[{"embeddable":true,"href":"http:\/\/hoycordobaweb.com\/index.php\/wp-json\/wp\/v2\/comments?post=51987"}],"version-history":[{"count":0,"href":"http:\/\/hoycordobaweb.com\/index.php\/wp-json\/wp\/v2\/posts\/51987\/revisions"}],"wp:featuredmedia":[{"embeddable":true,"href":"http:\/\/hoycordobaweb.com\/index.php\/wp-json\/wp\/v2\/media\/51988"}],"wp:attachment":[{"href":"http:\/\/hoycordobaweb.com\/index.php\/wp-json\/wp\/v2\/media?parent=51987"}],"wp:term":[{"taxonomy":"category","embeddable":true,"href":"http:\/\/hoycordobaweb.com\/index.php\/wp-json\/wp\/v2\/categories?post=51987"},{"taxonomy":"post_tag","embeddable":true,"href":"http:\/\/hoycordobaweb.com\/index.php\/wp-json\/wp\/v2\/tags?post=51987"}],"curies":[{"name":"wp","href":"https:\/\/api.w.org\/{rel}","templated":true}]}}