{"id":51973,"date":"2022-11-30T16:42:33","date_gmt":"2022-11-30T16:42:33","guid":{"rendered":"https:\/\/www.ole.com.ar\/futbol-internacional\/salud-pele-internado-brasil-aclaracion-hija-familia_0_SUmYSKLLOu.html"},"modified":"2022-11-30T16:42:33","modified_gmt":"2022-11-30T16:42:33","slug":"la-aclaracion-por-la-salud-de-pele","status":"publish","type":"post","link":"http:\/\/hoycordobaweb.com\/index.php\/2022\/11\/30\/la-aclaracion-por-la-salud-de-pele\/","title":{"rendered":"La aclaraci\u00f3n por la salud de Pel\u00e9"},"content":{"rendered":"<p><img src=\"http:\/\/hoycordobaweb.com\/wp-content\/uploads\/2022\/12\/la-aclaracion-por-la-salud-de-pele.jpg\"><\/p>\n<div class=\"custom-text \" readability=\"37.516539440204\">\n<p>Mientras los ojos del mundo est\u00e1n puestos en Qatar y en c\u00f3mo se definen los cruces de octavos de final, la salud de <a href=\"https:\/\/www.ole.com.ar\/tema\/pele.html\" title=\"Pel\u00e9\" alt=\"Pel\u00e9\" class=\"slug\"><strong>Pel\u00e9<\/strong><\/a> volvi\u00f3 a generar preocupaci\u00f3n en Brasil. O Rei, de 82 a\u00f1os, volvi\u00f3 a quedar internado y una de sus<strong> hijas transmiti\u00f3 tranquilidad<\/strong> luego de que algunos medios locales informaran que se trat\u00f3 de una situaci\u00f3n de emergencia que alert\u00f3 a los m\u00e9dicos y a su familia.<\/p>\n<\/div>\n<div class=\"sc-e9a69009-0 cjEXLm\" readability=\"6.5\">\n<section readability=\"3\"><picture><img class=\"img\" src=\"http:\/\/hoycordobaweb.com\/wp-content\/uploads\/2022\/12\/la-aclaracion-por-la-salud-de-pele-2.jpg\" alt=\"Ayew y la &quot;revancha&quot; de Ghana contra Uruguay: &quot;Lo \u00fanico que pienso es en pasar a octavos&quot;\" height=\"290\" width=\"290\" loading=\"lazy\"><\/picture>\n<p><span>Mir\u00e1 tambi\u00e9n<\/span><\/p>\n<hr>\n<h3>Ayew y la \u00abrevancha\u00bb de Ghana contra Uruguay: \u00abLo \u00fanico que pienso es en pasar a octavos\u00bb<\/h3>\n<\/p>\n<\/section>\n<\/div>\n<div class=\"custom-text \" readability=\"41\">\n<p>Seg\u00fan ESPN Brasil, el astro brasile\u00f1o fue trasladado de urgencia este mi\u00e9rcoles al hospital Albert Einstein, de San Pablo, luego de que su esposa, M\u00e1rcia Aoki, observara una <strong>\u201chinchaz\u00f3n en todo el cuerpo\u201d. <\/strong>Adem\u00e1s, agregaron que los ex\u00e1menes preliminares dieron como resultado una <strong>\u201cinsuficiencia card\u00edaca descompensada\u00bb <\/strong>y que<strong> <\/strong>\u00abla quimioterapia realizada en los \u00faltimos meses no ha mostrado respuesta a los tumores presentes en varios \u00f3rganos de su cuerpo\u00bb.<\/p>\n<\/div>\n<div class=\"sc-e9a69009-0 cjEXLm\" readability=\"6\">\n<section readability=\"2\"><picture><img class=\"img\" src=\"http:\/\/hoycordobaweb.com\/wp-content\/uploads\/2022\/12\/la-aclaracion-por-la-salud-de-pele-3.jpg\" alt=\"Clasific\u00f3 a su pa\u00eds a octavos y podr\u00eda no jugarlos\" height=\"290\" width=\"290\" loading=\"lazy\"><\/picture>\n<p><span>Mir\u00e1 tambi\u00e9n<\/span><\/p>\n<hr>\n<h3>Clasific\u00f3 a su pa\u00eds a octavos y podr\u00eda no jugarlos<\/h3>\n<\/p>\n<\/section>\n<\/div>\n<div class=\"sc-b8e659bf-0 gCuBvW\"><img alt=\"Pel\u00e9 festej\u00f3 sus 82 a\u00f1os.\" srcset=\"http:\/\/hoycordobaweb.com\/wp-content\/uploads\/2022\/12\/la-aclaracion-por-la-salud-de-pele-4.jpg 1x, http:\/\/hoycordobaweb.com\/wp-content\/uploads\/2022\/12\/la-aclaracion-por-la-salud-de-pele-4.jpg 2x\" src=\"http:\/\/hoycordobaweb.com\/wp-content\/uploads\/2022\/12\/la-aclaracion-por-la-salud-de-pele-4.jpg\" width=\"720\" height=\"0\" decoding=\"async\" data-nimg=\"future\" loading=\"lazy\"><span>Pel\u00e9 festej\u00f3 sus 82 a\u00f1os.<\/span><\/div>\n<div class=\"custom-text \" readability=\"37\">\n<p>A la espera de un parte m\u00e9dico oficial, <strong>Kely Nascimento<\/strong> realiz\u00f3 un posteo en Instagram para desmentir lo que public\u00f3 la prensa y desactivar las alarmas. \u00abHola amigos. <strong>Los medios se est\u00e1n volviendo locos de nuevo y quiero venir a calmar un poco. Mi pap\u00e1 est\u00e1 internado, est\u00e1 regulando el medicamento. <\/strong>No estoy buscando ning\u00fan vuelo para correr para all\u00e1. Mis hermanos est\u00e1n en Brasil visitando y yo voy a ir para A\u00f1o nuevo.<strong> No hay ninguna sorpresa ni emergencia.<\/strong> Agradecemos mucho el cari\u00f1o y amor que transmiten\u00bb.<\/p>\n<\/div>\n<div class=\"sc-e9a69009-0 cjEXLm\" readability=\"6.5\">\n<section readability=\"3\"><picture><img class=\"img\" src=\"http:\/\/hoycordobaweb.com\/wp-content\/uploads\/2022\/12\/la-aclaracion-por-la-salud-de-pele-5.jpg\" alt=\"Seg\u00fan Al-Khelaifi, el PSG vale \u00a14.000 millones de euros!\" height=\"290\" width=\"290\" loading=\"lazy\"><\/picture>\n<p><span>Mir\u00e1 tambi\u00e9n<\/span><\/p>\n<hr>\n<h3>Seg\u00fan Al-Khelaifi, el PSG vale \u00a14.000 millones de euros!<\/h3>\n<\/p>\n<\/section>\n<\/div>\n<div class=\"custom-text \" readability=\"39\">\n<p>De esta manera, el ex jugador de Santos y la selecci\u00f3n de Brasil, con la cual fue tres veces campe\u00f3n del Mundial, continuar\u00e1 hospitalizado para someterse a algunas pruebas de rutina que forman parte del<strong> tratamiento que viene realizando desde septiembre de 2021, cuando le extirparon un tumor en el colon <\/strong>(inici\u00f3 un ciclo de sesiones de quimioterapia que lo obligaron a pasar por el hospital algunas veces para seguir de cerca su evoluci\u00f3n).<\/p>\n<\/div>\n<div class=\"sc-e9a69009-0 cjEXLm\" readability=\"6\">\n<section readability=\"2\"><picture><img class=\"img\" src=\"http:\/\/hoycordobaweb.com\/wp-content\/uploads\/2022\/12\/la-aclaracion-por-la-salud-de-pele-6.jpg\" alt=\"Alerta en FIFA por la cantidad de argentinos \" height=\"290\" width=\"290\" loading=\"lazy\"><\/picture>\n<p><span>Mir\u00e1 tambi\u00e9n<\/span><\/p>\n<hr>\n<h3>Alerta en FIFA por la cantidad de argentinos<br \/>\n<\/h3>\n<\/p>\n<\/section>\n<\/div>\n<div class=\"sc-b8e659bf-0 gCuBvW\"><img alt=\"Pel\u00e9 le agradeci\u00f3 la compa\u00f1\u00eda a su mujer, Marcia.\" srcset=\"http:\/\/hoycordobaweb.com\/wp-content\/uploads\/2022\/12\/la-aclaracion-por-la-salud-de-pele-7.jpg 1x, http:\/\/hoycordobaweb.com\/wp-content\/uploads\/2022\/12\/la-aclaracion-por-la-salud-de-pele-7.jpg 2x\" src=\"http:\/\/hoycordobaweb.com\/wp-content\/uploads\/2022\/12\/la-aclaracion-por-la-salud-de-pele-7.jpg\" width=\"720\" height=\"0\" decoding=\"async\" data-nimg=\"future\" loading=\"lazy\"><span>Pel\u00e9 le agradeci\u00f3 la compa\u00f1\u00eda a su mujer, Marcia.<\/span><\/div>\n<div class=\"custom-text \" readability=\"39\">\n<p>Adem\u00e1s del tumor<strong>, la salud de Pel\u00e9 se ha visto deteriorada en los \u00faltimos a\u00f1os debido a problemas en la columna, la cadera y la rodilla<\/strong> que han reducido su movilidad y le han obligado a pasar por el quir\u00f3fano, <strong>adem\u00e1s de sufrir algunas crisis renales. <\/strong>Esto provoc\u00f3 que se reduzcan de forma dr\u00e1stica sus apariciones p\u00fablicas, aunque<strong> se mantiene muy activo en redes sociales.<\/strong><\/p>\n<\/div>\n<div class=\"custom-text \">\n<h2><strong>El cumplea\u00f1os de O Rei<\/strong><\/h2>\n<\/div>\n<div class=\"sc-e9a69009-0 cjEXLm\" readability=\"6.5\">\n<section readability=\"3\"><picture><img class=\"img\" src=\"http:\/\/hoycordobaweb.com\/wp-content\/uploads\/2022\/12\/la-aclaracion-por-la-salud-de-pele-8.jpg\" alt=\"La dura cr\u00edtica de Kroos para Alemania: &quot;Hay que saber hacer mucho m\u00e1s con la pelota&quot;\" height=\"290\" width=\"290\" loading=\"lazy\"><\/picture>\n<p><span>Mir\u00e1 tambi\u00e9n<\/span><\/p>\n<hr>\n<h3>La dura cr\u00edtica de Kroos para Alemania: \u00abHay que saber hacer mucho m\u00e1s con la pelota\u00bb<\/h3>\n<\/p>\n<\/section>\n<\/div>\n<div class=\"custom-text \" readability=\"38\">\n<p>Por lo pronto, el pasado 23 de octubre sopl\u00f3 las 82 velitas y comparti\u00f3 un video en Instagram agradeciendo por los saludos: \u00abMis amigos de Brasil y de todo el mundo, estoy muy feliz de estar hoy aqu\u00ed con ustedes y que Dios me haya dado esta salud para poder agradecerles por lo que he recibido. <strong>Todo el mundo habla de Pel\u00e9, el mundo sabe que le agradezco la edad y todo lo que he recibido en este mundo. 82 a\u00f1os es un regalo de Dios. <\/strong>Espero que continuemos juntos por mucho tiempo\u00bb.<\/p>\n<\/div>\n","protected":false},"excerpt":{"rendered":"<p>Mientras los ojos del mundo est\u00e1n puestos en Qatar y en c\u00f3mo se definen los cruces de octavos de final, la salud de Pel\u00e9 volvi\u00f3 a generar preocupaci\u00f3n en Brasil. O Rei, de 82 a\u00f1os, volvi\u00f3 a quedar internado y una de sus hijas transmiti\u00f3 tranquilidad luego de que algunos medios locales informaran que se [&hellip;]<\/p>\n","protected":false},"author":1,"featured_media":51974,"comment_status":"open","ping_status":"closed","sticky":false,"template":"","format":"standard","meta":[],"categories":[16],"tags":[],"_links":{"self":[{"href":"http:\/\/hoycordobaweb.com\/index.php\/wp-json\/wp\/v2\/posts\/51973"}],"collection":[{"href":"http:\/\/hoycordobaweb.com\/index.php\/wp-json\/wp\/v2\/posts"}],"about":[{"href":"http:\/\/hoycordobaweb.com\/index.php\/wp-json\/wp\/v2\/types\/post"}],"author":[{"embeddable":true,"href":"http:\/\/hoycordobaweb.com\/index.php\/wp-json\/wp\/v2\/users\/1"}],"replies":[{"embeddable":true,"href":"http:\/\/hoycordobaweb.com\/index.php\/wp-json\/wp\/v2\/comments?post=51973"}],"version-history":[{"count":0,"href":"http:\/\/hoycordobaweb.com\/index.php\/wp-json\/wp\/v2\/posts\/51973\/revisions"}],"wp:featuredmedia":[{"embeddable":true,"href":"http:\/\/hoycordobaweb.com\/index.php\/wp-json\/wp\/v2\/media\/51974"}],"wp:attachment":[{"href":"http:\/\/hoycordobaweb.com\/index.php\/wp-json\/wp\/v2\/media?parent=51973"}],"wp:term":[{"taxonomy":"category","embeddable":true,"href":"http:\/\/hoycordobaweb.com\/index.php\/wp-json\/wp\/v2\/categories?post=51973"},{"taxonomy":"post_tag","embeddable":true,"href":"http:\/\/hoycordobaweb.com\/index.php\/wp-json\/wp\/v2\/tags?post=51973"}],"curies":[{"name":"wp","href":"https:\/\/api.w.org\/{rel}","templated":true}]}}