{"id":51961,"date":"2022-12-01T07:00:17","date_gmt":"2022-12-01T07:00:17","guid":{"rendered":"https:\/\/www.ole.com.ar\/mundial\/mundial-qatar-2022\/definicion-grupo-e-alemania-espana-japon-costa-rica_0_nxXAkDI8QL.html"},"modified":"2022-12-01T07:00:17","modified_gmt":"2022-12-01T07:00:17","slug":"la-apasionante-definicion-del-grupo-de-espana-y-alemania","status":"publish","type":"post","link":"http:\/\/hoycordobaweb.com\/index.php\/2022\/12\/01\/la-apasionante-definicion-del-grupo-de-espana-y-alemania\/","title":{"rendered":"La apasionante definici\u00f3n del grupo de Espa\u00f1a y Alemania"},"content":{"rendered":"<p><img src=\"http:\/\/hoycordobaweb.com\/wp-content\/uploads\/2022\/12\/la-apasionante-definicion-del-grupo-de-espana-y-alemania.jpg\"><\/p>\n<div class=\"custom-text \" readability=\"37\">\n<p>\u00abS\u00f3lo pensamos en ganar porque los cuatro equipos se pueden clasificar. Queremos quedar primeros. No podemos ni debemos especular. Imagina. Vamos 0-0 en los dos partidos y en el 95\u2019 de los dos partidos marcan Jap\u00f3n y Costa Rica. Est\u00e1s fuera&#8230;\u201d, dijo <strong>Luis Enrique<\/strong>. Y entiende todo, el det\u00e9 streamer.<\/p>\n<\/div>\n<div class=\"custom-text \" readability=\"34.175675675676\">\n<p>En apenas cinco oraciones, el det\u00e9 espa\u00f1ol resumi\u00f3 la vibrante \u00faltima fecha del grupo E. <strong>En el que <\/strong><a href=\"https:\/\/www.ole.com.ar\/tema\/seleccion-de-espana.html\" title=\"selecci\u00f3n de espa\u00f1a\" alt=\"selecci\u00f3n de espa\u00f1a\" class=\"slug\"><strong>Espa\u00f1a <\/strong><\/a><strong>es l\u00edder y <\/strong><a href=\"https:\/\/www.ole.com.ar\/tema\/alemania.html\" title=\"Alemania\" alt=\"Alemania\" class=\"slug\"><strong>Alemania<\/strong><\/a><strong>, \u00faltimo<\/strong>. Una zona en la que ticos y japoneses convidaron sus cuotas de sorpresa y tienen chances de clasificar \u00a1ambas! eliminando as\u00ed a dos potencias candidatas.<\/p>\n<\/div>\n<p><h2>La mirada de Espa\u00f1a<\/h2>\n<\/p>\n<div class=\"sc-b8e659bf-0 gCuBvW\"><img alt=\"Espa\u00f1a prepara su partido decisivo (EFE).\" srcset=\"http:\/\/hoycordobaweb.com\/wp-content\/uploads\/2022\/12\/la-apasionante-definicion-del-grupo-de-espana-y-alemania-2.jpg 1x, http:\/\/hoycordobaweb.com\/wp-content\/uploads\/2022\/12\/la-apasionante-definicion-del-grupo-de-espana-y-alemania-2.jpg 2x\" src=\"http:\/\/hoycordobaweb.com\/wp-content\/uploads\/2022\/12\/la-apasionante-definicion-del-grupo-de-espana-y-alemania-2.jpg\" width=\"720\" height=\"0\" decoding=\"async\" data-nimg=\"future\" loading=\"lazy\"><span>Espa\u00f1a prepara su partido decisivo (EFE).<\/span><\/div>\n<div class=\"custom-text \" readability=\"40\">\n<p>Y en esa l\u00ednea el gijon\u00e9s fue claro: <strong>nada de pensar en qu\u00e9 ser\u00e1 lo mejor<\/strong>, si conviene ser segundo para no caer en la llave por la que (se presume) desfilar\u00e1 el poderoso Brasil o arriesgarse nom\u00e1s a verse con el Scratch por temor a perder todo en el camino y no quedarse con nada. Por supuesto, tiene mucho mayor handicap para preparar su partido ante Jap\u00f3n que la que tiene <strong>Hansi Flick<\/strong>, el entrenador de Alemania<strong> que no quiere repetir el registro de su predecesor, Joachim L\u00f6w<\/strong>, quien qued\u00f3 eliminado de Rusia 2018 en primera ronda como \u00faltima v\u00edctima de la maldici\u00f3n del campe\u00f3n que en esta edici\u00f3n no le ha aplicado a Francia.<\/p>\n<\/div>\n<p><h2>El enojo alem\u00e1n<\/h2>\n<\/p>\n<div class=\"sc-b8e659bf-0 gCuBvW\"><img alt=\"Flick, antes de su \u00faltima rueda de prensa (AP).\" srcset=\"http:\/\/hoycordobaweb.com\/wp-content\/uploads\/2022\/12\/la-apasionante-definicion-del-grupo-de-espana-y-alemania-3.jpg 1x, http:\/\/hoycordobaweb.com\/wp-content\/uploads\/2022\/12\/la-apasionante-definicion-del-grupo-de-espana-y-alemania-3.jpg 2x\" src=\"http:\/\/hoycordobaweb.com\/wp-content\/uploads\/2022\/12\/la-apasionante-definicion-del-grupo-de-espana-y-alemania-3.jpg\" width=\"720\" height=\"0\" decoding=\"async\" data-nimg=\"future\" loading=\"lazy\"><span>Flick, antes de su \u00faltima rueda de prensa (AP).<\/span><\/div>\n<div class=\"custom-text \" readability=\"42\">\n<p><strong>\u201cEstamos en esta situaci\u00f3n por nuestra culpa, por no haber jugado bien\u201d<\/strong>, dijo Flick con un enorme grado de autocr\u00edtica, razonando con la calculadora en la mano, comprendiendo que incluso ganando 1-0 podr\u00eda quedar eliminado si <strong>Jap\u00f3n <\/strong>y <strong>Espa\u00f1a <\/strong>empatan con goles: en esa l\u00ednea pesan los gritos a favor y, en caso de que persista la igualdad, el resultado entre los seleccionados que disputan la plaza. Y ah\u00ed, Jap\u00f3n tiene la ventaja por el 2-1 del debut. \u00bfQu\u00e9 pasa si ganan los nipones? <strong>Alemania necesitar\u00e1 una goleada&#8230;<\/strong><\/p>\n<\/div>\n<div class=\"custom-text \" readability=\"37\">\n<p><strong>\u201cNo depende \u00fanicamente de nosotros. Tenemos presi\u00f3n en esta competici\u00f3n y a veces eso puede venir bien. Ser\u00e1 importante que encontremos una soluci\u00f3n a esto&#8230;\u201d<\/strong>, dijo quien se halla en un contexto de dificultad, pues esta nueva generaci\u00f3n de talentos ha recibido cr\u00edticas de antiguos integrantes de la Mannschaft.<\/p>\n<\/div>\n<div class=\"custom-text \" readability=\"35\">\n<p><strong>Toni Kroos <\/strong>dijo que Alemanie podr\u00eda haber hecho \u201cmucho m\u00e1s\u201d con la pelota en el empate frente a Espa\u00f1a mientras que <strong>Bastian Schweinsteiger<\/strong> se\u00f1al\u00f3 que desde su \u00f3ptica los talentos alemanes \u201cest\u00e1n tratando de enfocarse m\u00e1s en sus habilidades futbol\u00edsticas que quiz\u00e1s en su pasi\u00f3n y correr y pelear y dar el 120%\u201d.<\/p>\n<\/div>\n<div class=\"custom-text \" readability=\"36\">\n<p>Incluso puertas adentro el clima no parece ser el mejor: post derrota inicial, <strong>Ilkay Gundogan<\/strong> confes\u00f3 haber sentido que \u201cno todo el mundo quer\u00eda realmente el bal\u00f3n. Lo perd\u00edamos con demasiada frecuencia y mucha facilidad\u201d. Todo eso debe cambiar para tocar la historia en una fecha electrizante.<\/p>\n<\/div>\n<p><h2>St\u00e9phanie Frappart, la hist\u00f3rica jueza mundialista<\/h2>\n<\/p>\n<div class=\"sc-b8e659bf-0 gCuBvW\"><img alt=\"Dirigir\u00e1 Alemania-Costa Rica (AFP).\" srcset=\"http:\/\/hoycordobaweb.com\/wp-content\/uploads\/2022\/12\/la-apasionante-definicion-del-grupo-de-espana-y-alemania-4.jpg 1x, http:\/\/hoycordobaweb.com\/wp-content\/uploads\/2022\/12\/la-apasionante-definicion-del-grupo-de-espana-y-alemania-4.jpg 2x\" src=\"http:\/\/hoycordobaweb.com\/wp-content\/uploads\/2022\/12\/la-apasionante-definicion-del-grupo-de-espana-y-alemania-4.jpg\" width=\"720\" height=\"0\" decoding=\"async\" data-nimg=\"future\" loading=\"lazy\"><span>Dirigir\u00e1 Alemania-Costa Rica (AFP).<\/span><\/div>\n<div class=\"custom-text \" readability=\"35\">\n<p>El f\u00fatbol est\u00e1 evolucionando y la designaci\u00f3n de <strong>St\u00e9phanie Frappart <\/strong>es un ejemplo de ello: ser\u00e1 la primera mujer en dirigir como \u00e1rbitro principal un partido de Copa del Mundo. <strong>La francesa de 38 a\u00f1os estar\u00e1 encargada de impartir justicia en Alemania-Costa Rica<\/strong> y ser\u00e1 acompa\u00f1ada por la brasile\u00f1a Neuza Back y la mexicana Karen D\u00edaz.<\/p>\n<\/div>\n<div class=\"custom-text \" readability=\"38\">\n<p>La carrera de Frappart tuvo un crecimiento enorme desde 2019, cuando debut\u00f3 en Ligue1. <strong>Ese mismo a\u00f1o dirigi\u00f3 la final de la Supercopa UEFA entre Liverpool y Chelsea<\/strong>, y tambi\u00e9n ha tenido participaci\u00f3n activa en encuentros de Champions League y en la pasada Eurocopa, en la que se desempe\u00f1\u00f3 como jueza de l\u00ednea.<\/p>\n<\/div>\n<div class=\"sc-e9a69009-0 cjEXLm\" readability=\"6.5\">\n<section readability=\"3\"><picture><img class=\"img\" src=\"http:\/\/hoycordobaweb.com\/wp-content\/uploads\/2022\/12\/la-apasionante-definicion-del-grupo-de-espana-y-alemania-5.jpg\" alt=\"La columna de Mohamed en Ol\u00e9: &quot;Scaloni manej\u00f3 bien el post derrota con Arabia&quot; y &quot;Recuperamos la identidad&quot; \" height=\"290\" width=\"290\" loading=\"lazy\"><\/picture>\n<p><span>Mir\u00e1 tambi\u00e9n<\/span><\/p>\n<hr>\n<h3>La columna de Mohamed en Ol\u00e9: \u00abScaloni manej\u00f3 bien el post derrota con Arabia\u00bb y \u00abRecuperamos la identidad\u00bb <\/h3>\n<\/p>\n<\/section>\n<\/div>\n<div class=\"sc-e9a69009-0 cjEXLm\" readability=\"6\">\n<section readability=\"2\"><picture><img class=\"img\" src=\"http:\/\/hoycordobaweb.com\/wp-content\/uploads\/2022\/12\/la-apasionante-definicion-del-grupo-de-espana-y-alemania-6.jpg\" alt=\"Berm\u00fadez confirm\u00f3 que Ibarra seguir\u00e1 en el cargo de t\u00e9cnico de Boca en 2023\" height=\"290\" width=\"290\" loading=\"lazy\"><\/picture>\n<p><span>Mir\u00e1 tambi\u00e9n<\/span><\/p>\n<hr>\n<h3>Berm\u00fadez confirm\u00f3 que Ibarra seguir\u00e1 en el cargo de t\u00e9cnico de Boca en 2023<\/h3>\n<\/p>\n<\/section>\n<\/div>\n","protected":false},"excerpt":{"rendered":"<p>\u00abS\u00f3lo pensamos en ganar porque los cuatro equipos se pueden clasificar. Queremos quedar primeros. No podemos ni debemos especular. Imagina. Vamos 0-0 en los dos partidos y en el 95\u2019 de los dos partidos marcan Jap\u00f3n y Costa Rica. Est\u00e1s fuera&#8230;\u201d, dijo Luis Enrique. Y entiende todo, el det\u00e9 streamer. En apenas cinco oraciones, el [&hellip;]<\/p>\n","protected":false},"author":1,"featured_media":51962,"comment_status":"open","ping_status":"closed","sticky":false,"template":"","format":"standard","meta":[],"categories":[16],"tags":[],"_links":{"self":[{"href":"http:\/\/hoycordobaweb.com\/index.php\/wp-json\/wp\/v2\/posts\/51961"}],"collection":[{"href":"http:\/\/hoycordobaweb.com\/index.php\/wp-json\/wp\/v2\/posts"}],"about":[{"href":"http:\/\/hoycordobaweb.com\/index.php\/wp-json\/wp\/v2\/types\/post"}],"author":[{"embeddable":true,"href":"http:\/\/hoycordobaweb.com\/index.php\/wp-json\/wp\/v2\/users\/1"}],"replies":[{"embeddable":true,"href":"http:\/\/hoycordobaweb.com\/index.php\/wp-json\/wp\/v2\/comments?post=51961"}],"version-history":[{"count":0,"href":"http:\/\/hoycordobaweb.com\/index.php\/wp-json\/wp\/v2\/posts\/51961\/revisions"}],"wp:featuredmedia":[{"embeddable":true,"href":"http:\/\/hoycordobaweb.com\/index.php\/wp-json\/wp\/v2\/media\/51962"}],"wp:attachment":[{"href":"http:\/\/hoycordobaweb.com\/index.php\/wp-json\/wp\/v2\/media?parent=51961"}],"wp:term":[{"taxonomy":"category","embeddable":true,"href":"http:\/\/hoycordobaweb.com\/index.php\/wp-json\/wp\/v2\/categories?post=51961"},{"taxonomy":"post_tag","embeddable":true,"href":"http:\/\/hoycordobaweb.com\/index.php\/wp-json\/wp\/v2\/tags?post=51961"}],"curies":[{"name":"wp","href":"https:\/\/api.w.org\/{rel}","templated":true}]}}