{"id":51949,"date":"2022-11-30T06:25:01","date_gmt":"2022-11-30T06:25:01","guid":{"rendered":"http:\/\/hoycordobaweb.com\/index.php\/2022\/11\/30\/rafael-dudamel-andres-balanta-sonaba-con-ir-al-futbol-argentino-mi-sentido-pesame-a-su-familia\/"},"modified":"2022-11-30T06:25:01","modified_gmt":"2022-11-30T06:25:01","slug":"rafael-dudamel-andres-balanta-sonaba-con-ir-al-futbol-argentino-mi-sentido-pesame-a-su-familia","status":"publish","type":"post","link":"http:\/\/hoycordobaweb.com\/index.php\/2022\/11\/30\/rafael-dudamel-andres-balanta-sonaba-con-ir-al-futbol-argentino-mi-sentido-pesame-a-su-familia\/","title":{"rendered":"Rafael Dudamel: &quot;Andr\u00e9s Balanta so\u00f1aba con ir al <b>f\u00fatbol argentino<\/b>, mi sentido p\u00e9same a su familia&quot;"},"content":{"rendered":"<p>Al conocerse el doloroso episodio, clubes colombianos, <b>argentinos<\/b>, la AFA y la Federaci\u00f3n Colombiana de <b>F\u00fatbol<\/b> evidenciaron por medio de mensajes&nbsp;&#8230; <\/p>\n","protected":false},"excerpt":{"rendered":"<p>Al conocerse el doloroso episodio, clubes colombianos, argentinos, la AFA y la Federaci\u00f3n Colombiana de F\u00fatbol evidenciaron por medio de mensajes&nbsp;&#8230;<\/p>\n","protected":false},"author":1,"featured_media":0,"comment_status":"closed","ping_status":"closed","sticky":false,"template":"","format":"standard","meta":[],"categories":[22],"tags":[],"_links":{"self":[{"href":"http:\/\/hoycordobaweb.com\/index.php\/wp-json\/wp\/v2\/posts\/51949"}],"collection":[{"href":"http:\/\/hoycordobaweb.com\/index.php\/wp-json\/wp\/v2\/posts"}],"about":[{"href":"http:\/\/hoycordobaweb.com\/index.php\/wp-json\/wp\/v2\/types\/post"}],"author":[{"embeddable":true,"href":"http:\/\/hoycordobaweb.com\/index.php\/wp-json\/wp\/v2\/users\/1"}],"replies":[{"embeddable":true,"href":"http:\/\/hoycordobaweb.com\/index.php\/wp-json\/wp\/v2\/comments?post=51949"}],"version-history":[{"count":0,"href":"http:\/\/hoycordobaweb.com\/index.php\/wp-json\/wp\/v2\/posts\/51949\/revisions"}],"wp:attachment":[{"href":"http:\/\/hoycordobaweb.com\/index.php\/wp-json\/wp\/v2\/media?parent=51949"}],"wp:term":[{"taxonomy":"category","embeddable":true,"href":"http:\/\/hoycordobaweb.com\/index.php\/wp-json\/wp\/v2\/categories?post=51949"},{"taxonomy":"post_tag","embeddable":true,"href":"http:\/\/hoycordobaweb.com\/index.php\/wp-json\/wp\/v2\/tags?post=51949"}],"curies":[{"name":"wp","href":"https:\/\/api.w.org\/{rel}","templated":true}]}}