{"id":51946,"date":"2022-11-23T10:53:00","date_gmt":"2022-11-23T10:53:00","guid":{"rendered":"https:\/\/fm-comunicar.com.ar\/contenido\/19819\/sinsacate-inauguro-el-centro-cultural-y-educativo-monsenor-roberto-rodriguez"},"modified":"2022-11-23T10:53:00","modified_gmt":"2022-11-23T10:53:00","slug":"sinsacate-inauguro-el-centro-cultural-y-educativo-monsenor-roberto-rodriguez","status":"publish","type":"post","link":"http:\/\/hoycordobaweb.com\/index.php\/2022\/11\/23\/sinsacate-inauguro-el-centro-cultural-y-educativo-monsenor-roberto-rodriguez\/","title":{"rendered":"Sinsacate inaugur\u00f3 el Centro Cultural y Educativo Monse\u00f1or Roberto Rodr\u00edguez"},"content":{"rendered":"<p>El espacio brindar\u00e1 capacitaciones en arte y oficios, cuenta con nueve aulas y un sal\u00f3n de usos m\u00faltiples. Lleva el nombre del ex rector del Seminario Menor, gu\u00eda espiritual de los vecinos de la localidad.<img src=\"http:\/\/hoycordobaweb.com\/wp-content\/uploads\/2022\/12\/sinsacate-inauguro-el-centro-cultural-y-educativo-monsenor-roberto-rodriguez.jpg\"><\/p>\n","protected":false},"excerpt":{"rendered":"<p>El espacio brindar\u00e1 capacitaciones en arte y oficios, cuenta con nueve aulas y un sal\u00f3n de usos m\u00faltiples. Lleva el nombre del ex rector del Seminario Menor, gu\u00eda espiritual de los vecinos de la localidad.<\/p>\n","protected":false},"author":1,"featured_media":51947,"comment_status":"closed","ping_status":"closed","sticky":false,"template":"","format":"standard","meta":[],"categories":[18],"tags":[],"_links":{"self":[{"href":"http:\/\/hoycordobaweb.com\/index.php\/wp-json\/wp\/v2\/posts\/51946"}],"collection":[{"href":"http:\/\/hoycordobaweb.com\/index.php\/wp-json\/wp\/v2\/posts"}],"about":[{"href":"http:\/\/hoycordobaweb.com\/index.php\/wp-json\/wp\/v2\/types\/post"}],"author":[{"embeddable":true,"href":"http:\/\/hoycordobaweb.com\/index.php\/wp-json\/wp\/v2\/users\/1"}],"replies":[{"embeddable":true,"href":"http:\/\/hoycordobaweb.com\/index.php\/wp-json\/wp\/v2\/comments?post=51946"}],"version-history":[{"count":0,"href":"http:\/\/hoycordobaweb.com\/index.php\/wp-json\/wp\/v2\/posts\/51946\/revisions"}],"wp:featuredmedia":[{"embeddable":true,"href":"http:\/\/hoycordobaweb.com\/index.php\/wp-json\/wp\/v2\/media\/51947"}],"wp:attachment":[{"href":"http:\/\/hoycordobaweb.com\/index.php\/wp-json\/wp\/v2\/media?parent=51946"}],"wp:term":[{"taxonomy":"category","embeddable":true,"href":"http:\/\/hoycordobaweb.com\/index.php\/wp-json\/wp\/v2\/categories?post=51946"},{"taxonomy":"post_tag","embeddable":true,"href":"http:\/\/hoycordobaweb.com\/index.php\/wp-json\/wp\/v2\/tags?post=51946"}],"curies":[{"name":"wp","href":"https:\/\/api.w.org\/{rel}","templated":true}]}}