{"id":51939,"date":"2022-11-30T17:31:35","date_gmt":"2022-11-30T17:31:35","guid":{"rendered":"https:\/\/fono.fcm.unc.edu.ar\/?p=10045"},"modified":"2022-11-30T17:31:35","modified_gmt":"2022-11-30T17:31:35","slug":"oficialia-mayor-atendera-hasta-el-15-de-diciembre-y-retomara-las-actividades-el-1-de-febrero","status":"publish","type":"post","link":"http:\/\/hoycordobaweb.com\/index.php\/2022\/11\/30\/oficialia-mayor-atendera-hasta-el-15-de-diciembre-y-retomara-las-actividades-el-1-de-febrero\/","title":{"rendered":"Oficial\u00eda Mayor atender\u00e1 hasta el 15 de diciembre y retomar\u00e1 las actividades el 1 de febrero"},"content":{"rendered":"<h2 class=\"fusion-post-title\">Oficial\u00eda Mayor atender\u00e1 hasta el 15 de diciembre y retomar\u00e1 las actividades el 1 de febrero<\/h2>\n<div class=\"post-content\" readability=\"44.777988614801\">\n<p><img loading=\"lazy\" class=\"alignright size-full wp-image-10048\" src=\"https:\/\/fono.fcm.unc.edu.ar\/wp-content\/uploads\/sites\/14\/2022\/11\/oficialia-mayor.jpg\" alt width=\"400\" height=\"200\" srcset=\"https:\/\/fono.fcm.unc.edu.ar\/wp-content\/uploads\/sites\/14\/2022\/11\/oficialia-mayor-200x100.jpg 200w, https:\/\/fono.fcm.unc.edu.ar\/wp-content\/uploads\/sites\/14\/2022\/11\/oficialia-mayor-300x150.jpg 300w, https:\/\/fono.fcm.unc.edu.ar\/wp-content\/uploads\/sites\/14\/2022\/11\/oficialia-mayor.jpg 400w\" sizes=\"(max-width: 400px) 100vw, 400px\">Se informa a la comunidad universitaria que Oficial\u00eda Mayor de la Casa de Trejo, ubicada en las Bater\u00edas D, brindar\u00e1 atenci\u00f3n al p\u00fablico hasta el d\u00eda jueves de 15 de diciembre y reanudar\u00e1 sus actividades el d\u00eda mi\u00e9rcoles 1 de febrero de 2023.<\/p>\n<p>El horario de atenci\u00f3n al p\u00fablico de Oficial\u00eda Mayor es de lunes a jueves de 8 a 12, por orden de llegada.<\/p>\n<p>All\u00ed se pueden realizar tr\u00e1mites de manera presencial y <em>online<\/em>&nbsp;de acuerdo al tipo de caso que corresponda.<\/p>\n<p>Por m\u00e1s informaci\u00f3n sobre tr\u00e1mites,&nbsp;<a href=\"https:\/\/www.unc.edu.ar\/sobre-la-unc\/oficial%C3%ADa-mayor\"><strong>INGRESAR AQU\u00cd<\/strong><\/a>.<\/p>\n<\/p><\/div>\n","protected":false},"excerpt":{"rendered":"<p>Oficial\u00eda Mayor atender\u00e1 hasta el 15 de diciembre y retomar\u00e1 las actividades el 1 de febrero Se informa a la comunidad universitaria que Oficial\u00eda Mayor de la Casa de Trejo, ubicada en las Bater\u00edas D, brindar\u00e1 atenci\u00f3n al p\u00fablico hasta el d\u00eda jueves de 15 de diciembre y reanudar\u00e1 sus actividades el d\u00eda mi\u00e9rcoles 1 [&hellip;]<\/p>\n","protected":false},"author":1,"featured_media":0,"comment_status":"closed","ping_status":"closed","sticky":false,"template":"","format":"standard","meta":[],"categories":[1],"tags":[],"_links":{"self":[{"href":"http:\/\/hoycordobaweb.com\/index.php\/wp-json\/wp\/v2\/posts\/51939"}],"collection":[{"href":"http:\/\/hoycordobaweb.com\/index.php\/wp-json\/wp\/v2\/posts"}],"about":[{"href":"http:\/\/hoycordobaweb.com\/index.php\/wp-json\/wp\/v2\/types\/post"}],"author":[{"embeddable":true,"href":"http:\/\/hoycordobaweb.com\/index.php\/wp-json\/wp\/v2\/users\/1"}],"replies":[{"embeddable":true,"href":"http:\/\/hoycordobaweb.com\/index.php\/wp-json\/wp\/v2\/comments?post=51939"}],"version-history":[{"count":0,"href":"http:\/\/hoycordobaweb.com\/index.php\/wp-json\/wp\/v2\/posts\/51939\/revisions"}],"wp:attachment":[{"href":"http:\/\/hoycordobaweb.com\/index.php\/wp-json\/wp\/v2\/media?parent=51939"}],"wp:term":[{"taxonomy":"category","embeddable":true,"href":"http:\/\/hoycordobaweb.com\/index.php\/wp-json\/wp\/v2\/categories?post=51939"},{"taxonomy":"post_tag","embeddable":true,"href":"http:\/\/hoycordobaweb.com\/index.php\/wp-json\/wp\/v2\/tags?post=51939"}],"curies":[{"name":"wp","href":"https:\/\/api.w.org\/{rel}","templated":true}]}}