{"id":51900,"date":"2022-11-29T13:48:39","date_gmt":"2022-11-29T13:48:39","guid":{"rendered":"https:\/\/ladecimaweb.com\/?p=15256"},"modified":"2022-11-29T13:48:39","modified_gmt":"2022-11-29T13:48:39","slug":"recuerdan-la-importancia-de-aplicarse-los-refuerzos-de-la-vacuna-contra-covid-19","status":"publish","type":"post","link":"http:\/\/hoycordobaweb.com\/index.php\/2022\/11\/29\/recuerdan-la-importancia-de-aplicarse-los-refuerzos-de-la-vacuna-contra-covid-19\/","title":{"rendered":"Recuerdan la importancia de aplicarse los refuerzos de la vacuna contra Covid-19"},"content":{"rendered":"<div class=\"boldgrid-section\">\n<div class=\"container\">\n<div class=\"row\">\n<div class=\"col-md-12 col-xs-12 col-sm-12\">\n<p>El Ministerio de Salud de C\u00f3rdoba recuerda a toda la poblaci\u00f3n que se encuentra disponible hasta el tercer refuerzo de vacunaci\u00f3n contra Covid-19 para quienes se hayan aplicado una dosis anterior con un intervalo de 120 d\u00edas o m\u00e1s. Tambi\u00e9n remarca la importancia de que se completen los esquemas, acorde a cada edad o pertenencia a grupos priorizados, para evitar la enfermedad grave, internaciones o fallecimientos por esta causa.<\/p>\n<p>La aplicaci\u00f3n es<span>&nbsp;<\/span><strong>gratuita<\/strong><span>&nbsp;<\/span>y se lleva a cabo por medio de la<span>&nbsp;<\/span><a href=\"https:\/\/ministeriodesalud.cba.gov.ar\/prevencion-y-cuidados\/inmunizaciones\/#vacunatorios\" target=\"_blank\" rel=\"noreferrer noopener\"><strong>red de vacunatorios de la Provincia<\/strong><\/a>.<span>&nbsp;<\/span><strong>No es necesario contar con orden m\u00e9dica,<span>&nbsp;<\/span><\/strong>pero<span>&nbsp;<\/span><strong>s\u00ed se deber\u00e1 presentar DNI y carn\u00e9 de vacunaci\u00f3n<\/strong>. Quienes no cuenten con dicho carn\u00e9, podr\u00e1n concurrir igual al vacunatorio m\u00e1s cercano, donde le brindar\u00e1n uno nuevo.<\/p>\n<p><em>\u201cComo hemos explicado en otras oportunidades, si bien la situaci\u00f3n epidemiol\u00f3gica en relaci\u00f3n a Covid-19 hoy es m\u00e1s favorable que meses atr\u00e1s, el virus sigue circulando. Actualmente se registra un incremento de casos en Brasil y es necesario reforzar la campa\u00f1a de vacunaci\u00f3n, principalmente en grupos de riesgo, para evitar posibles complicaciones a causa de esta infecci\u00f3n\u201d<\/em>, indic\u00f3 Laura L\u00f3pez, directora de Epidemiolog\u00eda de C\u00f3rdoba.<\/p>\n<p>Esta recomendaci\u00f3n resulta primordial para las personas que tienen previsto viajar al exterior. En este sentido, desde la Direcci\u00f3n de Epidemiolog\u00eda se lleva adelante la vigilancia de viajeros que arriban a nuestra provincia. Esta estrategia se reforzar\u00e1 durante los pr\u00f3ximos meses, debido a que en esta \u00e9poca del a\u00f1o se incrementa la actividad tur\u00edstica hacia y desde el exterior, lo que aumenta el riesgo de transmisi\u00f3n de diferentes enfermedades febriles, entre ellas Covid-19.<\/p>\n<h3><strong>Recomendaciones para viajeros<\/strong><\/h3>\n<p>Desde la cartera sanitaria se recomienda entonces a todas las personas que viajen al exterior colocarse, al menos 15 d\u00edas antes de partir, los refuerzos de Covid-19 correspondientes a su grupo de edad o condici\u00f3n de salud. Asimismo, para grupos de riesgo, se aconseja mantener los cuidados personales de uso de barbijo en lugares cerrados y con escasa ventilaci\u00f3n, como aeropuertos y aviones.<\/p>\n<p>Por \u00faltimo, se solicita a quienes regresen al pa\u00eds y presenten s\u00edntomas compatibles con Covid-19, acercarse a un centro de salud para que all\u00ed se eval\u00fae su cuadro cl\u00ednico y se determine la necesidad de un testeo para Covid-19 u otras pruebas diagn\u00f3sticas destinadas a detectar otras infecciones.<\/p>\n<p class=\"\"><em>\u201cEs fundamental que las personas que regresen a C\u00f3rdoba y presenten s\u00edntomas como fiebre, tos, dolor muscular o sarpullido, consulten inmediatamente en un centro de salud, ya que actualmente en la regi\u00f3n no s\u00f3lo se registra un aumento de casos de Covid-19, sino que tambi\u00e9n se han reportado recientemente contagios de otras enfermedades infecciosas como dengue, zika, chikunguya y poliomielitis\u201d<\/em>, explic\u00f3 Laura L\u00f3pez, directora de Epidemiolog\u00eda.<\/p>\n<p class=\"\">&nbsp;<\/p>\n<p class=\"\">\n<div class=\"ubm_banner\"><a href=\"https:\/\/www.cba.gov.ar\" target=\"_blank\" rel=\"dofollow noopener noreferrer\"><img src=\"http:\/\/hoycordobaweb.com\/wp-content\/uploads\/2022\/11\/recuerdan-la-importancia-de-aplicarse-los-refuerzos-de-la-vacuna-contra-covid-19.gif\" alt=\"\"><\/a><\/div>\n<\/div>\n<\/div>\n<\/div>\n<\/div>\n<p>La entrada <a rel=\"nofollow\" href=\"https:\/\/ladecimaweb.com\/recuerdan-la-importancia-de-aplicarse-los-refuerzos-de-la-vacuna-contra-covid-19\/\">Recuerdan la importancia de aplicarse los refuerzos de la vacuna contra Covid-19<\/a> se public\u00f3 primero en <a rel=\"nofollow\" href=\"https:\/\/ladecimaweb.com\">LaDecima<\/a>.<\/p>\n","protected":false},"excerpt":{"rendered":"<p>El Ministerio de Salud de C\u00f3rdoba recuerda a toda la poblaci\u00f3n que se encuentra disponible hasta el tercer refuerzo de vacunaci\u00f3n contra Covid-19 para quienes se hayan aplicado una dosis anterior con un intervalo de 120 d\u00edas o m\u00e1s. Tambi\u00e9n remarca la importancia de que se completen los esquemas, acorde a cada edad o pertenencia [&hellip;]<\/p>\n","protected":false},"author":1,"featured_media":51901,"comment_status":"closed","ping_status":"closed","sticky":false,"template":"","format":"standard","meta":[],"categories":[19],"tags":[],"_links":{"self":[{"href":"http:\/\/hoycordobaweb.com\/index.php\/wp-json\/wp\/v2\/posts\/51900"}],"collection":[{"href":"http:\/\/hoycordobaweb.com\/index.php\/wp-json\/wp\/v2\/posts"}],"about":[{"href":"http:\/\/hoycordobaweb.com\/index.php\/wp-json\/wp\/v2\/types\/post"}],"author":[{"embeddable":true,"href":"http:\/\/hoycordobaweb.com\/index.php\/wp-json\/wp\/v2\/users\/1"}],"replies":[{"embeddable":true,"href":"http:\/\/hoycordobaweb.com\/index.php\/wp-json\/wp\/v2\/comments?post=51900"}],"version-history":[{"count":0,"href":"http:\/\/hoycordobaweb.com\/index.php\/wp-json\/wp\/v2\/posts\/51900\/revisions"}],"wp:featuredmedia":[{"embeddable":true,"href":"http:\/\/hoycordobaweb.com\/index.php\/wp-json\/wp\/v2\/media\/51901"}],"wp:attachment":[{"href":"http:\/\/hoycordobaweb.com\/index.php\/wp-json\/wp\/v2\/media?parent=51900"}],"wp:term":[{"taxonomy":"category","embeddable":true,"href":"http:\/\/hoycordobaweb.com\/index.php\/wp-json\/wp\/v2\/categories?post=51900"},{"taxonomy":"post_tag","embeddable":true,"href":"http:\/\/hoycordobaweb.com\/index.php\/wp-json\/wp\/v2\/tags?post=51900"}],"curies":[{"name":"wp","href":"https:\/\/api.w.org\/{rel}","templated":true}]}}