{"id":51891,"date":"2022-11-25T10:49:00","date_gmt":"2022-11-25T10:49:00","guid":{"rendered":"https:\/\/fm-comunicar.com.ar\/contenido\/19828\/el-domingo-se-realizara-la-sexta-edicion-de-la-feria-del-libro-infantil"},"modified":"2022-11-25T10:49:00","modified_gmt":"2022-11-25T10:49:00","slug":"el-domingo-se-realizara-la-sexta-edicion-de-la-feria-del-libro-infantil","status":"publish","type":"post","link":"http:\/\/hoycordobaweb.com\/index.php\/2022\/11\/25\/el-domingo-se-realizara-la-sexta-edicion-de-la-feria-del-libro-infantil\/","title":{"rendered":"El domingo se realizar\u00e1 la sexta edici\u00f3n de la Feria del Libro Infantil"},"content":{"rendered":"<p>Habr\u00e1 talleres, exposiciones, actividades recreativas y venta de libros frente a la Casa de la Cultura. El lema de este a\u00f1o es \u201cBibliotecas, Aventuras y Derecho a la Lectura\u201d.\u00a0<img src=\"http:\/\/hoycordobaweb.com\/wp-content\/uploads\/2022\/11\/el-domingo-se-realizara-la-sexta-edicion-de-la-feria-del-libro-infantil.jpg\"><\/p>\n","protected":false},"excerpt":{"rendered":"<p>Habr\u00e1 talleres, exposiciones, actividades recreativas y venta de libros frente a la Casa de la Cultura. El lema de este a\u00f1o es \u201cBibliotecas, Aventuras y Derecho a la Lectura\u201d.\u00a0<\/p>\n","protected":false},"author":1,"featured_media":51892,"comment_status":"closed","ping_status":"closed","sticky":false,"template":"","format":"standard","meta":[],"categories":[18],"tags":[],"_links":{"self":[{"href":"http:\/\/hoycordobaweb.com\/index.php\/wp-json\/wp\/v2\/posts\/51891"}],"collection":[{"href":"http:\/\/hoycordobaweb.com\/index.php\/wp-json\/wp\/v2\/posts"}],"about":[{"href":"http:\/\/hoycordobaweb.com\/index.php\/wp-json\/wp\/v2\/types\/post"}],"author":[{"embeddable":true,"href":"http:\/\/hoycordobaweb.com\/index.php\/wp-json\/wp\/v2\/users\/1"}],"replies":[{"embeddable":true,"href":"http:\/\/hoycordobaweb.com\/index.php\/wp-json\/wp\/v2\/comments?post=51891"}],"version-history":[{"count":0,"href":"http:\/\/hoycordobaweb.com\/index.php\/wp-json\/wp\/v2\/posts\/51891\/revisions"}],"wp:featuredmedia":[{"embeddable":true,"href":"http:\/\/hoycordobaweb.com\/index.php\/wp-json\/wp\/v2\/media\/51892"}],"wp:attachment":[{"href":"http:\/\/hoycordobaweb.com\/index.php\/wp-json\/wp\/v2\/media?parent=51891"}],"wp:term":[{"taxonomy":"category","embeddable":true,"href":"http:\/\/hoycordobaweb.com\/index.php\/wp-json\/wp\/v2\/categories?post=51891"},{"taxonomy":"post_tag","embeddable":true,"href":"http:\/\/hoycordobaweb.com\/index.php\/wp-json\/wp\/v2\/tags?post=51891"}],"curies":[{"name":"wp","href":"https:\/\/api.w.org\/{rel}","templated":true}]}}