{"id":51847,"date":"2022-11-28T13:44:32","date_gmt":"2022-11-28T13:44:32","guid":{"rendered":"https:\/\/ladecimaweb.com\/?p=15237"},"modified":"2022-11-28T13:44:32","modified_gmt":"2022-11-28T13:44:32","slug":"el-activismo-gordo-se-reunio-contra-la-discriminacion-y-los-estereotipos","status":"publish","type":"post","link":"http:\/\/hoycordobaweb.com\/index.php\/2022\/11\/28\/el-activismo-gordo-se-reunio-contra-la-discriminacion-y-los-estereotipos\/","title":{"rendered":"El activismo gordo se reuni\u00f3 contra la discriminaci\u00f3n y los estereotipos"},"content":{"rendered":"<div class=\"boldgrid-section\">\n<div class=\"container\">\n<div class=\"row\">\n<div class=\"col-md-12 col-xs-12 col-sm-12\">\n<p class=\"\"><span>(T\u00e9lam) <\/span><span>La patologizaci\u00f3n de las corporalidades gordas, el estereotipo de cuerpo ideal, los da\u00f1os a la salud mental que provocan la discriminaci\u00f3n y el hostigamiento a quienes no encajan en esos modelos dominantes fueron algunos de los temas que se pusieron en cuesti\u00f3n este domingo en Rosario, sede del <\/span><strong>Segundo Encuentro Plurinacional del Activismo Gordo.<\/strong><\/p>\n<p><span>El documento inicial del Segundo Encuentro -el primero fue el a\u00f1o pasado en la localidad bonaerense de Mor\u00f3n- se\u00f1ala que&nbsp;<\/span><strong>\u201cla discriminaci\u00f3n, el estigma y la violencia que la sociedad ejerce sobre nosotres con la pretensi\u00f3n de normalizar nuestros cuerpos encuentran en las instituciones una legitimaci\u00f3n que nos aleja del ejercicio pleno de nuestra ciudadan\u00eda\u201d<\/strong><span>.<\/span><\/p>\n<figure class=\"mb-3\">\n<p class=\"mod-reset\"><img loading=\"lazy\" class=\"\" src=\"http:\/\/hoycordobaweb.com\/wp-content\/uploads\/2022\/11\/el-activismo-gordo-se-reunio-contra-la-discriminacion-y-los-estereotipos.jpg\" alt=\"Foto Sebastin Granata\" width=\"534\" height=\"300\"><\/p>\n<div class=\"media-icons\"><i class=\"fab fa-pinterest-p\"><\/i><i class=\"fas fa-expand-arrows-alt\"><\/i><\/div><figcaption>(Foto: Sebasti\u00e1n Granata).<\/figcaption><\/figure>\n<p><span>\u201cPor eso, como aprendimos de las luchas de otros grupos oprimidos, reivindicamos nuestros derechos y exigimos acceso a la educaci\u00f3n, a la salud, al h\u00e1bitat, a la vestimenta, a la alimentaci\u00f3n y al trabajo\u201d, a\u00f1adi\u00f3.<\/span><\/p>\n<p><span>Manuela Schuppisser, integrante del Colectivo de Gordes Activistas de Argentina y una de las organizadoras del encuentro, dijo a T\u00e9lam que \u201clo primero que vemos afectado nosotras con tanto hostigamiento y discriminaci\u00f3n es nuestra salud mental, que no nos permite vivir en libertad\u201d.<\/span><\/p>\n<p><span>Por su parte, Luz Ferradas, activista gorda y concejala de Rosario, plante\u00f3 que \u201cla diversidad tiene que ser la norma\u201d.<\/span><\/p>\n<figure class=\"mb-3\">\n<p class=\"mod-reset\"><img loading=\"lazy\" class=\"\" src=\"http:\/\/hoycordobaweb.com\/wp-content\/uploads\/2022\/11\/el-activismo-gordo-se-reunio-contra-la-discriminacion-y-los-estereotipos-1.jpg\" alt=\"Foto Sebastin Granata\" width=\"493\" height=\"277\"><\/p>\n<div class=\"media-icons\"><i class=\"fab fa-pinterest-p\"><\/i><i class=\"fas fa-expand-arrows-alt\"><\/i><\/div><figcaption>(Foto: Sebasti\u00e1n Granata).<\/figcaption><\/figure>\n<p class=\"\">\n<span>\u201cHay que correr cualquier otro tipo de discurso y pensar que todos los cuerpos son diversos, no hay una \u00fanica forma de habitar este mundo, todas son v\u00e1lidas y estamos se\u00f1alando la violencia espec\u00edfica que recae sobre nuestros cuerpos y de otras identidades tambi\u00e9n\u201d, explic\u00f3.<\/span><\/p>\n<p><span>El Encuentro se inici\u00f3 alrededor de las 10.30 en el Galp\u00f3n de las Juventudes de Rosario, en la costanera central, donde la mayor\u00eda de las participantes fueron mujeres.<\/span><\/p>\n<p><span>\u201c<\/span><strong>El activismo gordo surgi\u00f3 en los 80 a trav\u00e9s del feminismo afrodescendiente de los Estados Unidos, movimientos de mujeres lesbianas que empezaron a pensar que dentro del feminismo no se estaba pensando la corporalidad gorda\u201d<\/strong><span>, explic\u00f3 Schuppisser.<\/span><\/p>\n<p class=\"\"><span>La activista precis\u00f3 que se realizaron trabajos en &#8220;cuatro talleres&#8221; cuya cuesti\u00f3n transversal fue &#8220;qu\u00e9 demandas tenemos que hacerle al Estado en post de la construcci\u00f3n de pol\u00edticas p\u00fablicas que contemplen el acceso a nuestros derechos&#8221;.<\/span><\/p>\n<p><span>Otros de los ejes del encuentro fue la equiparaci\u00f3n del concepto de gordura a la noci\u00f3n de enfermedad.<\/span><\/p>\n<p><span>\u201cLo primero que se nos cuestiona es la salud. \u2018Te lo digo por tu bien, te lo digo por tu salud\u2019, teniendo en cuenta este mandato de que si sos gordo sos enfermo, aunque las personas delgadas tambi\u00e9n pueden tener patolog\u00edas, pero a ellas no se las cuestiona tanto\u201d, a\u00f1adi\u00f3 Schuppisser.<\/span><\/p>\n<p><span>Al respecto, Ferradas sostuvo que \u201cuno de los estereotipos es que las personas gordas somos enferma solamente por la cantidad de kilos que tenemos\u201d.<\/span><\/p>\n<p><span>\u201cEso -continu\u00f3- lo estamos discutiendo, porque no es as\u00ed, no hay ninguna enfermedad que sea exclusiva de los cuerpos gordos, hay algunas que usualmente o culturalmente se asocian a nuestros cuerpos, pero que tambi\u00e9n las padecen los cuerpos flacos\u201d.<\/span><\/p>\n<p><span>Schuppisser se\u00f1al\u00f3 que \u201cs<\/span><strong>i sos gordo aparece el \u2018por qu\u00e9 no te cuid\u00e1s\u2019,<span>&nbsp;<\/span><\/strong><span>o el preconcepto de que si sos gordo sos una persona triste, sucia, solitaria\u201d.<\/span><\/p>\n<p>&nbsp;<\/p>\n<div class=\"ubm_banner\"><a href=\"https:\/\/www.cba.gov.ar\" target=\"_blank\" rel=\"dofollow noopener noreferrer\"><img src=\"http:\/\/hoycordobaweb.com\/wp-content\/uploads\/2022\/11\/el-activismo-gordo-se-reunio-contra-la-discriminacion-y-los-estereotipos.gif\" alt=\"\"><\/a><\/div>\n<\/div>\n<\/div>\n<\/div>\n<\/div>\n<p>La entrada <a rel=\"nofollow\" href=\"https:\/\/ladecimaweb.com\/el-activismo-gordo-se-reunio-contra-la-discriminacion-y-los-estereotipos\/\">El activismo gordo se reuni\u00f3 contra la discriminaci\u00f3n y los estereotipos<\/a> se public\u00f3 primero en <a rel=\"nofollow\" href=\"https:\/\/ladecimaweb.com\">LaDecima<\/a>.<\/p>\n","protected":false},"excerpt":{"rendered":"<p>(T\u00e9lam) La patologizaci\u00f3n de las corporalidades gordas, el estereotipo de cuerpo ideal, los da\u00f1os a la salud mental que provocan la discriminaci\u00f3n y el hostigamiento a quienes no encajan en esos modelos dominantes fueron algunos de los temas que se pusieron en cuesti\u00f3n este domingo en Rosario, sede del Segundo Encuentro Plurinacional del Activismo Gordo. [&hellip;]<\/p>\n","protected":false},"author":1,"featured_media":51848,"comment_status":"closed","ping_status":"closed","sticky":false,"template":"","format":"standard","meta":[],"categories":[19],"tags":[],"_links":{"self":[{"href":"http:\/\/hoycordobaweb.com\/index.php\/wp-json\/wp\/v2\/posts\/51847"}],"collection":[{"href":"http:\/\/hoycordobaweb.com\/index.php\/wp-json\/wp\/v2\/posts"}],"about":[{"href":"http:\/\/hoycordobaweb.com\/index.php\/wp-json\/wp\/v2\/types\/post"}],"author":[{"embeddable":true,"href":"http:\/\/hoycordobaweb.com\/index.php\/wp-json\/wp\/v2\/users\/1"}],"replies":[{"embeddable":true,"href":"http:\/\/hoycordobaweb.com\/index.php\/wp-json\/wp\/v2\/comments?post=51847"}],"version-history":[{"count":0,"href":"http:\/\/hoycordobaweb.com\/index.php\/wp-json\/wp\/v2\/posts\/51847\/revisions"}],"wp:featuredmedia":[{"embeddable":true,"href":"http:\/\/hoycordobaweb.com\/index.php\/wp-json\/wp\/v2\/media\/51848"}],"wp:attachment":[{"href":"http:\/\/hoycordobaweb.com\/index.php\/wp-json\/wp\/v2\/media?parent=51847"}],"wp:term":[{"taxonomy":"category","embeddable":true,"href":"http:\/\/hoycordobaweb.com\/index.php\/wp-json\/wp\/v2\/categories?post=51847"},{"taxonomy":"post_tag","embeddable":true,"href":"http:\/\/hoycordobaweb.com\/index.php\/wp-json\/wp\/v2\/tags?post=51847"}],"curies":[{"name":"wp","href":"https:\/\/api.w.org\/{rel}","templated":true}]}}