{"id":5183,"date":"2020-11-13T23:56:28","date_gmt":"2020-11-13T23:56:28","guid":{"rendered":"http:\/\/manoamanocba.com.ar\/?p=4247"},"modified":"2020-11-13T23:56:28","modified_gmt":"2020-11-13T23:56:28","slug":"se-montaran-tres-hospitales-modulares-turisticos-contra-el-coronavirus-en-cordoba","status":"publish","type":"post","link":"http:\/\/hoycordobaweb.com\/index.php\/2020\/11\/13\/se-montaran-tres-hospitales-modulares-turisticos-contra-el-coronavirus-en-cordoba\/","title":{"rendered":"Se montar\u00e1n tres hospitales modulares tur\u00edsticos contra el coronavirus en C\u00f3rdoba"},"content":{"rendered":"<div><img src=\"http:\/\/hoycordobaweb.com\/wp-content\/uploads\/2020\/11\/se-montaran-tres-hospitales-modulares-turisticos-contra-el-coronavirus-en-cordoba.jpg\" class=\"ff-og-image-inserted\"><\/div>\n<p><span>Desde el oficialismo anunciaron la <\/span><b>construcci\u00f3n de 19 hospitales modulares en zonas tur\u00edsticas del pa\u00eds<\/b><span>, que deber\u00e1n construirse contra reloj para que antes del primer d\u00eda de enero est\u00e9n operativos. Tres de ellos estar\u00e1n en C\u00f3rdoba.<\/span><\/p>\n<p><span>Los hospitales ser\u00e1n ubicados en los <\/span><b>Valles de Punilla, Calamuchita y Traslasierra<\/b><span>, que concentran la mayor actividad en verano. Y en terrenos p\u00fablicos, muy cercanos a los tres hospitales de referencia para atenci\u00f3n de Covid-19 en esas regiones.<\/span><\/p>\n<p><span>El de Punilla se montar\u00e1 en el mismo predio del hospital Domingo Funes, en Santa Mar\u00eda. El de Calamuchita, en un sitio a\u00fan a precisar pero en el \u00e1rea del hospital Eva Per\u00f3n, de Santa Rosa. Y el de Traslasierra, en lotes pr\u00f3ximos al hospital provincial de Mina Clavero.&nbsp;&nbsp;<\/span><\/p>\n<p><span>Los dise\u00f1os fueron acordados entre los ministerios de Salud y de Obras P\u00fablicas. Todos tendr\u00e1n 655 metros cuadrados.<\/span><\/p>\n<p><b>Atenci\u00f3n de emergencias y cuidados primarios por Covid-19<\/b><\/p>\n<p><span>Ser\u00e1n unidades dedicadas a la <\/span><b>atenci\u00f3n de emergencias y cuidados primarios para pacientes que presenten s\u00edntomas de Covid-19<\/b><span>. Cada unidad tendr\u00e1 655 metros cuadrados y contar\u00e1 con sala de espera, boxes de testeo, \u00e1rea de aislamiento, sector de monitoreo, un laboratorio y un sector para tareas administrativas. Habr\u00e1 una sala de internaci\u00f3n (sin terapia) y equipamiento m\u00e9dico y de laboratorio.<\/span><\/p>\n<p><span>Actualmente se ultiman detalles del concurso de precios para adjudicar las obras. Una vez que se definan las ubicaciones, la Provincia deber\u00e1 construir las plateas (bases), sobre las que se montar\u00e1n las estructuras.&nbsp;<\/span><\/p>\n<p><span>La finalidad de esos centros de salud ser\u00e1 reforzar la atenci\u00f3n en zonas que aumentar\u00e1n la circulaci\u00f3n de visitantes por turismo.<\/span><\/p>\n","protected":false},"excerpt":{"rendered":"<p>Desde el oficialismo anunciaron la construcci\u00f3n de 19 hospitales modulares en zonas tur\u00edsticas del pa\u00eds, que deber\u00e1n construirse contra reloj para que antes del primer d\u00eda de enero est\u00e9n operativos. Tres de ellos estar\u00e1n en C\u00f3rdoba. Los hospitales ser\u00e1n ubicados en los Valles de Punilla, Calamuchita y Traslasierra, que concentran la mayor actividad en verano. [&hellip;]<\/p>\n","protected":false},"author":1,"featured_media":5184,"comment_status":"closed","ping_status":"closed","sticky":false,"template":"","format":"standard","meta":[],"categories":[19],"tags":[],"_links":{"self":[{"href":"http:\/\/hoycordobaweb.com\/index.php\/wp-json\/wp\/v2\/posts\/5183"}],"collection":[{"href":"http:\/\/hoycordobaweb.com\/index.php\/wp-json\/wp\/v2\/posts"}],"about":[{"href":"http:\/\/hoycordobaweb.com\/index.php\/wp-json\/wp\/v2\/types\/post"}],"author":[{"embeddable":true,"href":"http:\/\/hoycordobaweb.com\/index.php\/wp-json\/wp\/v2\/users\/1"}],"replies":[{"embeddable":true,"href":"http:\/\/hoycordobaweb.com\/index.php\/wp-json\/wp\/v2\/comments?post=5183"}],"version-history":[{"count":0,"href":"http:\/\/hoycordobaweb.com\/index.php\/wp-json\/wp\/v2\/posts\/5183\/revisions"}],"wp:featuredmedia":[{"embeddable":true,"href":"http:\/\/hoycordobaweb.com\/index.php\/wp-json\/wp\/v2\/media\/5184"}],"wp:attachment":[{"href":"http:\/\/hoycordobaweb.com\/index.php\/wp-json\/wp\/v2\/media?parent=5183"}],"wp:term":[{"taxonomy":"category","embeddable":true,"href":"http:\/\/hoycordobaweb.com\/index.php\/wp-json\/wp\/v2\/categories?post=5183"},{"taxonomy":"post_tag","embeddable":true,"href":"http:\/\/hoycordobaweb.com\/index.php\/wp-json\/wp\/v2\/tags?post=5183"}],"curies":[{"name":"wp","href":"https:\/\/api.w.org\/{rel}","templated":true}]}}