{"id":51786,"date":"2022-11-25T10:51:00","date_gmt":"2022-11-25T10:51:00","guid":{"rendered":"https:\/\/fm-comunicar.com.ar\/contenido\/19829\/colonia-caroya-inicia-la-vacunacion-antirrabica-para-mascotas"},"modified":"2022-11-25T10:51:00","modified_gmt":"2022-11-25T10:51:00","slug":"colonia-caroya-inicia-la-vacunacion-antirrabica-para-mascotas","status":"publish","type":"post","link":"http:\/\/hoycordobaweb.com\/index.php\/2022\/11\/25\/colonia-caroya-inicia-la-vacunacion-antirrabica-para-mascotas\/","title":{"rendered":"Colonia Caroya inicia la vacunaci\u00f3n antirr\u00e1bica para mascotas"},"content":{"rendered":"<p>El municipio dispuso un cronograma que se extender\u00e1 durante toda la semana pr\u00f3xima en distintos espacios p\u00fablicos. Se atender\u00e1 a perros y gatos sin turno, por orden de llegada.\u00a0<img src=\"http:\/\/hoycordobaweb.com\/wp-content\/uploads\/2022\/11\/colonia-caroya-inicia-la-vacunacion-antirrabica-para-mascotas.jpg\"><\/p>\n","protected":false},"excerpt":{"rendered":"<p>El municipio dispuso un cronograma que se extender\u00e1 durante toda la semana pr\u00f3xima en distintos espacios p\u00fablicos. Se atender\u00e1 a perros y gatos sin turno, por orden de llegada.\u00a0<\/p>\n","protected":false},"author":1,"featured_media":51787,"comment_status":"closed","ping_status":"closed","sticky":false,"template":"","format":"standard","meta":[],"categories":[18],"tags":[],"_links":{"self":[{"href":"http:\/\/hoycordobaweb.com\/index.php\/wp-json\/wp\/v2\/posts\/51786"}],"collection":[{"href":"http:\/\/hoycordobaweb.com\/index.php\/wp-json\/wp\/v2\/posts"}],"about":[{"href":"http:\/\/hoycordobaweb.com\/index.php\/wp-json\/wp\/v2\/types\/post"}],"author":[{"embeddable":true,"href":"http:\/\/hoycordobaweb.com\/index.php\/wp-json\/wp\/v2\/users\/1"}],"replies":[{"embeddable":true,"href":"http:\/\/hoycordobaweb.com\/index.php\/wp-json\/wp\/v2\/comments?post=51786"}],"version-history":[{"count":0,"href":"http:\/\/hoycordobaweb.com\/index.php\/wp-json\/wp\/v2\/posts\/51786\/revisions"}],"wp:featuredmedia":[{"embeddable":true,"href":"http:\/\/hoycordobaweb.com\/index.php\/wp-json\/wp\/v2\/media\/51787"}],"wp:attachment":[{"href":"http:\/\/hoycordobaweb.com\/index.php\/wp-json\/wp\/v2\/media?parent=51786"}],"wp:term":[{"taxonomy":"category","embeddable":true,"href":"http:\/\/hoycordobaweb.com\/index.php\/wp-json\/wp\/v2\/categories?post=51786"},{"taxonomy":"post_tag","embeddable":true,"href":"http:\/\/hoycordobaweb.com\/index.php\/wp-json\/wp\/v2\/tags?post=51786"}],"curies":[{"name":"wp","href":"https:\/\/api.w.org\/{rel}","templated":true}]}}