{"id":51779,"date":"2022-11-25T14:51:56","date_gmt":"2022-11-25T14:51:56","guid":{"rendered":"https:\/\/fono.fcm.unc.edu.ar\/?p=10026"},"modified":"2022-11-25T14:51:56","modified_gmt":"2022-11-25T14:51:56","slug":"25-de-noviembre-dia-internacional-de-la-lucha-contra-la-violencia-hacia-la-mujer","status":"publish","type":"post","link":"http:\/\/hoycordobaweb.com\/index.php\/2022\/11\/25\/25-de-noviembre-dia-internacional-de-la-lucha-contra-la-violencia-hacia-la-mujer\/","title":{"rendered":"25 de noviembre: D\u00eda Internacional de la Lucha contra la Violencia hacia la Mujer"},"content":{"rendered":"<h2 class=\"fusion-post-title\">25 de noviembre: D\u00eda Internacional de la Lucha contra la Violencia hacia la Mujer<\/h2>\n<div class=\"post-content\" readability=\"36\">\n<p><img loading=\"lazy\" class=\"alignright size-fusion-400 wp-image-10027\" src=\"https:\/\/fono.fcm.unc.edu.ar\/wp-content\/uploads\/sites\/14\/2022\/11\/EFEMERIDES-2022-2-400x400.png\" alt width=\"400\" height=\"400\" srcset=\"https:\/\/fono.fcm.unc.edu.ar\/wp-content\/uploads\/sites\/14\/2022\/11\/EFEMERIDES-2022-2-66x66.png 66w, https:\/\/fono.fcm.unc.edu.ar\/wp-content\/uploads\/sites\/14\/2022\/11\/EFEMERIDES-2022-2-150x150.png 150w, https:\/\/fono.fcm.unc.edu.ar\/wp-content\/uploads\/sites\/14\/2022\/11\/EFEMERIDES-2022-2-200x200.png 200w, https:\/\/fono.fcm.unc.edu.ar\/wp-content\/uploads\/sites\/14\/2022\/11\/EFEMERIDES-2022-2-300x300.png 300w, https:\/\/fono.fcm.unc.edu.ar\/wp-content\/uploads\/sites\/14\/2022\/11\/EFEMERIDES-2022-2-400x400.png 400w, https:\/\/fono.fcm.unc.edu.ar\/wp-content\/uploads\/sites\/14\/2022\/11\/EFEMERIDES-2022-2-600x600.png 600w, https:\/\/fono.fcm.unc.edu.ar\/wp-content\/uploads\/sites\/14\/2022\/11\/EFEMERIDES-2022-2-768x768.png 768w, https:\/\/fono.fcm.unc.edu.ar\/wp-content\/uploads\/sites\/14\/2022\/11\/EFEMERIDES-2022-2.png 800w\" sizes=\"(max-width: 400px) 100vw, 400px\">El 17 de diciembre de 1999 la Asamblea General de las Naciones Unidas design\u00f3 al 25 de noviembre como D\u00eda Internacional de la Lucha contra la Violencia hacia la Mujer con el objetivo de sensibilizar, denunciar y reclamar pol\u00edticas p\u00fablicas para erradicar la violencia de las que son v\u00edctimas las mujeres en todo el mundo.<\/p>\n<\/p><\/div>\n","protected":false},"excerpt":{"rendered":"<p>25 de noviembre: D\u00eda Internacional de la Lucha contra la Violencia hacia la Mujer El 17 de diciembre de 1999 la Asamblea General de las Naciones Unidas design\u00f3 al 25 de noviembre como D\u00eda Internacional de la Lucha contra la Violencia hacia la Mujer con el objetivo de sensibilizar, denunciar y reclamar pol\u00edticas p\u00fablicas para [&hellip;]<\/p>\n","protected":false},"author":1,"featured_media":0,"comment_status":"closed","ping_status":"closed","sticky":false,"template":"","format":"standard","meta":[],"categories":[1],"tags":[],"_links":{"self":[{"href":"http:\/\/hoycordobaweb.com\/index.php\/wp-json\/wp\/v2\/posts\/51779"}],"collection":[{"href":"http:\/\/hoycordobaweb.com\/index.php\/wp-json\/wp\/v2\/posts"}],"about":[{"href":"http:\/\/hoycordobaweb.com\/index.php\/wp-json\/wp\/v2\/types\/post"}],"author":[{"embeddable":true,"href":"http:\/\/hoycordobaweb.com\/index.php\/wp-json\/wp\/v2\/users\/1"}],"replies":[{"embeddable":true,"href":"http:\/\/hoycordobaweb.com\/index.php\/wp-json\/wp\/v2\/comments?post=51779"}],"version-history":[{"count":0,"href":"http:\/\/hoycordobaweb.com\/index.php\/wp-json\/wp\/v2\/posts\/51779\/revisions"}],"wp:attachment":[{"href":"http:\/\/hoycordobaweb.com\/index.php\/wp-json\/wp\/v2\/media?parent=51779"}],"wp:term":[{"taxonomy":"category","embeddable":true,"href":"http:\/\/hoycordobaweb.com\/index.php\/wp-json\/wp\/v2\/categories?post=51779"},{"taxonomy":"post_tag","embeddable":true,"href":"http:\/\/hoycordobaweb.com\/index.php\/wp-json\/wp\/v2\/tags?post=51779"}],"curies":[{"name":"wp","href":"https:\/\/api.w.org\/{rel}","templated":true}]}}