{"id":51739,"date":"2022-11-27T03:14:47","date_gmt":"2022-11-27T03:14:47","guid":{"rendered":"http:\/\/hoycordobaweb.com\/index.php\/2022\/11\/27\/el-futbol-argentino-llega-a-la-pasarela-la-opinion-a-coruna\/"},"modified":"2022-11-27T03:14:47","modified_gmt":"2022-11-27T03:14:47","slug":"el-futbol-argentino-llega-a-la-pasarela-la-opinion-a-coruna","status":"publish","type":"post","link":"http:\/\/hoycordobaweb.com\/index.php\/2022\/11\/27\/el-futbol-argentino-llega-a-la-pasarela-la-opinion-a-coruna\/","title":{"rendered":"El <b>f\u00fatbol argentino<\/b> llega a la pasarela &#8211; La Opini\u00f3n A Coru\u00f1a"},"content":{"rendered":"<p>El <b>f\u00fatbol argentino<\/b> llega a la pasarela &#8230; de Italia para establecerse en Argentina\u2014, mezclando colores y texturas para vestir a los dem\u00e1s. <\/p>\n","protected":false},"excerpt":{"rendered":"<p>El f\u00fatbol argentino llega a la pasarela &#8230; de Italia para establecerse en Argentina\u2014, mezclando colores y texturas para vestir a los dem\u00e1s.<\/p>\n","protected":false},"author":1,"featured_media":0,"comment_status":"closed","ping_status":"closed","sticky":false,"template":"","format":"standard","meta":[],"categories":[22],"tags":[],"_links":{"self":[{"href":"http:\/\/hoycordobaweb.com\/index.php\/wp-json\/wp\/v2\/posts\/51739"}],"collection":[{"href":"http:\/\/hoycordobaweb.com\/index.php\/wp-json\/wp\/v2\/posts"}],"about":[{"href":"http:\/\/hoycordobaweb.com\/index.php\/wp-json\/wp\/v2\/types\/post"}],"author":[{"embeddable":true,"href":"http:\/\/hoycordobaweb.com\/index.php\/wp-json\/wp\/v2\/users\/1"}],"replies":[{"embeddable":true,"href":"http:\/\/hoycordobaweb.com\/index.php\/wp-json\/wp\/v2\/comments?post=51739"}],"version-history":[{"count":0,"href":"http:\/\/hoycordobaweb.com\/index.php\/wp-json\/wp\/v2\/posts\/51739\/revisions"}],"wp:attachment":[{"href":"http:\/\/hoycordobaweb.com\/index.php\/wp-json\/wp\/v2\/media?parent=51739"}],"wp:term":[{"taxonomy":"category","embeddable":true,"href":"http:\/\/hoycordobaweb.com\/index.php\/wp-json\/wp\/v2\/categories?post=51739"},{"taxonomy":"post_tag","embeddable":true,"href":"http:\/\/hoycordobaweb.com\/index.php\/wp-json\/wp\/v2\/tags?post=51739"}],"curies":[{"name":"wp","href":"https:\/\/api.w.org\/{rel}","templated":true}]}}