{"id":51724,"date":"2022-11-26T02:00:00","date_gmt":"2022-11-26T02:00:00","guid":{"rendered":"http:\/\/hoycordobaweb.com\/index.php\/2022\/11\/26\/murio-alberto-carbone-cura-tercermundista-y-protagonista-de-la-historia-del-peronismo\/"},"modified":"2022-11-26T02:00:00","modified_gmt":"2022-11-26T02:00:00","slug":"murio-alberto-carbone-cura-tercermundista-y-protagonista-de-la-historia-del-peronismo","status":"publish","type":"post","link":"http:\/\/hoycordobaweb.com\/index.php\/2022\/11\/26\/murio-alberto-carbone-cura-tercermundista-y-protagonista-de-la-historia-del-peronismo\/","title":{"rendered":"Muri\u00f3 Alberto Carbone, cura tercermundista y protagonista de la historia del peronismo"},"content":{"rendered":"<p><img src=\"http:\/\/hoycordobaweb.com\/wp-content\/uploads\/2022\/11\/murio-alberto-carbone-cura-tercermundista-y-protagonista-de-la-historia-del-peronismo.jpg\"><\/p>\n<figure class=\"mb-3\"><img loading=\"lazy\" src=\"http:\/\/hoycordobaweb.com\/wp-content\/uploads\/2022\/11\/murio-alberto-carbone-cura-tercermundista-y-protagonista-de-la-historia-del-peronismo-2.jpg\" width=\"100%\" height=\"100%\" alt=\"Alberto Carbone primero desde la izquierda descansa apoyado en una mochila en un campamento juvenil\"><figcaption> Alberto Carbone, primero desde la izquierda, descansa apoyado en una mochila, en un campamento juvenil. <\/figcaption><\/figure>\n<p>El sacerdote tercermundista Alberto Carbone muri\u00f3 a sus 98 a\u00f1os en la cl\u00ednica porte\u00f1a San Camilo y este viernes <strong>fue velado en la catedral de la localidad bonaerense de Moreno<\/strong>, su \u00faltimo lugar de residencia, donde quienes lo conocieron despidieron a un representante de la inserci\u00f3n popular y la opci\u00f3n por los pobres que se extendieron en la Iglesia tras el Concilio Vaticano II, al igual que a un protagonista de la historia del peronismo.<\/p>\n<p>Carbone<strong> fue uno de los fundadores del Movimiento de Sacerdotes del Tercer Mundo (MSTM); el 8 de julio de 1970 fue detenido por encontrarse en su habitaci\u00f3n de la Casa del Clero<\/strong>, sobre la calle Rodr\u00edguez Pe\u00f1a al 800, la m\u00e1quina de escribir que le hab\u00eda dejado Mario Eduardo Firmenich y que el grupo inicial de Montoneros hab\u00eda usado para redactar comunicados sobre el secuestro y muerte de Pedro Eugenio Aramburu.<\/p>\n<figure class=\"left mb-3\"><img loading=\"lazy\" src=\"http:\/\/hoycordobaweb.com\/wp-content\/uploads\/2022\/11\/murio-alberto-carbone-cura-tercermundista-y-protagonista-de-la-historia-del-peronismo-3.jpg\" width=\"100%\" height=\"100%\" alt=\"La Revista Primera Plana le dedica la tapa a la situacin judicial de Carbone Enero de 1972\"><figcaption> La Revista Primera Plana le dedica la tapa a la situaci\u00f3n judicial de Carbone. Enero de 1972. <\/figcaption><\/figure>\n<p><strong>Tras pasar varios meses preso, Carbone sali\u00f3 en libertad en enero de 1972<\/strong>: d\u00edas despu\u00e9s de ser liberado fue recibido en la villa 31 de Retiro por el p\u00e1rroco del lugar, el sacerdote <strong>Carlos Mugica<\/strong>, compa\u00f1ero suyo en el asesoramiento a la Juventud Estudiantil Cat\u00f3lica (JEC) y la Juventud Universitaria Cat\u00f3lica (JUC), quien ofici\u00f3 una misa de acci\u00f3n de gracias para festejar su liberaci\u00f3n en la parroquia Cristo Obrero.<\/p>\n<p>Uno de los asistentes a esa celebraci\u00f3n religiosa de principios de 1972 fue Eduardo De la Serna, en aquel momento un estudiante de 5\u00b0 a\u00f1o del secundario de 17 a\u00f1os, hoy con 67 y uno de los referentes del Grupo de Curas en Opci\u00f3n por los Pobres, el espacio que integraba Carbone y que de alg\u00fan modo se propone continuar en la l\u00ednea eclesial del MSTM.<\/p>\n<p><strong>\u00abPoco despu\u00e9s de la liberaci\u00f3n de la c\u00e1rcel de Alberto (Carbone), Mugica hace una misa en la parroquia Cristo Obrero a la que tambi\u00e9n asiste otro pr\u00f3cer del Movimiento de Sacerdotes del Tercer Mundo, un jesuita de Mendoza, &#8216;Macuca&#8217; (Jos\u00e9 Mar\u00eda) Llorens. Yo en esa \u00e9poca hac\u00eda apoyo escolar dos d\u00edas a la semana y tambi\u00e9n iba a misa\u00bb, record\u00f3 De la Serna<\/strong> en di\u00e1logo con T\u00e9lam.<\/p>\n<p>Sobre el episodio de la m\u00e1quina de escribir, el propio Carbone cont\u00f3 en una entrevista con la historiadora Mar\u00eda Elena Barral publicada en 2018 por P\u00e1gina\/12 que Firmenich, a quien conoc\u00eda de su paso por la JEC, le hab\u00eda pedido que la guardara pero reiter\u00f3 que no era suya: \u00abSi hubiera sido mi m\u00e1quina la cosa se resolv\u00eda de manera muy simple, pero no era m\u00eda\u00bb.<\/p>\n<figure class=\"mb-3\"><img loading=\"lazy\" src=\"http:\/\/hoycordobaweb.com\/wp-content\/uploads\/2022\/11\/murio-alberto-carbone-cura-tercermundista-y-protagonista-de-la-historia-del-peronismo-4.jpg\" width=\"100%\" height=\"100%\" alt=\"El cura Carbone levantando una pared tras el incendio de una casilla en el Barrio Saldas de la Villa 31 de Retiro\"><figcaption> El cura Carbone levantando una pared tras el incendio de una casilla en el Barrio Sald\u00edas de la Villa 31 de Retiro. <\/figcaption><\/figure>\n<p>Carbone, que <strong>hab\u00eda nacido en Berl\u00edn en 1924 de padre argentino y madre alemana<\/strong>, se hab\u00eda ordenado sacerdote en 1953 y en 1970, con 46 a\u00f1os, fue detenido y llevado a la Jefatura Central de Polic\u00eda, luego a la Divisi\u00f3n Asuntos Pol\u00edticos de Coordinaci\u00f3n Federal y posteriormente encarcelado en el penal de Villa Devoto, en un pabell\u00f3n destinado a presos pol\u00edticos.<\/p>\n<p>Tras recibir una condena de dos a\u00f1os de prisi\u00f3n en suspenso por encubrimiento, fue liberado pero poco tiempo despu\u00e9s lo volvieron a detener, esta vez cuatro meses y medio, <strong>acusado de haber participado en una acci\u00f3n de Montoneros en la ciudad de Z\u00e1rate, pero recuper\u00f3 la libertad cuando \u00abel juez demostr\u00f3 la falsedad de la acusaci\u00f3n\u00bb<\/strong>, seg\u00fan reconstruy\u00f3 el propio Carbone en aquella entrevista de 2018.<\/p>\n<p>Como uno de los fundadores del MSTM, Carbone fue considerado uno de los impulsores de la llamada opci\u00f3n preferencial por los pobres y de una visi\u00f3n popular de la teolog\u00eda que en la Argentina se difundieron entre los creyentes a partir de la conferencia de los obispos latinoamericanos de Medell\u00edn, en 1968.<\/p>\n<figure class=\"mb-3\"><img loading=\"lazy\" src=\"http:\/\/hoycordobaweb.com\/wp-content\/uploads\/2022\/11\/murio-alberto-carbone-cura-tercermundista-y-protagonista-de-la-historia-del-peronismo-5.jpg\" width=\"100%\" height=\"100%\" alt=\"Carbone celebra misa junto al cura Pichi Meisegeier\"><figcaption> Carbone celebra misa junto al cura Pichi Meisegeier. <\/figcaption><\/figure>\n<p>Su biograf\u00eda tan intensa, una adscripci\u00f3n al peronismo al que entend\u00eda no como una opci\u00f3n partidaria sino cultural, su invitaci\u00f3n a \u00abdeseuropeizarse\u00bb y su mirada sobre c\u00f3mo llevar a cabo la labor sacerdotal, est\u00e1n reunidas en dos libros de reciente publicaci\u00f3n: \u00abPadre Alberto Carbone, por los caminos del pueblo\u00bb, de Miguel Velo (editorial Didaj\u00e9, 2019), y \u00abCuras con los pies en la tierra. Una historia de la Iglesia en la Argentina contada desde abajo\u00bb, de Mar\u00eda Elena Barral, (editorial Sudamericana, 2016).<\/p>\n<figure class=\"left mb-3\"><img loading=\"lazy\" src=\"http:\/\/hoycordobaweb.com\/wp-content\/uploads\/2022\/11\/murio-alberto-carbone-cura-tercermundista-y-protagonista-de-la-historia-del-peronismo-6.jpg\" width=\"100%\" height=\"100%\" alt=\"Afiche annimo de la derecha que lo asocia con la violencia poltica Ao 1972\"><figcaption> Afiche an\u00f3nimo de la derecha que lo asocia con la violencia pol\u00edtica. A\u00f1o 1972. <\/figcaption><\/figure>\n<p> Por su funci\u00f3n como asesor nacional de la JEC -rama de estudiantes secundarios de la Acci\u00f3n Cat\u00f3lica-, Carbone fue una figura influyente para muchos adolescentes y j\u00f3venes que lo conocieron en los a\u00f1os &#8217;60 como formador en campamentos y acciones solidarias.<\/p>\n<p>Una de aquellas adolescentes, egresada del colegio Inmaculada Concepci\u00f3n, hoy de 76 a\u00f1os, es Antonia Canizo, quien conoci\u00f3 el compromiso social al ingresar a la Asociaci\u00f3n de Estudiantes Secundarios de Acci\u00f3n Cat\u00f3lica (Aesac), en su momento equiparable a la rama femenina de la organizaci\u00f3n oficial de la Iglesia.<\/p>\n<p><strong>\u00abAlberto (Carbone) fue muy importante para todos nosotros, lo recuerdo por los campamentos en Bariloche, de subir la monta\u00f1a, que era su gran pasi\u00f3n y que al mismo tiempo implicaba una formaci\u00f3n de vida. Cuando quiero hablar de Alberto recuerdo su lema, que era &#8216;acompa\u00f1ar y compartir&#8217;. Nos ense\u00f1aba a trasladar eso en los grupos en los que particip\u00e1bamos, todo te\u00f1ido con una mirada sobre el mundo, lo religioso y lo pol\u00edtico\u00bb, record\u00f3 Canizo<\/strong> en di\u00e1logo con T\u00e9lam.<\/p>\n<p>En los \u00faltimos a\u00f1os, y a pesar de haber sido sacerdote por m\u00e1s de seis d\u00e9cadas, Carbone no hab\u00eda dejado de ser p\u00e1rroco: as\u00ed fue que tras un tiempo asignado a una iglesia del barrio porte\u00f1o de Parque Patricios eligi\u00f3 el traslado a otras di\u00f3cesis, primero en Mor\u00f3n y luego en Merlo-Moreno, en el oeste del conurbano.<\/p>\n<p>Amigo de Mugica, Carbone integr\u00f3 el MSTM junto a otros curas instalados en villas o barrios populares como Jorge Vernazza, Jos\u00e9 \u00abPepe\u00bb Piguill\u00e9m y Rodolfo Ricciardelli, ya fallecidos, a quienes adem\u00e1s acompa\u00f1aba el te\u00f3logo Rafael Tello, inspirador de la llamada &#8216;teolog\u00eda del pueblo&#8217;, corriente con arraigo en la Iglesia argentina que fundamenta la necesidad de un \u00abcristianismo popular\u00bb.<\/p>\n<figure class=\"mb-3\"><img loading=\"lazy\" src=\"http:\/\/hoycordobaweb.com\/wp-content\/uploads\/2022\/11\/murio-alberto-carbone-cura-tercermundista-y-protagonista-de-la-historia-del-peronismo-7.jpg\" width=\"100%\" height=\"100%\" alt=\"Portada del libro sobre su vida\"><figcaption> Portada del libro sobre su vida. <\/figcaption><\/figure>\n","protected":false},"excerpt":{"rendered":"<p>Alberto Carbone, primero desde la izquierda, descansa apoyado en una mochila, en un campamento juvenil. El sacerdote tercermundista Alberto Carbone muri\u00f3 a sus 98 a\u00f1os en la cl\u00ednica porte\u00f1a San Camilo y este viernes fue velado en la catedral de la localidad bonaerense de Moreno, su \u00faltimo lugar de residencia, donde quienes lo conocieron despidieron [&hellip;]<\/p>\n","protected":false},"author":1,"featured_media":51725,"comment_status":"open","ping_status":"closed","sticky":false,"template":"","format":"standard","meta":[],"categories":[19],"tags":[],"_links":{"self":[{"href":"http:\/\/hoycordobaweb.com\/index.php\/wp-json\/wp\/v2\/posts\/51724"}],"collection":[{"href":"http:\/\/hoycordobaweb.com\/index.php\/wp-json\/wp\/v2\/posts"}],"about":[{"href":"http:\/\/hoycordobaweb.com\/index.php\/wp-json\/wp\/v2\/types\/post"}],"author":[{"embeddable":true,"href":"http:\/\/hoycordobaweb.com\/index.php\/wp-json\/wp\/v2\/users\/1"}],"replies":[{"embeddable":true,"href":"http:\/\/hoycordobaweb.com\/index.php\/wp-json\/wp\/v2\/comments?post=51724"}],"version-history":[{"count":0,"href":"http:\/\/hoycordobaweb.com\/index.php\/wp-json\/wp\/v2\/posts\/51724\/revisions"}],"wp:featuredmedia":[{"embeddable":true,"href":"http:\/\/hoycordobaweb.com\/index.php\/wp-json\/wp\/v2\/media\/51725"}],"wp:attachment":[{"href":"http:\/\/hoycordobaweb.com\/index.php\/wp-json\/wp\/v2\/media?parent=51724"}],"wp:term":[{"taxonomy":"category","embeddable":true,"href":"http:\/\/hoycordobaweb.com\/index.php\/wp-json\/wp\/v2\/categories?post=51724"},{"taxonomy":"post_tag","embeddable":true,"href":"http:\/\/hoycordobaweb.com\/index.php\/wp-json\/wp\/v2\/tags?post=51724"}],"curies":[{"name":"wp","href":"https:\/\/api.w.org\/{rel}","templated":true}]}}