{"id":51722,"date":"2022-11-26T02:09:00","date_gmt":"2022-11-26T02:09:00","guid":{"rendered":"http:\/\/hoycordobaweb.com\/index.php\/2022\/11\/26\/otorgaron-prision-domiciliaria-a-la-china-presa-por-una-emergencia-obstetrica\/"},"modified":"2022-11-26T02:09:00","modified_gmt":"2022-11-26T02:09:00","slug":"otorgaron-prision-domiciliaria-a-la-china-presa-por-una-emergencia-obstetrica","status":"publish","type":"post","link":"http:\/\/hoycordobaweb.com\/index.php\/2022\/11\/26\/otorgaron-prision-domiciliaria-a-la-china-presa-por-una-emergencia-obstetrica\/","title":{"rendered":"Otorgaron prisi\u00f3n domiciliaria a &#8216;La china&#8217;, presa por una \u00abemergencia obst\u00e9trica\u00bb"},"content":{"rendered":"<p><img src=\"http:\/\/hoycordobaweb.com\/wp-content\/uploads\/2022\/11\/otorgaron-prision-domiciliaria-a-la-china-presa-por-una-emergencia-obstetrica.jpg\"><\/p>\n<figure class=\"mb-3\"><img loading=\"lazy\" src=\"http:\/\/hoycordobaweb.com\/wp-content\/uploads\/2022\/11\/otorgaron-prision-domiciliaria-a-la-china-presa-por-una-emergencia-obstetrica-2.jpg\" width=\"100%\" height=\"100%\" alt=\"El Tribunal Oral en lo Criminal y Correccional 30 de CABA otorg este viernes el arresto domiciliario de la mujer Captura Street View\"><figcaption> El Tribunal Oral en lo Criminal y Correccional 30 de CABA otorg\u00f3 este viernes el arresto domiciliario de la mujer \/ Captura Street View <\/figcaption><\/figure>\n<p>El Tribunal Oral en lo Criminal y Correccional 30 de la Ciudad de Buenos Aires, otorg\u00f3 este viernes el arresto domiciliario a la mujer de 43 a\u00f1os, apodada \u00abLa china\u00bb, quien cumpl\u00eda prisi\u00f3n preventiva en el penal de Ezeiza acusada de homicidio agravado por el v\u00ednculo tras sufrir una \u00abemergencia obst\u00e9trica\u00bb.<\/p>\n<p>El pedido hab\u00eda sido formulado por el <strong>defensor de la imputada, Gast\u00f3n Marano<\/strong>, y avalado por la Fiscal\u00eda, quien aleg\u00f3 \u00abla situaci\u00f3n familiar\u00bb de la acusada y que es \u00abinmigrante y no tienen otros familiares en el pa\u00eds\u00bb.<\/p>\n<p>Por otro lado, en la audiencia de debate, <strong>la mujer hab\u00eda pedido que se tomara en consideraci\u00f3n su arresto domiciliario, ya que sus hijos \u00abla necesitan en la casa\u00bb,<\/strong><\/p>\n<p>\u00abDestac\u00f3 que su <strong>hijo menor padece de trastorno de d\u00e9ficit de atenci\u00f3n e hiperactividad, llora constantemente<\/strong>, y lamentablemente su pap\u00e1 biol\u00f3gico no est\u00e1, debiendo su pareja cumplir la funci\u00f3n de padre hace muchos a\u00f1os\u00bb, precis\u00f3 su abogado.<\/p>\n<p>Marano dijo a T\u00e9lam que \u00abse elaboraron dos informes, uno socio-ambiental y otro t\u00e9cnico con resultado positivo. La fiscal no se opuso y dio lugar al pedido de arresto domiciliario mediante la previa implementaci\u00f3n de una Unidad de Monitoreo Ambulatorio o GPS\u00bb.<\/p>\n<p>Al respecto, este viernes-a las 18.30 horas- le colocaron la <strong>pulsera electr\u00f3nica<\/strong> y a las 20.30 se realiz\u00f3 el traslado a su domicilio.<\/p>\n<h2 class>\u00daltima audiencia el lunes pr\u00f3ximo<\/h2>\n<p>En tanto, seg\u00fan coment\u00f3 Marano, \u00abel lunes pr\u00f3ximo se realizar\u00e1 la \u00faltima audiencia con la declaraci\u00f3n de 20 testigos, entre ellos una psic\u00f3loga del Centro de Estudios Legales y Sociales (CELS) y una perito de parte que es una m\u00e9dica\u00bb.<\/p>\n<p>Luego, se pronunciar\u00e1n los alegatos de las partes y la acusada podr\u00e1 pronunciar sus \u00faltimas palabras ante el Tribunal a cargo de los jueces Luis Mar\u00eda Rizzi, Guillermo Enrique Friele y Marcela M\u00f3nica Rodr\u00edguez, que luego deber\u00e1 emitir su veredicto.<\/p>\n<p><strong>\u00abLa causa lleva dos a\u00f1os, hoy se obtiene un avance con el arresto domiciliario que es agridulce porque nunca deber\u00eda haber existido la prisi\u00f3n\u00bb<\/strong>, precis\u00f3 Marano.<\/p>\n<p><strong>\u00abMe pone contento que hoy duerma en su casa y que est\u00e9 con sus dos hijos, pero me entristece porque pienso que estos casos deber\u00edan tener otro abordaje desde la Justicia y desde el Estado\u00bb<\/strong>, subray\u00f3 el abogado.<\/p>\n<p>\u00abEstas cuestiones tienen que tener un abordaje desde el Ministerio de Salud y de una educaci\u00f3n sexual espec\u00edfica\u00bb, concluy\u00f3.<\/p>\n<h2 class>\u00bfPor qu\u00e9 est\u00e1 imputada?<\/h2>\n<p>El hecho que se le imputa a \u00abLa china\u00bb -oriunda de Venezuela- ocurri\u00f3 el <strong>15 de diciembre de 2020<\/strong> cuando, tras una <strong>gestaci\u00f3n de 38 semanas, tuvo un evento obst\u00e9trico catalogado como \u00abparto en avalancha\u00bb<\/strong>, en el cual expuls\u00f3 un feto, el cord\u00f3n umbilical y la placenta.<\/p>\n<p>Seg\u00fan ella misma explic\u00f3 en una carta escrita en su celda del Complejo Penitenciario de Ezeiza, <strong>no ten\u00eda conocimiento de su embarazo y hab\u00eda tenido eventos obst\u00e9tricos similares en otras ocasiones<\/strong> en su pa\u00eds natal.<\/p>\n<p>La mujer deposit\u00f3 los restos con sangre envueltos en una manta en un contenedor de basura cercano a su casa en la zona del centro porte\u00f1o, tras lo cual fue identificada y detenida. <\/p>\n","protected":false},"excerpt":{"rendered":"<p>El Tribunal Oral en lo Criminal y Correccional 30 de CABA otorg\u00f3 este viernes el arresto domiciliario de la mujer \/ Captura Street View El Tribunal Oral en lo Criminal y Correccional 30 de la Ciudad de Buenos Aires, otorg\u00f3 este viernes el arresto domiciliario a la mujer de 43 a\u00f1os, apodada \u00abLa china\u00bb, quien [&hellip;]<\/p>\n","protected":false},"author":1,"featured_media":51723,"comment_status":"open","ping_status":"closed","sticky":false,"template":"","format":"standard","meta":[],"categories":[19],"tags":[],"_links":{"self":[{"href":"http:\/\/hoycordobaweb.com\/index.php\/wp-json\/wp\/v2\/posts\/51722"}],"collection":[{"href":"http:\/\/hoycordobaweb.com\/index.php\/wp-json\/wp\/v2\/posts"}],"about":[{"href":"http:\/\/hoycordobaweb.com\/index.php\/wp-json\/wp\/v2\/types\/post"}],"author":[{"embeddable":true,"href":"http:\/\/hoycordobaweb.com\/index.php\/wp-json\/wp\/v2\/users\/1"}],"replies":[{"embeddable":true,"href":"http:\/\/hoycordobaweb.com\/index.php\/wp-json\/wp\/v2\/comments?post=51722"}],"version-history":[{"count":0,"href":"http:\/\/hoycordobaweb.com\/index.php\/wp-json\/wp\/v2\/posts\/51722\/revisions"}],"wp:featuredmedia":[{"embeddable":true,"href":"http:\/\/hoycordobaweb.com\/index.php\/wp-json\/wp\/v2\/media\/51723"}],"wp:attachment":[{"href":"http:\/\/hoycordobaweb.com\/index.php\/wp-json\/wp\/v2\/media?parent=51722"}],"wp:term":[{"taxonomy":"category","embeddable":true,"href":"http:\/\/hoycordobaweb.com\/index.php\/wp-json\/wp\/v2\/categories?post=51722"},{"taxonomy":"post_tag","embeddable":true,"href":"http:\/\/hoycordobaweb.com\/index.php\/wp-json\/wp\/v2\/tags?post=51722"}],"curies":[{"name":"wp","href":"https:\/\/api.w.org\/{rel}","templated":true}]}}