{"id":51712,"date":"2022-11-25T14:32:02","date_gmt":"2022-11-25T14:32:02","guid":{"rendered":"https:\/\/www.mujerhoy.com\/moda\/no-te-pierdas\/eugenia-martinez-irujo-look-original-rejuvenecedor-falda-chaleco-made-in-spain-premios-mujerhoy-20221124091851-nt.html"},"modified":"2022-11-25T14:32:02","modified_gmt":"2022-11-25T14:32:02","slug":"eugenia-martinez-de-irujo-triunfa-en-los-premios-mujerhoy-con-un-look-con-falda-y-chaleco-original-y-muy-rejuvenecedor","status":"publish","type":"post","link":"http:\/\/hoycordobaweb.com\/index.php\/2022\/11\/25\/eugenia-martinez-de-irujo-triunfa-en-los-premios-mujerhoy-con-un-look-con-falda-y-chaleco-original-y-muy-rejuvenecedor\/","title":{"rendered":"Eugenia Mart\u00ednez de Irujo triunfa en los Premios Mujerhoy con un look con falda y chaleco original y muy rejuvenecedor"},"content":{"rendered":"<p><!-- AUTHOR --><\/p>\n<div class=\"voc-author-timesocial \"><!-- AUTHOR --><\/p>\n<div class=\"voc-author-timesocial__signature\"><!-- IMAGE AUTHOR --><picture class=\"voc-image-signature\"><img class=\"voc-image-signature__img\" src=\"http:\/\/hoycordobaweb.com\/wp-content\/uploads\/2022\/11\/eugenia-martinez-de-irujo-triunfa-en-los-premios-mujerhoy-con-un-look-con-falda-y-chaleco-original-y-muy-rejuvenecedor.jpg\" alt=\"Raquel Rodr\u00edguez\"><\/picture><!-- INFO AUTHOR --><\/div>\n<\/div>\n<p><!-- COMPONENTS --><\/p>\n<p class=\"voc-paragraph\">La <a data-voc-vtm-id=\"in-text-traffic\" href=\"https:\/\/www.mujerhoy.com\/actualidad\/eugenia-martinez-irujo-ganadora-premio-mujerhoy-2022-duquesa-montoro-vida-feliz-boda-narcis-rebollo-herencia-cayetana-duquesa-alba-20221123102527-nt.html\">ganadora del Premio Mujerhoy 2022<\/a> quiso convertirse en protagonista tambi\u00e9n en la alfombra roja. <strong>Eugenia Mart\u00ednez de Irujo<\/strong> no sol\u00f3 triunf\u00f3 durante la gala, sino que tambi\u00e9n hizo alarde, una vez m\u00e1s, de su particular <strong>estilo<\/strong>. Y se convirti\u00f3 en una de las m\u00e1s originales <a data-voc-vtm-id=\"in-text-traffic\" href=\"https:\/\/www.mujerhoy.com\/moda\/no-te-pierdas\/isabel-diaz-ayuso-vestido-lentejuelas-zara-negro-look-invitada-espectacular-mejor-vestida-premios-mujerhoy-20221124011833-nt.html\">junto a Isabel D\u00edaz Ayuso <\/a>gracias a un conjunto que se llev\u00f3 muchos halagos.\n<\/p>\n<p class=\"voc-paragraph\">La socialit\u00e9 nos ha demostrado en m\u00e1s de una ocasi\u00f3n que lo de las prendas sencillas y cl\u00e1sicas no van demasiado con ella. Le gusta apostar por<br \/>\n<strong> piezas especiales <\/strong>y si pueden ir acompa\u00f1adas de prints llamativos y colores vivos, mejor que mejor.\n<\/p>\n<p class=\"voc-paragraph\">Y el look escogido para esta cita fue una buena prueba de ello. Ni la elegancia de Isabelle Junot ni la sofisticaci\u00f3n de Nieves \u00c1lvarez consiguieron robar protagonismo a una <a data-voc-vtm-id=\"in-text-traffic\" href=\"https:\/\/www.mujerhoy.com\/temas\/personajes\/eugenia-martinez-de-irujo.html\">Eugenia <\/a>que prefiri\u00f3 dejar a un lado los vestidos de gala largos, para lucir un <strong>conjunto de falda y top<\/strong> mucho m\u00e1s funcional y ponible y, por supuesto, m\u00e1s original.\n<\/p>\n<p class=\"voc-paragraph\">A Eugenia le gusta apoyar la moda espa\u00f1ola y en este tipo de citas (tambi\u00e9n en su d\u00eda a d\u00eda) suele apostar por <strong>firmas made in Spain<\/strong>. Y aunque Teresa Helbig es de sus favoritas, lo cierto es que esta vez ha innovado con una propuesta diferente.\n<\/p>\n<div class=\"voc-detail__cmp\">\n<div class=\"voc-article-container\">\n<article class=\"voc-article voc-article--cmp-photo-text\" readability=\"26\">\n<div class=\"voc-img-container\" readability=\"7\"><picture>\n<div class=\"voc-horizontal voc-img-icon-link\"><img class=\"lazy\" loading=\"lazy\" data-original=\"\/\/static1.mujerhoy.com\/www\/multimedia\/202211\/24\/media\/cortadas\/eugenia-martinez-de-irujo-falda-kUW--624x624@MujerHoy.jpg\" alt=\"El look de Eugenia Mart\u00ednez de Irujo.\"><\/div>\n<\/picture>\n<p class=\"figure-caption \"> El look de Eugenia Mart\u00ednez de Irujo. \/ <span class=\"voc-photo-author\"> gtres <\/span><\/p>\n<\/div>\n<\/article>\n<\/div>\n<\/div>\n<p class=\"voc-paragraph\">Luci\u00f3 una <strong>falda <\/strong>larga y con un dise\u00f1o vaporoso de<br \/>\n<strong> Zaigueti Studio<\/strong>, disponible en Es Fascinante, una tienda multimarca que naci\u00f3 en 1970, en pleno coraz\u00f3n de la regi\u00f3n vizca\u00edna Las Encartaciones. En los \u00faltimos a\u00f1os han puesto en marcha una colecci\u00f3n propia de la que han salido dise\u00f1os como el que luci\u00f3 la socialit\u00e9.\n<\/p>\n<div class=\"voc-detail-photo-zoom\"><picture data-toggle=\"modal\" data-target=\"#photoZoomModal-31\" target=\"modal\">\n<div class=\"voc-img-icon-link\"><img loading=\"lazy\" data-original=\"\/\/static.mujerhoy.com\/www\/multimedia\/202211\/24\/media\/cortadas\/falda-tul-beige-larga-kSZB--460x637@MujerHoy.jpg\" class=\"lazy\" alt=\"La falda de Eugenia es de tul.\"><noscript><img src=\"http:\/\/hoycordobaweb.com\/wp-content\/uploads\/2022\/11\/eugenia-martinez-de-irujo-triunfa-en-los-premios-mujerhoy-con-un-look-con-falda-y-chaleco-original-y-muy-rejuvenecedor-1.jpg\" alt=\"La falda de Eugenia es de tul.\"><\/noscript><i class=\"voc-icons zoom voc-multimedia-box voc-ico-l\"><\/i><\/div><figcaption class=\"figure-caption\">La falda de Eugenia es de tul.<\/figcaption><\/picture><\/div>\n<div id=\"photoZoomModal-31\" class=\"voc-lightbox modal fade voc-lightbox--photo-zoom\" role=\"dialog\" data-voc-photozoom-lightbox>\n<div class=\"voc-lightbox__dialog\" role=\"document\">\n<div class=\"voc-lightbox__content\"><!-- Modal header --><!-- Modal content --><\/p>\n<div class=\"voc-lightbox__photo-container\"><picture class><img loading=\"lazy\" data-original=\"\/\/static.mujerhoy.com\/www\/multimedia\/202211\/24\/media\/cortadas\/falda-tul-beige-larga-kSZB--460x637@MujerHoy.jpg\" alt=\"La falda de Eugenia es de tul.\" class=\"lazy\"><noscript><img src=\"http:\/\/hoycordobaweb.com\/wp-content\/uploads\/2022\/11\/eugenia-martinez-de-irujo-triunfa-en-los-premios-mujerhoy-con-un-look-con-falda-y-chaleco-original-y-muy-rejuvenecedor-1.jpg\" alt=\"La falda de Eugenia es de tul.\"><\/noscript><\/picture><\/div>\n<\/div>\n<\/div>\n<\/div>\n<p class=\"voc-paragraph\">Se trata de una falda de tul con goma en cintura en color beige y con un acabado de vuelo gracias a los pliegues del dise\u00f1o. Y s\u00ed, se encuentra a la venta. Si t\u00fa tambi\u00e9n te has enamorado de ella, la puedes llevar en tu pr\u00f3ximo look de invitada. Cuesta<br \/>\n<strong> 280 euros<\/strong> y se encuentra a la venta en la web.\n<\/p>\n<div class=\"voc-detail__cmp\">\n<div class=\"voc-article-container\">\n<article class=\"voc-article voc-article--cmp-video\" readability=\"26\">\n<div class=\"voc-img-container \" readability=\"7\"><picture><\/picture>\n<p class=\"figure-caption \"><span class=\"voc-gallery-type\"><i class=\"voc-icons video\"><\/i> V\u00eddeo. <\/span> As\u00ed fueron los XIII Premios Mujerhoy <span class=\"voc-photo-author\"><\/span><\/p>\n<\/div>\n<\/article>\n<\/div>\n<\/div>\n<p class=\"voc-paragraph\">Y Eugenia, lejos de a\u00f1adir un b\u00e1sico a esta falda, complet\u00f3 el look con<br \/>\n<strong> joyas de Tous<\/strong>, un <strong>cintur\u00f3n de Teresa Helbig<\/strong>, un bolso pulseta rose red de <strong>Celina Mart\u00edn <\/strong>(disponible en ES Fascinante) y una de las prendas m\u00e1s codiciadas de <strong>La Condesa<\/strong>. La firma espa\u00f1ola de los unicornios alados, el Rock&amp;Roll, champagne, el color rosa y conocida por sus espectaculares chaquetas tambi\u00e9n ha enamorado a Eugenia y lo ha demostrado con este chaleco.\n<\/p>\n<p class=\"voc-paragraph\">Se trata del <strong>chaleco <\/strong>Jimi, una prenda que versiona la chaqueta La Condesa, uno de los grandes cl\u00e1sicos de la firma y que se caracteriza por tener tambi\u00e9n esa inspiraci\u00f3n militar con ricos bordados en cord\u00f3n dorado a lo largo de todo el cuerpo.\n<\/p>\n<p class=\"voc-paragraph\">Pero, \u00bfqu\u00e9 hace que esta prenda se haya convertido en una de las m\u00e1s vendidas? El detalle de las <strong>plumas <\/strong>en los hombros. Y gust\u00f3 tanto que se la hemos visto lucir a otros rostros conocidos incluida la propia Eugenia, que lo ha llevado en el d\u00eda a d\u00eda con vaqueros. La mala noticia es que ya no se encuentra disponible\u2026\n<\/p>\n<p><!-- TOPICS --><\/p>\n","protected":false},"excerpt":{"rendered":"<p>La ganadora del Premio Mujerhoy 2022 quiso convertirse en protagonista tambi\u00e9n en la alfombra roja. Eugenia Mart\u00ednez de Irujo no sol\u00f3 triunf\u00f3 durante la gala, sino que tambi\u00e9n hizo alarde, una vez m\u00e1s, de su particular estilo. Y se convirti\u00f3 en una de las m\u00e1s originales junto a Isabel D\u00edaz Ayuso gracias a un conjunto [&hellip;]<\/p>\n","protected":false},"author":1,"featured_media":51713,"comment_status":"closed","ping_status":"closed","sticky":false,"template":"","format":"standard","meta":[],"categories":[1],"tags":[],"_links":{"self":[{"href":"http:\/\/hoycordobaweb.com\/index.php\/wp-json\/wp\/v2\/posts\/51712"}],"collection":[{"href":"http:\/\/hoycordobaweb.com\/index.php\/wp-json\/wp\/v2\/posts"}],"about":[{"href":"http:\/\/hoycordobaweb.com\/index.php\/wp-json\/wp\/v2\/types\/post"}],"author":[{"embeddable":true,"href":"http:\/\/hoycordobaweb.com\/index.php\/wp-json\/wp\/v2\/users\/1"}],"replies":[{"embeddable":true,"href":"http:\/\/hoycordobaweb.com\/index.php\/wp-json\/wp\/v2\/comments?post=51712"}],"version-history":[{"count":0,"href":"http:\/\/hoycordobaweb.com\/index.php\/wp-json\/wp\/v2\/posts\/51712\/revisions"}],"wp:featuredmedia":[{"embeddable":true,"href":"http:\/\/hoycordobaweb.com\/index.php\/wp-json\/wp\/v2\/media\/51713"}],"wp:attachment":[{"href":"http:\/\/hoycordobaweb.com\/index.php\/wp-json\/wp\/v2\/media?parent=51712"}],"wp:term":[{"taxonomy":"category","embeddable":true,"href":"http:\/\/hoycordobaweb.com\/index.php\/wp-json\/wp\/v2\/categories?post=51712"},{"taxonomy":"post_tag","embeddable":true,"href":"http:\/\/hoycordobaweb.com\/index.php\/wp-json\/wp\/v2\/tags?post=51712"}],"curies":[{"name":"wp","href":"https:\/\/api.w.org\/{rel}","templated":true}]}}