{"id":51694,"date":"2022-11-25T17:19:31","date_gmt":"2022-11-25T17:19:31","guid":{"rendered":"https:\/\/ladecimaweb.com\/?p=15196"},"modified":"2022-11-25T17:19:31","modified_gmt":"2022-11-25T17:19:31","slug":"el-concejo-prepara-un-protocolo-contra-la-violencia-laboral","status":"publish","type":"post","link":"http:\/\/hoycordobaweb.com\/index.php\/2022\/11\/25\/el-concejo-prepara-un-protocolo-contra-la-violencia-laboral\/","title":{"rendered":"El Concejo prepara un protocolo contra la violencia laboral"},"content":{"rendered":"<div class=\"boldgrid-section\">\n<div class=\"container\">\n<div class=\"row\">\n<div class=\"col-md-12 col-xs-12 col-sm-12\">\n<p class=\"\">Se presentaron las bases para la creaci\u00f3n de un protocolo de actuaci\u00f3n que tendr\u00e1 como objetivo prevenir y eliminar la violencia laboral en el \u00e1mbito del Concejo Deliberante.&nbsp;<\/p>\n<p class=\"\">La presentaci\u00f3n se realiz\u00f3 en el marco del D\u00eda de la Eliminaci\u00f3n de la Violencia contra la Mujer, y estuvo a cargo de las concejalas Soledad Ferraro y Natalia Qui\u00f1onez, quienes junto al viceintendente Daniel Passerini brindaron detalles de las normativas espec\u00edficas que ser\u00e1n marco conceptual del futuro Protocolo, y el marco referencial que se tom\u00f3 del trabajo realizado por los empleados del Poder Judicial de la Provincia, el cual ser\u00e1 adaptado al \u00e1mbito legislativo.&nbsp;<\/p>\n<p>Asimismo, afirmaron que se busca crear una herramienta \u00fatil y amplia que incluya a todos los trabajadores y trabajadoras, para mejorar el ambiente laboral y prevenir el acoso y la violencia.&nbsp; Con una premisa de trabajo conjunto, din\u00e1mico y con aportes de diversas disciplinas e intervenci\u00f3n de otras instituciones del \u00e1mbito p\u00fablico.&nbsp;<\/p>\n<p class=\"\">Por su parte, el viceintendente Daniel Passerini enfatiz\u00f3 sobre la importancia de generar pol\u00edticas superadoras que&nbsp; mejoren la calidad institucional del Concejo y las condiciones de trabajo de sus colaboradores y colaboradoras. Y agreg\u00f3: \u201cLa violencia de g\u00e9nero es una mala praxis, una deformaci\u00f3n que atrasa y lesiona y nosotros no debemos permitirlo\u201d.&nbsp;<\/p>\n<p>Durante las pr\u00f3ximas semanas se avanzar\u00e1 en la redacci\u00f3n del documento, con el objetivo de que se implemente en el a\u00f1o 2023.<\/p>\n<div class=\"ubm_banner\"><a href=\"https:\/\/www.cba.gov.ar\" target=\"_blank\" rel=\"dofollow noopener noreferrer\"><img src=\"http:\/\/hoycordobaweb.com\/wp-content\/uploads\/2022\/11\/el-concejo-prepara-un-protocolo-contra-la-violencia-laboral.gif\" alt=\"\"><\/a><\/div>\n<\/div>\n<\/div>\n<\/div>\n<\/div>\n<p>La entrada <a rel=\"nofollow\" href=\"https:\/\/ladecimaweb.com\/el-concejo-prepara-un-protocolo-contra-la-violencia-laboral\/\">El Concejo prepara un protocolo contra la violencia laboral<\/a> se public\u00f3 primero en <a rel=\"nofollow\" href=\"https:\/\/ladecimaweb.com\">LaDecima<\/a>.<\/p>\n","protected":false},"excerpt":{"rendered":"<p>Se presentaron las bases para la creaci\u00f3n de un protocolo de actuaci\u00f3n que tendr\u00e1 como objetivo prevenir y eliminar la violencia laboral en el \u00e1mbito del Concejo Deliberante.&nbsp; La presentaci\u00f3n se realiz\u00f3 en el marco del D\u00eda de la Eliminaci\u00f3n de la Violencia contra la Mujer, y estuvo a cargo de las concejalas Soledad Ferraro [&hellip;]<\/p>\n","protected":false},"author":1,"featured_media":51695,"comment_status":"closed","ping_status":"closed","sticky":false,"template":"","format":"standard","meta":[],"categories":[19],"tags":[],"_links":{"self":[{"href":"http:\/\/hoycordobaweb.com\/index.php\/wp-json\/wp\/v2\/posts\/51694"}],"collection":[{"href":"http:\/\/hoycordobaweb.com\/index.php\/wp-json\/wp\/v2\/posts"}],"about":[{"href":"http:\/\/hoycordobaweb.com\/index.php\/wp-json\/wp\/v2\/types\/post"}],"author":[{"embeddable":true,"href":"http:\/\/hoycordobaweb.com\/index.php\/wp-json\/wp\/v2\/users\/1"}],"replies":[{"embeddable":true,"href":"http:\/\/hoycordobaweb.com\/index.php\/wp-json\/wp\/v2\/comments?post=51694"}],"version-history":[{"count":0,"href":"http:\/\/hoycordobaweb.com\/index.php\/wp-json\/wp\/v2\/posts\/51694\/revisions"}],"wp:featuredmedia":[{"embeddable":true,"href":"http:\/\/hoycordobaweb.com\/index.php\/wp-json\/wp\/v2\/media\/51695"}],"wp:attachment":[{"href":"http:\/\/hoycordobaweb.com\/index.php\/wp-json\/wp\/v2\/media?parent=51694"}],"wp:term":[{"taxonomy":"category","embeddable":true,"href":"http:\/\/hoycordobaweb.com\/index.php\/wp-json\/wp\/v2\/categories?post=51694"},{"taxonomy":"post_tag","embeddable":true,"href":"http:\/\/hoycordobaweb.com\/index.php\/wp-json\/wp\/v2\/tags?post=51694"}],"curies":[{"name":"wp","href":"https:\/\/api.w.org\/{rel}","templated":true}]}}