{"id":51628,"date":"2022-11-24T12:31:03","date_gmt":"2022-11-24T12:31:03","guid":{"rendered":"https:\/\/fono.fcm.unc.edu.ar\/?p=10012"},"modified":"2022-11-24T12:31:03","modified_gmt":"2022-11-24T12:31:03","slug":"informacion-importante-asueto-administrativo","status":"publish","type":"post","link":"http:\/\/hoycordobaweb.com\/index.php\/2022\/11\/24\/informacion-importante-asueto-administrativo\/","title":{"rendered":"Informaci\u00f3n importante: asueto administrativo"},"content":{"rendered":"<h2 class=\"fusion-post-title\">Informaci\u00f3n importante: asueto administrativo<\/h2>\n<div class=\"post-content\" readability=\"41\">\n<p><img loading=\"lazy\" class=\"alignright size-fusion-400 wp-image-10017\" src=\"https:\/\/fono.fcm.unc.edu.ar\/wp-content\/uploads\/sites\/14\/2022\/11\/WhatsApp-Image-2022-11-24-at-09.26.31-400x400.jpeg\" alt width=\"400\" height=\"400\" srcset=\"https:\/\/fono.fcm.unc.edu.ar\/wp-content\/uploads\/sites\/14\/2022\/11\/WhatsApp-Image-2022-11-24-at-09.26.31-66x66.jpeg 66w, https:\/\/fono.fcm.unc.edu.ar\/wp-content\/uploads\/sites\/14\/2022\/11\/WhatsApp-Image-2022-11-24-at-09.26.31-150x150.jpeg 150w, https:\/\/fono.fcm.unc.edu.ar\/wp-content\/uploads\/sites\/14\/2022\/11\/WhatsApp-Image-2022-11-24-at-09.26.31-200x200.jpeg 200w, https:\/\/fono.fcm.unc.edu.ar\/wp-content\/uploads\/sites\/14\/2022\/11\/WhatsApp-Image-2022-11-24-at-09.26.31-300x300.jpeg 300w, https:\/\/fono.fcm.unc.edu.ar\/wp-content\/uploads\/sites\/14\/2022\/11\/WhatsApp-Image-2022-11-24-at-09.26.31-400x400.jpeg 400w, https:\/\/fono.fcm.unc.edu.ar\/wp-content\/uploads\/sites\/14\/2022\/11\/WhatsApp-Image-2022-11-24-at-09.26.31-600x600.jpeg 600w, https:\/\/fono.fcm.unc.edu.ar\/wp-content\/uploads\/sites\/14\/2022\/11\/WhatsApp-Image-2022-11-24-at-09.26.31-768x768.jpeg 768w, https:\/\/fono.fcm.unc.edu.ar\/wp-content\/uploads\/sites\/14\/2022\/11\/WhatsApp-Image-2022-11-24-at-09.26.31-800x800.jpeg 800w, https:\/\/fono.fcm.unc.edu.ar\/wp-content\/uploads\/sites\/14\/2022\/11\/WhatsApp-Image-2022-11-24-at-09.26.31-1024x1024.jpeg 1024w, https:\/\/fono.fcm.unc.edu.ar\/wp-content\/uploads\/sites\/14\/2022\/11\/WhatsApp-Image-2022-11-24-at-09.26.31.jpeg 1080w\" sizes=\"(max-width: 400px) 100vw, 400px\">Con motivo del D\u00eda de las y los Trabajadores Nodocentes, ma\u00f1ana viernes, 25 de noviembre, habr\u00e1 asueto administrativo en la Escuela de Fonoaudiolog\u00eda.<\/p>\n<p>Seg\u00fan Resoluci\u00f3n Rectoral N\u00b0 1690-2022 el Rector de la UNC resolvi\u00f3 otorgar asueto administrativo el d\u00eda 25 de noviembre, debi\u00e9ndose tomar las medidas necesarias para no afectar la recepci\u00f3n de ex\u00e1menes previstos.<\/p>\n<\/p><\/div>\n","protected":false},"excerpt":{"rendered":"<p>Informaci\u00f3n importante: asueto administrativo Con motivo del D\u00eda de las y los Trabajadores Nodocentes, ma\u00f1ana viernes, 25 de noviembre, habr\u00e1 asueto administrativo en la Escuela de Fonoaudiolog\u00eda. Seg\u00fan Resoluci\u00f3n Rectoral N\u00b0 1690-2022 el Rector de la UNC resolvi\u00f3 otorgar asueto administrativo el d\u00eda 25 de noviembre, debi\u00e9ndose tomar las medidas necesarias para no afectar la [&hellip;]<\/p>\n","protected":false},"author":1,"featured_media":0,"comment_status":"closed","ping_status":"closed","sticky":false,"template":"","format":"standard","meta":[],"categories":[1],"tags":[],"_links":{"self":[{"href":"http:\/\/hoycordobaweb.com\/index.php\/wp-json\/wp\/v2\/posts\/51628"}],"collection":[{"href":"http:\/\/hoycordobaweb.com\/index.php\/wp-json\/wp\/v2\/posts"}],"about":[{"href":"http:\/\/hoycordobaweb.com\/index.php\/wp-json\/wp\/v2\/types\/post"}],"author":[{"embeddable":true,"href":"http:\/\/hoycordobaweb.com\/index.php\/wp-json\/wp\/v2\/users\/1"}],"replies":[{"embeddable":true,"href":"http:\/\/hoycordobaweb.com\/index.php\/wp-json\/wp\/v2\/comments?post=51628"}],"version-history":[{"count":0,"href":"http:\/\/hoycordobaweb.com\/index.php\/wp-json\/wp\/v2\/posts\/51628\/revisions"}],"wp:attachment":[{"href":"http:\/\/hoycordobaweb.com\/index.php\/wp-json\/wp\/v2\/media?parent=51628"}],"wp:term":[{"taxonomy":"category","embeddable":true,"href":"http:\/\/hoycordobaweb.com\/index.php\/wp-json\/wp\/v2\/categories?post=51628"},{"taxonomy":"post_tag","embeddable":true,"href":"http:\/\/hoycordobaweb.com\/index.php\/wp-json\/wp\/v2\/tags?post=51628"}],"curies":[{"name":"wp","href":"https:\/\/api.w.org\/{rel}","templated":true}]}}