{"id":51558,"date":"2022-11-22T10:06:00","date_gmt":"2022-11-22T10:06:00","guid":{"rendered":"https:\/\/fm-comunicar.com.ar\/contenido\/19813\/mas-de-7-mil-personas-en-la-fiesta-del-salame"},"modified":"2022-11-22T10:06:00","modified_gmt":"2022-11-22T10:06:00","slug":"mas-de-7-mil-personas-en-la-fiesta-del-salame","status":"publish","type":"post","link":"http:\/\/hoycordobaweb.com\/index.php\/2022\/11\/22\/mas-de-7-mil-personas-en-la-fiesta-del-salame\/","title":{"rendered":"M\u00e1s de 7 mil personas en la Fiesta del Salame"},"content":{"rendered":"<p>Pese a la postergaci\u00f3n, el p\u00fablico colm\u00f3 el predio de Av. San Mart\u00edn durante toda la tarde del lunes. El balance fue positivo para todos los gastron\u00f3micos.<img src=\"http:\/\/hoycordobaweb.com\/wp-content\/uploads\/2022\/11\/mas-de-7-mil-personas-en-la-fiesta-del-salame.jpg\"><\/p>\n","protected":false},"excerpt":{"rendered":"<p>Pese a la postergaci\u00f3n, el p\u00fablico colm\u00f3 el predio de Av. San Mart\u00edn durante toda la tarde del lunes. El balance fue positivo para todos los gastron\u00f3micos.<\/p>\n","protected":false},"author":1,"featured_media":51559,"comment_status":"closed","ping_status":"closed","sticky":false,"template":"","format":"standard","meta":[],"categories":[18],"tags":[],"_links":{"self":[{"href":"http:\/\/hoycordobaweb.com\/index.php\/wp-json\/wp\/v2\/posts\/51558"}],"collection":[{"href":"http:\/\/hoycordobaweb.com\/index.php\/wp-json\/wp\/v2\/posts"}],"about":[{"href":"http:\/\/hoycordobaweb.com\/index.php\/wp-json\/wp\/v2\/types\/post"}],"author":[{"embeddable":true,"href":"http:\/\/hoycordobaweb.com\/index.php\/wp-json\/wp\/v2\/users\/1"}],"replies":[{"embeddable":true,"href":"http:\/\/hoycordobaweb.com\/index.php\/wp-json\/wp\/v2\/comments?post=51558"}],"version-history":[{"count":0,"href":"http:\/\/hoycordobaweb.com\/index.php\/wp-json\/wp\/v2\/posts\/51558\/revisions"}],"wp:featuredmedia":[{"embeddable":true,"href":"http:\/\/hoycordobaweb.com\/index.php\/wp-json\/wp\/v2\/media\/51559"}],"wp:attachment":[{"href":"http:\/\/hoycordobaweb.com\/index.php\/wp-json\/wp\/v2\/media?parent=51558"}],"wp:term":[{"taxonomy":"category","embeddable":true,"href":"http:\/\/hoycordobaweb.com\/index.php\/wp-json\/wp\/v2\/categories?post=51558"},{"taxonomy":"post_tag","embeddable":true,"href":"http:\/\/hoycordobaweb.com\/index.php\/wp-json\/wp\/v2\/tags?post=51558"}],"curies":[{"name":"wp","href":"https:\/\/api.w.org\/{rel}","templated":true}]}}