{"id":51553,"date":"2022-11-21T19:07:12","date_gmt":"2022-11-21T19:07:12","guid":{"rendered":"https:\/\/fono.fcm.unc.edu.ar\/?p=10006"},"modified":"2022-11-21T19:07:12","modified_gmt":"2022-11-21T19:07:12","slug":"21-de-noviembre-dia-de-la-enfermeria-en-argentina","status":"publish","type":"post","link":"http:\/\/hoycordobaweb.com\/index.php\/2022\/11\/21\/21-de-noviembre-dia-de-la-enfermeria-en-argentina\/","title":{"rendered":"21 de noviembre: D\u00eda de la Enfermer\u00eda en Argentina"},"content":{"rendered":"<h2 class=\"fusion-post-title\">21 de noviembre: D\u00eda de la Enfermer\u00eda en Argentina<\/h2>\n<div class=\"post-content\" readability=\"36\">\n<p><img loading=\"lazy\" class=\"alignright size-fusion-400 wp-image-10007\" src=\"https:\/\/fono.fcm.unc.edu.ar\/wp-content\/uploads\/sites\/14\/2022\/11\/EFEMERIDES-2022-1-400x400.png\" alt width=\"400\" height=\"400\" srcset=\"https:\/\/fono.fcm.unc.edu.ar\/wp-content\/uploads\/sites\/14\/2022\/11\/EFEMERIDES-2022-1-66x66.png 66w, https:\/\/fono.fcm.unc.edu.ar\/wp-content\/uploads\/sites\/14\/2022\/11\/EFEMERIDES-2022-1-150x150.png 150w, https:\/\/fono.fcm.unc.edu.ar\/wp-content\/uploads\/sites\/14\/2022\/11\/EFEMERIDES-2022-1-200x200.png 200w, https:\/\/fono.fcm.unc.edu.ar\/wp-content\/uploads\/sites\/14\/2022\/11\/EFEMERIDES-2022-1-300x300.png 300w, https:\/\/fono.fcm.unc.edu.ar\/wp-content\/uploads\/sites\/14\/2022\/11\/EFEMERIDES-2022-1-400x400.png 400w, https:\/\/fono.fcm.unc.edu.ar\/wp-content\/uploads\/sites\/14\/2022\/11\/EFEMERIDES-2022-1-600x600.png 600w, https:\/\/fono.fcm.unc.edu.ar\/wp-content\/uploads\/sites\/14\/2022\/11\/EFEMERIDES-2022-1-768x768.png 768w, https:\/\/fono.fcm.unc.edu.ar\/wp-content\/uploads\/sites\/14\/2022\/11\/EFEMERIDES-2022-1.png 800w\" sizes=\"(max-width: 400px) 100vw, 400px\">Desde 1953 se conmemora en la Argentina el D\u00eda de la Enfermer\u00eda todos los 21 de noviembre. Se recuerda la fecha de 1953 en la que se fund\u00f3 la Federaci\u00f3n de Asociaciones de Profesionales Cat\u00f3licas de Enfermer\u00eda, que nuclea a las enfermeras y enfermeros argentinos.<br \/>Saludamos a las Enfermeras y los Enfermeros con un especial reconocimiento a quienes pertenecen a la Escuela de Enfermer\u00eda de nuestra Facultad de Ciencias M\u00e9dicas.<\/p>\n<\/p><\/div>\n","protected":false},"excerpt":{"rendered":"<p>21 de noviembre: D\u00eda de la Enfermer\u00eda en Argentina Desde 1953 se conmemora en la Argentina el D\u00eda de la Enfermer\u00eda todos los 21 de noviembre. Se recuerda la fecha de 1953 en la que se fund\u00f3 la Federaci\u00f3n de Asociaciones de Profesionales Cat\u00f3licas de Enfermer\u00eda, que nuclea a las enfermeras y enfermeros argentinos.Saludamos a [&hellip;]<\/p>\n","protected":false},"author":1,"featured_media":0,"comment_status":"closed","ping_status":"closed","sticky":false,"template":"","format":"standard","meta":[],"categories":[1],"tags":[],"_links":{"self":[{"href":"http:\/\/hoycordobaweb.com\/index.php\/wp-json\/wp\/v2\/posts\/51553"}],"collection":[{"href":"http:\/\/hoycordobaweb.com\/index.php\/wp-json\/wp\/v2\/posts"}],"about":[{"href":"http:\/\/hoycordobaweb.com\/index.php\/wp-json\/wp\/v2\/types\/post"}],"author":[{"embeddable":true,"href":"http:\/\/hoycordobaweb.com\/index.php\/wp-json\/wp\/v2\/users\/1"}],"replies":[{"embeddable":true,"href":"http:\/\/hoycordobaweb.com\/index.php\/wp-json\/wp\/v2\/comments?post=51553"}],"version-history":[{"count":0,"href":"http:\/\/hoycordobaweb.com\/index.php\/wp-json\/wp\/v2\/posts\/51553\/revisions"}],"wp:attachment":[{"href":"http:\/\/hoycordobaweb.com\/index.php\/wp-json\/wp\/v2\/media?parent=51553"}],"wp:term":[{"taxonomy":"category","embeddable":true,"href":"http:\/\/hoycordobaweb.com\/index.php\/wp-json\/wp\/v2\/categories?post=51553"},{"taxonomy":"post_tag","embeddable":true,"href":"http:\/\/hoycordobaweb.com\/index.php\/wp-json\/wp\/v2\/tags?post=51553"}],"curies":[{"name":"wp","href":"https:\/\/api.w.org\/{rel}","templated":true}]}}