{"id":51527,"date":"2022-11-21T07:56:54","date_gmt":"2022-11-21T07:56:54","guid":{"rendered":"http:\/\/hoycordobaweb.com\/index.php\/2022\/11\/21\/presidente-de-la-afa-quiere-el-mundial-2030-en-argentina-mediotiempo\/"},"modified":"2022-11-21T07:56:54","modified_gmt":"2022-11-21T07:56:54","slug":"presidente-de-la-afa-quiere-el-mundial-2030-en-argentina-mediotiempo","status":"publish","type":"post","link":"http:\/\/hoycordobaweb.com\/index.php\/2022\/11\/21\/presidente-de-la-afa-quiere-el-mundial-2030-en-argentina-mediotiempo\/","title":{"rendered":"Presidente de la AFA quiere el Mundial 2030 en <b>Argentina<\/b> &#8211; Mediotiempo"},"content":{"rendered":"<p>Sin dudas que so\u00f1amos con Uruguay, Chile y Paraguay con poder ser sede&quot;, afirm\u00f3 el mandatario de la Asociaci\u00f3n del <b>Futbol Argentino<\/b>. <\/p>\n","protected":false},"excerpt":{"rendered":"<p>Sin dudas que so\u00f1amos con Uruguay, Chile y Paraguay con poder ser sede&quot;, afirm\u00f3 el mandatario de la Asociaci\u00f3n del Futbol Argentino.<\/p>\n","protected":false},"author":1,"featured_media":0,"comment_status":"closed","ping_status":"closed","sticky":false,"template":"","format":"standard","meta":[],"categories":[22],"tags":[],"_links":{"self":[{"href":"http:\/\/hoycordobaweb.com\/index.php\/wp-json\/wp\/v2\/posts\/51527"}],"collection":[{"href":"http:\/\/hoycordobaweb.com\/index.php\/wp-json\/wp\/v2\/posts"}],"about":[{"href":"http:\/\/hoycordobaweb.com\/index.php\/wp-json\/wp\/v2\/types\/post"}],"author":[{"embeddable":true,"href":"http:\/\/hoycordobaweb.com\/index.php\/wp-json\/wp\/v2\/users\/1"}],"replies":[{"embeddable":true,"href":"http:\/\/hoycordobaweb.com\/index.php\/wp-json\/wp\/v2\/comments?post=51527"}],"version-history":[{"count":0,"href":"http:\/\/hoycordobaweb.com\/index.php\/wp-json\/wp\/v2\/posts\/51527\/revisions"}],"wp:attachment":[{"href":"http:\/\/hoycordobaweb.com\/index.php\/wp-json\/wp\/v2\/media?parent=51527"}],"wp:term":[{"taxonomy":"category","embeddable":true,"href":"http:\/\/hoycordobaweb.com\/index.php\/wp-json\/wp\/v2\/categories?post=51527"},{"taxonomy":"post_tag","embeddable":true,"href":"http:\/\/hoycordobaweb.com\/index.php\/wp-json\/wp\/v2\/tags?post=51527"}],"curies":[{"name":"wp","href":"https:\/\/api.w.org\/{rel}","templated":true}]}}