{"id":51513,"date":"2022-11-21T02:18:00","date_gmt":"2022-11-21T02:18:00","guid":{"rendered":"http:\/\/hoycordobaweb.com\/index.php\/2022\/11\/21\/el-dia-que-sting-y-peter-gabriel-abrazaron-a-las-madres-de-plaza-de-mayo\/"},"modified":"2022-11-21T02:18:00","modified_gmt":"2022-11-21T02:18:00","slug":"el-dia-que-sting-y-peter-gabriel-abrazaron-a-las-madres-de-plaza-de-mayo","status":"publish","type":"post","link":"http:\/\/hoycordobaweb.com\/index.php\/2022\/11\/21\/el-dia-que-sting-y-peter-gabriel-abrazaron-a-las-madres-de-plaza-de-mayo\/","title":{"rendered":"El d\u00eda que Sting y Peter Gabriel abrazaron a las Madres de Plaza de Mayo"},"content":{"rendered":"<p><img src=\"http:\/\/hoycordobaweb.com\/wp-content\/uploads\/2022\/11\/el-dia-que-sting-y-peter-gabriel-abrazaron-a-las-madres-de-plaza-de-mayo.jpg\"><head> <meta charset=\"UTF-8\"> <meta http-equiv=\"X-UA-Compatible\" content=\"IE=edge\"> <meta name=\"viewport\" content=\"width=device-width, initial-scale=1.0\"> <link rel=\"preconnect\" href=\"https:\/\/fonts.gstatic.com\"> <link href=\"https:\/\/fonts.googleapis.com\/css2?family=Montserrat:ital,wght@0,100;0,400;0,500;0,600;0,700;0,800;0,900;1,400&amp;display=swap\" rel=\"stylesheet\"> <title>El d\u00eda que Sting y Peter Gabriel abrazaron a las Madres de Plaza de Mayo<\/title> <link rel=\"canonical\" href=\"https:\/\/www.telam.com.ar\/notas\/202211\/611580-madres-plaza-de-mayo-sting-peter-gabriel.html\"> <meta http-equiv=\"Content-Type\" content=\"text\/html; charset=UTF-8\"> <meta http-equiv=\"Content-Language\" content=\"es\"> <meta http-equiv=\"Cache-Control\" content=\"no-cache, no-store, must-revalidate\"> <meta http-equiv=\"Pragma\" content=\"no-cache\"> <meta http-equiv=\"Expires\" content=\"0\"> <meta name=\"LANGUAGE\" content=\"es\"> <meta name=\"robots\" content=\"noarchive,noodp,noydir\"> <meta name=\"application-name\" content=\"Telam SE\"> <meta name=\"description\" content=\"Durante un concierto en el Monumental ante m\u00e1s de 75 mil personas, los populares cantantes tuvieron elogiosas palabras hacia las representantes de Derechos Humanos y las hicieron subir al escenario durante el tema 'Ellas bailan solas\u201d.\"> <meta name=\"keywords\" content=\"Madres de Plaza de Mayo,Hebe de Bonafini,Sting,River,recital\"> <meta name=\"news_keywords\" content> <meta name=\"author\" content=\"T\u00c9LAM\"> <meta name=\"copyright\" content=\"T\u00c9LAM SE\"> <meta property=\"og:url\" content=\"https:\/\/www.telam.com.ar\/notas\/202211\/611580-madres-plaza-de-mayo-sting-peter-gabriel.html\"> <meta property=\"og:type\" content=\"website\"> <meta property=\"og:title\" content=\"El d\u00eda que Sting y Peter Gabriel abrazaron a las Madres de Plaza de Mayo\"> <meta property=\"og:description\" content=\"Durante un concierto en el Monumental ante m\u00e1s de 75 mil personas, los populares cantantes tuvieron elogiosas palabras hacia las representantes de Derechos Humanos y las hicieron subir al escenario durante el tema 'Ellas bailan solas\u201d.\"> <meta property=\"og:image\" content=\"https:\/\/www.telam.com.ar\/thumbs\/bluesteel\/advf\/imagenes\/2022\/11\/637adb7b59378_450.jpg\"> <meta property=\"fb:app_id\" content=\"140586622674265\"> <meta property=\"fb:admins\" content> <meta property=\"fb:page_id\" content> <meta property=\"fb:pages\" content=\"161243707242002\"> <meta name=\"twitter:card\" content=\"summary_large_image\"> <meta name=\"twitter:site\" content=\"@agenciatelam\"> <meta name=\"twitter:creator\" content=\"@agenciatelam\"> <meta name=\"twitter:image\" content=\"https:\/\/www.telam.com.ar\/thumbs\/bluesteel\/advf\/imagenes\/2022\/11\/637adb7b59378_450.jpg\"> <meta http-equiv=\"X-UA-Compatible\" content=\"IE=edge\"> <meta name=\"viewport\" content=\"width=device-width, initial-scale=1\"> <meta name=\"theme-color\" content=\"#03469d\"> <meta name=\"msapplication-navbutton-color\" content=\"#03469d\"> <meta name=\"apple-mobile-web-app-status-bar-style\" content=\"black-translucent\"> <meta name=\"apple-mobile-web-app-capable\" content=\"yes\"> <link rel=\"icon\" href=\"https:\/\/www.telam.com.ar\/assets\/skins\/bluesteel\/img\/favicon.ico\" type=\"image\/x-icon\"> <meta name=\"MobileOptimized\" content=\"width\"> <meta name=\"HandheldFriendly\" content=\"true\"> <meta name=\"X-TRACKING-TOKEN\" content=\"687b59cb22e44bff95d21414b1e8f9553b2fbca5\"> <meta name=\"facebook-domain-verification\" content=\"i5urmb48utwl55zru2obz048cgjo9r\"> <meta name=\"X-CSRF-TOKEN\" content=\"a2a222dd7a8b7d6f640b1cea511942a3\"> <link href=\"https:\/\/www.telam.com.ar\/ccss\/0748918ba8ee8b72ad6f842a5c822c05.css?r=1669014109\" rel=\"stylesheet\" type=\"text\/css\"> <\/head><body class=\"body_note\" id=\"readabilityBody\"> <\/p>\n<div class=\"wrapper-sections\">\n<section id=\"_c4kw0vqy6\" c telam_original=\"_c4kw0vqy6\" telam_content=\"true\" class=\"sec_c4kw0vqy6_ext\">\n<div class=\"container-xl sec_c4kw0vqy6_int\">\n<div class=\"t-blk fix-row-overlay row\">\n<div class=\"col-md-8\">\n<div class=\"row \">\n<div class=\"content_section wrapper-sections py-3\">\n<article class=\"note-content\">\n<div class=\"wrapper-editable-content\">\n<div class=\"wrapper-info-note\">\n<div class=\"col-md-12\">\n<div class=\"wrapper-author-social\">\n<div class=\"author-box mb-4\">\n<div class=\"image\"> <img loading=\"lazy\" src=\"http:\/\/hoycordobaweb.com\/wp-content\/uploads\/2022\/11\/el-dia-que-sting-y-peter-gabriel-abrazaron-a-las-madres-de-plaza-de-mayo.png\" width=\"450\" height=\"100%\" alt=\"Telam SE\"> <\/div>\n<div class=\"info\">\n<p>20-11-2022 | 23:18<\/p>\n<\/p><\/div><\/div><\/div><\/div><\/div>\n<div>\n<div class=\"wrapper-editable-content\">\n<div>\n<div class=\"container-md\">\n<div class=\"row\">\n<div class=\"col-md-12 speak\">\n<div class=\"paragraph\">\n<div class=\"video_repositive\"> <a class=\"video_sticky\" href=\"javascript:void();\" onclick=\"removeStuckVideo(true);\"><i class=\"far fa-window-close\"><\/i><\/a> <\/p>\n<div id=\"-P9m-3mrflo\" class=\"video_telam\">\n<div class=\"feature_article_inner\">\n<p><h2 class=\"text-center\">En el recital de 1988<\/h2>\n<\/p><\/div>\n<p>VER VIDEO <i class=\"fas fa-play\"><\/i><\/p>\n<\/p><\/div><\/div><\/div><\/div><\/div><\/div><\/div><\/div><\/div>\n<\/div>\n<\/article><\/div><\/div><\/div>\n<div class=\"col-md-4\">\n<div class=\"row\">\n<div class=\"col-md-12 my-4\">\n<div>\n<h4 class=\"module-title pt-2\">Relacionadas<\/h4>\n<\/p><\/div><\/div>\n<div class=\"t-blk mostread col-md-12 pl-3 pr-3\">\n<h3 class=\"module-title\"><span>M\u00e1s le\u00eddas<\/span><\/h3>\n<\/p><\/div>\n<div class=\"t-blk html col-md-12 pl-3 pr-3\">\n<h3 class=\"module-title\"><span>Newsletter<\/span><\/h3>\n<div class=\"content\">\n<div class=\"d-flex justify-content-center\"><a href=\"https:\/\/www.telam.com.ar\/newsletter\"><img class=\"img-fluid\" src=\"http:\/\/hoycordobaweb.com\/wp-content\/uploads\/2022\/11\/el-dia-que-sting-y-peter-gabriel-abrazaron-a-las-madres-de-plaza-de-mayo-1.jpg\"><\/a><\/div>\n<\/div><\/div><\/div><\/div><\/div><\/div>\n<\/section>\n<section id=\"_p56ukt1hk\" c telam_original=\"_p56ukt1hk\" class=\"sec_p56ukt1hk_ext light\">\n<div class=\"container-xl sec_p56ukt1hk_int\">\n<div class=\"fix-row-overlay col-lg-12 p-0\">\n<div class=\"row\">\n<div class=\"t-blk infinite col-md-12 pl-3 pr-3\">\n<h3 class=\"module-title\"><span>Tambi\u00e9n te puede interesar<\/span><\/h3>\n<\/p><\/div><\/div><\/div><\/div>\n<\/section><\/div>\n<p> <a href=\"javascript:void();\" class=\"sto_page stp\"><i class=\"fas fa-chevron-up\"><\/i><\/a> <\/p>\n<footer> <\/footer>\n<p> <\/body> <speedy><\/speedy><\/p>\n","protected":false},"excerpt":{"rendered":"<p>El d\u00eda que Sting y Peter Gabriel abrazaron a las Madres de Plaza de Mayo 20-11-2022 | 23:18 En el recital de 1988 VER VIDEO Relacionadas M\u00e1s le\u00eddas Newsletter Tambi\u00e9n te puede interesar<\/p>\n","protected":false},"author":1,"featured_media":51514,"comment_status":"open","ping_status":"closed","sticky":false,"template":"","format":"standard","meta":[],"categories":[19],"tags":[],"_links":{"self":[{"href":"http:\/\/hoycordobaweb.com\/index.php\/wp-json\/wp\/v2\/posts\/51513"}],"collection":[{"href":"http:\/\/hoycordobaweb.com\/index.php\/wp-json\/wp\/v2\/posts"}],"about":[{"href":"http:\/\/hoycordobaweb.com\/index.php\/wp-json\/wp\/v2\/types\/post"}],"author":[{"embeddable":true,"href":"http:\/\/hoycordobaweb.com\/index.php\/wp-json\/wp\/v2\/users\/1"}],"replies":[{"embeddable":true,"href":"http:\/\/hoycordobaweb.com\/index.php\/wp-json\/wp\/v2\/comments?post=51513"}],"version-history":[{"count":0,"href":"http:\/\/hoycordobaweb.com\/index.php\/wp-json\/wp\/v2\/posts\/51513\/revisions"}],"wp:featuredmedia":[{"embeddable":true,"href":"http:\/\/hoycordobaweb.com\/index.php\/wp-json\/wp\/v2\/media\/51514"}],"wp:attachment":[{"href":"http:\/\/hoycordobaweb.com\/index.php\/wp-json\/wp\/v2\/media?parent=51513"}],"wp:term":[{"taxonomy":"category","embeddable":true,"href":"http:\/\/hoycordobaweb.com\/index.php\/wp-json\/wp\/v2\/categories?post=51513"},{"taxonomy":"post_tag","embeddable":true,"href":"http:\/\/hoycordobaweb.com\/index.php\/wp-json\/wp\/v2\/tags?post=51513"}],"curies":[{"name":"wp","href":"https:\/\/api.w.org\/{rel}","templated":true}]}}