{"id":51499,"date":"2022-11-19T13:34:05","date_gmt":"2022-11-19T13:34:05","guid":{"rendered":"https:\/\/ladecimaweb.com\/?p=15133"},"modified":"2022-11-19T13:34:05","modified_gmt":"2022-11-19T13:34:05","slug":"sigue-la-vacunacion-en-hipermercados-y-en-distintos-barrios-de-la-ciudad","status":"publish","type":"post","link":"http:\/\/hoycordobaweb.com\/index.php\/2022\/11\/19\/sigue-la-vacunacion-en-hipermercados-y-en-distintos-barrios-de-la-ciudad\/","title":{"rendered":"Sigue la vacunaci\u00f3n en hipermercados y en distintos barrios de la ciudad"},"content":{"rendered":"<div class=\"boldgrid-section\">\n<div class=\"container\">\n<div class=\"row\">\n<div class=\"col-md-12 col-xs-12 col-sm-12\">\n<p class=\"\">Los puestos de vacunaci\u00f3n para<span>&nbsp;<\/span><a href=\"https:\/\/ministeriodesalud.cba.gov.ar\/campana-provincial-de-vacunacion-para-la-prevencion-de-sarampion-rubeola-paperas-y-poliomielitis\/\" target=\"_blank\" rel=\"noreferrer noopener\">sarampi\u00f3n, rub\u00e9ola, paperas y polio<\/a><span>&nbsp;<\/span>de los hipermercados Libertad estar\u00e1n activos tambi\u00e9n este fin de semana. Adem\u00e1s, contin\u00faa el cronograma de recorridos de vacunadores casa por casa en la ciudad de C\u00f3rdoba, y se suma una jornada para las familias en Villa Allende.<\/p>\n<p>Cabe recordar que la campa\u00f1a de prevenci\u00f3n para estas enfermedades se extendi\u00f3 hasta el 11 de diciembre, y que, en este marco, se aplican dosis adicionales de triple viral (contra sarampi\u00f3n, rub\u00e9ola y paperas) y de IPV\/Salk (antipoliomiel\u00edtica inactivada) a ni\u00f1os y ni\u00f1as de 13 meses a 4 a\u00f1os inclusive.<\/p>\n<p>El equipo de Epidemiolog\u00eda de la Provincia recuerda que es importante llegar al m\u00e1ximo de cobertura -95% o m\u00e1s- lo antes posible, ya que, si bien actualmente Argentina no presenta casos de estas infecciones, el riesgo de que ingresen a trav\u00e9s de viajeros es permanente.<\/p>\n<p>Las dosis se encuentran disponibles en los casi&nbsp;<a href=\"https:\/\/ministeriodesalud.cba.gov.ar\/prevencion-y-cuidados\/inmunizaciones\/#vacunatorios\" target=\"_blank\" rel=\"noreferrer noopener\">800 vacunatorios<\/a>&nbsp;distribuidos en toda la provincia, y se ofrecen en distintas actividades territoriales, el cronograma para esta semana es el siguiente:<\/p>\n<p><strong>S\u00e1bado 19 de noviembre<\/strong><\/p>\n<ul>\n<li>Hipermercado Libertad- B\u00b0 Poeta Lugones, de 10 a 16<\/li>\n<li>Hipermercado Libertad- Paseo Rivera, de 10 a 16<\/li>\n<li>Hipermercado Libertad- Ruta 9, de 10 a 16<\/li>\n<li>Paseo Libertad- B\u00b0 General Paz, de 10 a 16<\/li>\n<\/ul>\n<p><strong>Domingo 20 de noviembre<\/strong><\/p>\n<ul>\n<li>Hipermercado Libertad- B\u00b0 Poeta Lugones, de 10 a 16<\/li>\n<li>Hipermercado Libertad- Paseo Rivera, de 10 a 16<\/li>\n<li>Hipermercado Libertad- Ruta 9, de 10 a 16<\/li>\n<li>Paseo Libertad- B\u00b0 General Paz, de 10 a 16<\/li>\n<\/ul>\n<p><strong>Operativos en barrios de la ciudad<\/strong><\/p>\n<p>Junto a la Secretar\u00eda de Prevenci\u00f3n y Atenci\u00f3n en Salud Comunitaria de la Municipalidad, la pr\u00f3xima semana se realizan operativos barriales en los siguientes lugares:<\/p>\n<p><strong>Martes 22 de noviembre<\/strong><\/p>\n<ul>\n<li>Barrio Villa Bustos, de 9 a 13<\/li>\n<li>Barrio Las Flores, de 9 a 13<\/li>\n<li>Barrio Rosedal Anexo, de 16 a 19<\/li>\n<li>Barrio Villa Corina, de 16 a 19<\/li>\n<\/ul>\n<p><strong>Mi\u00e9rcoles 23 de noviembre<\/strong><\/p>\n<ul>\n<li>Barrio Yapey\u00fa, de 9 a 13<\/li>\n<li>Barrio Villa Adela, de 9 a 13<\/li>\n<li>Barrio Col\u00f3n, de 16 a 19<\/li>\n<li>Barrio Villa Retiro, de 16 a 19<\/li>\n<\/ul>\n<p><strong>Jueves 24 de noviembre<\/strong><\/p>\n<ul>\n<li>Barrio El Gateado, de 9 a 13<\/li>\n<li>Barrio Villa Eucar\u00edstica, de 9 a 13<\/li>\n<li>Barrio Inaudi, de 16 a 19<\/li>\n<li>Barrio Santa Rosa, de 16 a 19<\/li>\n<\/ul>\n<p><strong>Viernes 25 de noviembre<\/strong><\/p>\n<ul class=\"\">\n<li>Barrio Villa El Nailon, de 9 a 13<\/li>\n<li>Barrio C\u00e1rcano, de 9 a 13<\/li>\n<li>Barrio Jos\u00e9 Ignacio D\u00edaz I secci\u00f3n, de 16 a 19<\/li>\n<li>Barrio Los Artesanos, de 16 a 19<\/li>\n<\/ul>\n<p class=\"\"><strong>S\u00e1bado 26 de noviembre<\/strong><\/p>\n<ul>\n<li>Barrio Villa el Libertador, de 9 a 13<\/li>\n<li>Barrio La Fraternidad, de 9 a 13<\/li>\n<\/ul>\n<p><strong>Jornada de vacunaci\u00f3n y salud para las familias<\/strong><\/p>\n<p class=\"\">En tanto, el jueves 24 se llevar\u00e1 a cabo una Jornada de vacunaci\u00f3n y salud para las familias en el Complejo San Cayetano de<span>&nbsp;<\/span><strong>Villa Allende<\/strong><span>&nbsp;<\/span>(Av. Goycoechea 250 esquina Paran\u00e1) dirigidas principalmente a ni\u00f1as, ni\u00f1os y personas gestantes. Se ofrecer\u00e1 inmunizaci\u00f3n e inscripci\u00f3n al&nbsp;<a href=\"https:\/\/ministeriodesalud.cba.gov.ar\/como-inscribirse-en-el-programa-de-proteccion-de-la-embarazada-y-su-bebe\/\" target=\"_blank\" rel=\"noreferrer noopener\">Programa de protecci\u00f3n de la embarazada y su beb\u00e9<\/a>&nbsp;a personas gestantes sin obra social y pu\u00e9rperas hasta los 45 d\u00edas.<\/p>\n<p class=\"\">&nbsp;<\/p>\n<p class=\"\">\n<div class=\"ubm_banner\"><a href=\"https:\/\/www.cba.gov.ar\" target=\"_blank\" rel=\"dofollow noopener noreferrer\"><img src=\"http:\/\/hoycordobaweb.com\/wp-content\/uploads\/2022\/11\/sigue-la-vacunacion-en-hipermercados-y-en-distintos-barrios-de-la-ciudad.gif\" alt=\"\"><\/a><\/div>\n<\/div>\n<\/div>\n<\/div>\n<\/div>\n<p>La entrada <a rel=\"nofollow\" href=\"https:\/\/ladecimaweb.com\/sigue-la-vacunacion-en-hipermercados-y-en-distintos-barrios-de-la-ciudad\/\">Sigue la vacunaci\u00f3n en hipermercados y en distintos barrios de la ciudad<\/a> se public\u00f3 primero en <a rel=\"nofollow\" href=\"https:\/\/ladecimaweb.com\">LaDecima<\/a>.<\/p>\n","protected":false},"excerpt":{"rendered":"<p>Los puestos de vacunaci\u00f3n para&nbsp;sarampi\u00f3n, rub\u00e9ola, paperas y polio&nbsp;de los hipermercados Libertad estar\u00e1n activos tambi\u00e9n este fin de semana. Adem\u00e1s, contin\u00faa el cronograma de recorridos de vacunadores casa por casa en la ciudad de C\u00f3rdoba, y se suma una jornada para las familias en Villa Allende. Cabe recordar que la campa\u00f1a de prevenci\u00f3n para estas [&hellip;]<\/p>\n","protected":false},"author":1,"featured_media":51500,"comment_status":"closed","ping_status":"closed","sticky":false,"template":"","format":"standard","meta":[],"categories":[19],"tags":[],"_links":{"self":[{"href":"http:\/\/hoycordobaweb.com\/index.php\/wp-json\/wp\/v2\/posts\/51499"}],"collection":[{"href":"http:\/\/hoycordobaweb.com\/index.php\/wp-json\/wp\/v2\/posts"}],"about":[{"href":"http:\/\/hoycordobaweb.com\/index.php\/wp-json\/wp\/v2\/types\/post"}],"author":[{"embeddable":true,"href":"http:\/\/hoycordobaweb.com\/index.php\/wp-json\/wp\/v2\/users\/1"}],"replies":[{"embeddable":true,"href":"http:\/\/hoycordobaweb.com\/index.php\/wp-json\/wp\/v2\/comments?post=51499"}],"version-history":[{"count":0,"href":"http:\/\/hoycordobaweb.com\/index.php\/wp-json\/wp\/v2\/posts\/51499\/revisions"}],"wp:featuredmedia":[{"embeddable":true,"href":"http:\/\/hoycordobaweb.com\/index.php\/wp-json\/wp\/v2\/media\/51500"}],"wp:attachment":[{"href":"http:\/\/hoycordobaweb.com\/index.php\/wp-json\/wp\/v2\/media?parent=51499"}],"wp:term":[{"taxonomy":"category","embeddable":true,"href":"http:\/\/hoycordobaweb.com\/index.php\/wp-json\/wp\/v2\/categories?post=51499"},{"taxonomy":"post_tag","embeddable":true,"href":"http:\/\/hoycordobaweb.com\/index.php\/wp-json\/wp\/v2\/tags?post=51499"}],"curies":[{"name":"wp","href":"https:\/\/api.w.org\/{rel}","templated":true}]}}