{"id":51431,"date":"2022-11-18T16:16:05","date_gmt":"2022-11-18T16:16:05","guid":{"rendered":"https:\/\/www.mujerhoy.com\/moda\/no-te-pierdas\/black-friday-2022-marcas-espanolas-moda-made-in-spain-rebajas-descuentos-basicos-invierno-20221117151614-nt.html"},"modified":"2022-11-18T16:16:05","modified_gmt":"2022-11-18T16:16:05","slug":"black-friday-2022-estas-son-las-firmas-made-in-spain-que-tendran-descuentos-y-en-las-que-podras-comprar-basicos-de-invierno","status":"publish","type":"post","link":"http:\/\/hoycordobaweb.com\/index.php\/2022\/11\/18\/black-friday-2022-estas-son-las-firmas-made-in-spain-que-tendran-descuentos-y-en-las-que-podras-comprar-basicos-de-invierno\/","title":{"rendered":"Black Friday 2022: estas son las firmas made in Spain que tendr\u00e1n descuentos y en las que podr\u00e1s comprar b\u00e1sicos de invierno"},"content":{"rendered":"<p><!-- AUTHOR --><\/p>\n<div class=\"voc-author-timesocial \"><!-- AUTHOR --><\/p>\n<div class=\"voc-author-timesocial__signature\"><!-- IMAGE AUTHOR --><picture class=\"voc-image-signature\"><img class=\"voc-image-signature__img\" src=\"http:\/\/hoycordobaweb.com\/wp-content\/uploads\/2022\/11\/black-friday-2022-estas-son-las-firmas-made-in-spain-que-tendran-descuentos-y-en-las-que-podras-comprar-basicos-de-invierno.jpg\" alt=\"Carla Dom\u00ednguez\"><\/picture><!-- INFO AUTHOR --><\/div>\n<\/div>\n<p><!-- COMPONENTS --><\/p>\n<p class=\"voc-paragraph\">Estamos ya a finales de noviembre y eso solo quiere decir que estamos a punto de llegar a una de las fechas con m\u00e1s descuento del a\u00f1o. Hablamos del <strong>Black Friday,<\/strong> una tradici\u00f3n estadounidense que ya lleva un tiempo instalada en Espa\u00f1a. En este d\u00eda, e incluso los consecutivos, muchas marcan deciden a\u00f1adir descuentos a la mayor\u00eda de sus productos. De esta forma, se convierte en un d\u00eda clave para comparte algunos <a data-voc-vtm-id=\"in-text-traffic\" href=\"https:\/\/www.mujerhoy.com\/vivir\/ocio\/202011\/30\/regalos-navidad-rebajados-mejores-ofertas-cyber-monday-120896107944-ga.html\" target=\"_blank\" rel=\"noopener noreferrer\">regalos navide\u00f1os<\/a> antes de tiempo.\n<\/p>\n<p class=\"voc-paragraph\">Eso s\u00ed, te preguntar\u00e1s: \u00bfd\u00f3nde encontrar descuentos? Muchas marcas se suman al <a data-voc-vtm-id=\"in-text-traffic\" href=\"https:\/\/www.mujerhoy.com\/temas\/eventos\/black-friday.html\" target=\"_blank\" rel=\"noopener noreferrer\">Black Friday<\/a> todos los a\u00f1os como Zara, Mango o El Corte Ingl\u00e9s, y aunque nos gustan sus prendas, tambi\u00e9n puedes echar un vistazo a lo que ofrecen otras firmas espa\u00f1olas que tambi\u00e9n tendr\u00e1s rebajas.\n<\/p>\n<p class=\"voc-paragraph\">Para que tus compras sean algo m\u00e1s f\u00e1ciles, hemos elaborado una lista con algunas de <strong>las marcas espa\u00f1olas de ropa, accesorios, y calzado<\/strong> donde encontrar\u00e1s los mejores descuentos. Vidorreta, Merkal, entre otras, son algunas en las que encontrar\u00e1s productos a menor precio. <\/p>\n<p><h3 class=\"voc-detail__title\"> Vidorreta<br \/>\n<\/h3>\n<\/p>\n<p class=\"voc-paragraph\">Seguramente te suene el nombre por sus famosos zapatos de verano. El calzado de Vidorreta se ha convertido en los \u00faltimos a\u00f1os en uno de los favoritos de las <i>influencers<\/i>. Tambi\u00e9n cuentan con colecci\u00f3n de oto\u00f1o invierno y este a\u00f1o ver\u00e1s descuentos en el <i>Black Friday en toda su web <\/i>(excepto en modelos ya rebajados), desde el 25 hasta el 28 de noviembre.\n<\/p>\n<p><h3 class=\"voc-detail__title\"> Mustang<br \/>\n<\/h3>\n<\/p>\n<p class=\"voc-paragraph\">La marca de calzado Mustang es otra de las firmas espa\u00f1olas que se suma al Black Friday. Tendr\u00e1 descuentos de hasta el 30% en articulos seleccionados tanto para hombre, como mujer. Podr\u00e1s encontrar rebajas desde el 25 hasta el 27 de noviembre.\n<\/p>\n<p><h3 class=\"voc-detail__title\"> Merkal<br \/>\n<\/h3>\n<\/p>\n<p class=\"voc-paragraph\">Merkal es una empresa que naci\u00f3 en Barcelona y donde podr\u00e1s encontrar todo tipo de calzado. Desde ya puedes disfrutar de descuentos en su web del 40% en el segundo par y en todo el calzado con el c\u00f3digo BLACK.\n<\/p>\n<p><h3 class=\"voc-detail__title\"> Celia B<br \/>\n<\/h3>\n<\/p>\n<p class=\"voc-paragraph\">La marca favorita de series y pel\u00edculas ahora tambi\u00e9n se anima al Black Friday, desde el d\u00eda 24 hasta el lunes 28 en toda la web. Tendr\u00e1 disponible un c\u00f3digo de descuento (COLORFULFRIDAY) para que puedas disfrutar de un 15% en la prenda que elijas.\n<\/p>\n<p><h3 class=\"voc-detail__title\"> Leandra<br \/>\n<\/h3>\n<\/p>\n<p class=\"voc-paragraph\">Es una marca de bolsos espa\u00f1ola atemporal y con dise\u00f1os para todas las edades. Cuenta con accesorios de calidad y elaborados de forma artesanal. Este a\u00f1o tambi\u00e9n se sumar\u00e1 al Black Friday con <strong>un 30% de descuento desde el 20 al 30 de noviembre<\/strong> en algunos de sus bolsos made in Spain.\n<\/p>\n<p><h3 class=\"voc-detail__title\"> Camila&#8217;s<br \/>\n<\/h3>\n<\/p>\n<p class=\"voc-paragraph\">Algunos de los botines de moda m\u00e1s deseados tambi\u00e9n los encontrar\u00e1s en marcas espa\u00f1olas como Camilas. La marca de calzado espa\u00f1ola tambi\u00e9n se suma a la semana de descuentos desde el 21 de noviembre hasta el 27 de este mes, con un 15% en toda la web excepto en complementos con el c\u00f3digo, BLACKCAMILAS22.\n<\/p>\n<p><h3 class=\"voc-detail__title\"> Gaimo<br \/>\n<\/h3>\n<\/p>\n<p class=\"voc-paragraph\">La firma espa\u00f1ola con productos elaborados de forma artesanal se sumar\u00e1 este a\u00f1o al Black Friday, desde el jueves 24 hasta el domingo 27 de noviembre con un 15% de descuento en todos los productos de su web.\n<\/p>\n<p><h3 class=\"voc-detail__title\"> Bimani<br \/>\n<\/h3>\n<\/p>\n<p class=\"voc-paragraph\">La marca espa\u00f1ola Bimani tambi\u00e9n se suma al Black Friday esta temporada y ofrecer\u00e1 descuentos de hasta un 30% en sus productos desde el 23 hasta el 30 de noviembre.\n<\/p>\n<p><h3 class=\"voc-detail__title\"> Customima<br \/>\n<\/h3>\n<\/p>\n<p class=\"voc-paragraph\">La firma de joyas espa\u00f1ola tambi\u00e9n tendr\u00e1 descuentos en su web desde el d\u00eda 24 hasta el 27 de noviembre con rebajas del 15% en todos sus productos. Adem\u00e1s, una de sus colecciones m\u00e1s especiales (con diamantes) tambi\u00e9n estar\u00e1 con precio especial al 25%.\n<\/p>\n<p><h3 class=\"voc-detail__title\"> Lonbali<br \/>\n<\/h3>\n<\/p>\n<p class=\"voc-paragraph\">La firma espa\u00f1ola de bolsos y accesorios tambi\u00e9n se une al Black Friday con descuentos en la mayor\u00eda de sus productos. Contar\u00e1n con un 30% de descuento en su web m\u00e1s de una semana, desde el 17 hasta el 27 de noviembre.\n<\/p>\n<p><!-- TOPICS --><\/p>\n","protected":false},"excerpt":{"rendered":"<p>Estamos ya a finales de noviembre y eso solo quiere decir que estamos a punto de llegar a una de las fechas con m\u00e1s descuento del a\u00f1o. Hablamos del Black Friday, una tradici\u00f3n estadounidense que ya lleva un tiempo instalada en Espa\u00f1a. En este d\u00eda, e incluso los consecutivos, muchas marcan deciden a\u00f1adir descuentos a [&hellip;]<\/p>\n","protected":false},"author":1,"featured_media":51432,"comment_status":"closed","ping_status":"closed","sticky":false,"template":"","format":"standard","meta":[],"categories":[1],"tags":[],"_links":{"self":[{"href":"http:\/\/hoycordobaweb.com\/index.php\/wp-json\/wp\/v2\/posts\/51431"}],"collection":[{"href":"http:\/\/hoycordobaweb.com\/index.php\/wp-json\/wp\/v2\/posts"}],"about":[{"href":"http:\/\/hoycordobaweb.com\/index.php\/wp-json\/wp\/v2\/types\/post"}],"author":[{"embeddable":true,"href":"http:\/\/hoycordobaweb.com\/index.php\/wp-json\/wp\/v2\/users\/1"}],"replies":[{"embeddable":true,"href":"http:\/\/hoycordobaweb.com\/index.php\/wp-json\/wp\/v2\/comments?post=51431"}],"version-history":[{"count":0,"href":"http:\/\/hoycordobaweb.com\/index.php\/wp-json\/wp\/v2\/posts\/51431\/revisions"}],"wp:featuredmedia":[{"embeddable":true,"href":"http:\/\/hoycordobaweb.com\/index.php\/wp-json\/wp\/v2\/media\/51432"}],"wp:attachment":[{"href":"http:\/\/hoycordobaweb.com\/index.php\/wp-json\/wp\/v2\/media?parent=51431"}],"wp:term":[{"taxonomy":"category","embeddable":true,"href":"http:\/\/hoycordobaweb.com\/index.php\/wp-json\/wp\/v2\/categories?post=51431"},{"taxonomy":"post_tag","embeddable":true,"href":"http:\/\/hoycordobaweb.com\/index.php\/wp-json\/wp\/v2\/tags?post=51431"}],"curies":[{"name":"wp","href":"https:\/\/api.w.org\/{rel}","templated":true}]}}