{"id":51394,"date":"2022-11-17T11:31:12","date_gmt":"2022-11-17T11:31:12","guid":{"rendered":"https:\/\/manoamanocba.com.ar\/?p=5910"},"modified":"2022-11-17T11:31:12","modified_gmt":"2022-11-17T11:31:12","slug":"el-polo-deportivo-kempes-tendra-8-canchas-de-padel-en-un-complejo-de-alto-nivel","status":"publish","type":"post","link":"http:\/\/hoycordobaweb.com\/index.php\/2022\/11\/17\/el-polo-deportivo-kempes-tendra-8-canchas-de-padel-en-un-complejo-de-alto-nivel\/","title":{"rendered":"El Polo Deportivo Kempes tendr\u00e1 8 canchas de padel en un complejo de alto nivel"},"content":{"rendered":"<p>El Polo Deportivo Kempes sigue sumando nuevos espacios deportivos de primera categor\u00eda. En este lugar, cercano al complejo de tenis,&nbsp;<a href=\"https:\/\/padel.org.ar\/\" target=\"_blank\" rel=\"noreferrer noopener\">APA<\/a>&nbsp;(Asociaci\u00f3n de Padel Argentino) construir\u00e1 su nuevo complejo de alto rendimiento que incluye vestuarios y espacios gastron\u00f3micos y recreativos. Para la Provincia de C\u00f3rdoba significa la posibilidad de la realizaci\u00f3n de eventos y cert\u00e1menes internacionales.<\/p>\n<p>El anuncio se realiz\u00f3 en Capital Federal en el marco del homenaje realizado a los campeones del mundo en la disciplina, recientemente consagrados en el Mundial realizado en Dubai, con la presencia de H\u00e9ctor Campana, presidente de la Agencia C\u00f3rdoba Deportes, Santiago Brito, presidente de APA y autoridades de la Federaci\u00f3n de Padel de la Provincia de C\u00f3rdoba.<\/p>\n<p><a href=\"http:\/\/manoamanocba.com.ar\/wp-content\/uploads\/2022\/11\/IMG-20221116-WA0125.jpg\"><img loading=\"lazy\" class=\"size-medium wp-image-5912 aligncenter\" src=\"http:\/\/hoycordobaweb.com\/wp-content\/uploads\/2022\/11\/el-polo-deportivo-kempes-tendra-8-canchas-de-padel-en-un-complejo-de-alto-nivel.jpg\" alt width=\"300\" height=\"169\" srcset=\"http:\/\/hoycordobaweb.com\/wp-content\/uploads\/2022\/11\/el-polo-deportivo-kempes-tendra-8-canchas-de-padel-en-un-complejo-de-alto-nivel.jpg 300w, http:\/\/hoycordobaweb.com\/wp-content\/uploads\/2022\/11\/el-polo-deportivo-kempes-tendra-8-canchas-de-padel-en-un-complejo-de-alto-nivel-2.jpg 1024w, http:\/\/hoycordobaweb.com\/wp-content\/uploads\/2022\/11\/el-polo-deportivo-kempes-tendra-8-canchas-de-padel-en-un-complejo-de-alto-nivel-3.jpg 768w, http:\/\/hoycordobaweb.com\/wp-content\/uploads\/2022\/11\/el-polo-deportivo-kempes-tendra-8-canchas-de-padel-en-un-complejo-de-alto-nivel-4.jpg 1076w\" sizes=\"(max-width: 300px) 100vw, 300px\"><\/a><\/p>\n<p>Al respecto, el titular de Deportes de la provincia expres\u00f3: \u00ab<em>Para nosotros es algo fundamental que el padel llegue al Polo Deportivo Kempes, en este caso, con un convenio con la Asociaci\u00f3n de Padel Argentina (A.P.A) y la Federaci\u00f3n de P\u00e1del de la Provincia de C\u00f3rdoba (FPPC). Apoyar este deporte que ha tenido un crecimiento explosivo en los \u00faltimos a\u00f1os en nuestro pa\u00eds\u00bb.<\/em><\/p>\n<p>El ambicioso proyecto incluye la interacci\u00f3n con las instalaciones que actualmente dispone el Centro de Alto Rendimiento Deportivo (CARD), que funcionan en el Estadio Mario Alberto Kempes, tales como consultorios m\u00e9dicos, espacios de alojamiento y lugares de entrenamiento.<\/p>\n<p><a href=\"http:\/\/manoamanocba.com.ar\/wp-content\/uploads\/2022\/11\/IMG-20221116-WA0124.jpg\"><img loading=\"lazy\" class=\"size-medium wp-image-5913 aligncenter\" src=\"http:\/\/hoycordobaweb.com\/wp-content\/uploads\/2022\/11\/el-polo-deportivo-kempes-tendra-8-canchas-de-padel-en-un-complejo-de-alto-nivel-1.jpg\" alt width=\"300\" height=\"169\" srcset=\"http:\/\/hoycordobaweb.com\/wp-content\/uploads\/2022\/11\/el-polo-deportivo-kempes-tendra-8-canchas-de-padel-en-un-complejo-de-alto-nivel-5.jpg 300w, http:\/\/hoycordobaweb.com\/wp-content\/uploads\/2022\/11\/el-polo-deportivo-kempes-tendra-8-canchas-de-padel-en-un-complejo-de-alto-nivel-6.jpg 1024w, http:\/\/hoycordobaweb.com\/wp-content\/uploads\/2022\/11\/el-polo-deportivo-kempes-tendra-8-canchas-de-padel-en-un-complejo-de-alto-nivel-7.jpg 768w, http:\/\/hoycordobaweb.com\/wp-content\/uploads\/2022\/11\/el-polo-deportivo-kempes-tendra-8-canchas-de-padel-en-un-complejo-de-alto-nivel-8.jpg 1076w\" sizes=\"(max-width: 300px) 100vw, 300px\"><\/a><\/p>\n<p><em>\u00abSuscribimos comodatos por terrenos en el polo deportivo Kempes. All\u00ed, A.P.A va a construir ocho canchas techadas de p\u00e1del y un mini estadio, para la formaci\u00f3n de jugadores y para quienes aman, y practican, el padel lo puedan hacer en el polo deportivo Kempes\u00bb, <\/em>finaliz\u00f3 Campana.<\/p>\n<p><iframe loading=\"lazy\" title=\"YouTube video player\" src=\"https:\/\/www.youtube.com\/embed\/q9Xz6yp1PsM\" width=\"560\" height=\"315\" frameborder=\"0\" allowfullscreen=\"allowfullscreen\">[embedded content]<\/iframe><\/p>\n","protected":false},"excerpt":{"rendered":"<p>El Polo Deportivo Kempes sigue sumando nuevos espacios deportivos de primera categor\u00eda. En este lugar, cercano al complejo de tenis,&nbsp;APA&nbsp;(Asociaci\u00f3n de Padel Argentino) construir\u00e1 su nuevo complejo de alto rendimiento que incluye vestuarios y espacios gastron\u00f3micos y recreativos. Para la Provincia de C\u00f3rdoba significa la posibilidad de la realizaci\u00f3n de eventos y cert\u00e1menes internacionales. El [&hellip;]<\/p>\n","protected":false},"author":1,"featured_media":51395,"comment_status":"closed","ping_status":"closed","sticky":false,"template":"","format":"standard","meta":[],"categories":[19],"tags":[],"_links":{"self":[{"href":"http:\/\/hoycordobaweb.com\/index.php\/wp-json\/wp\/v2\/posts\/51394"}],"collection":[{"href":"http:\/\/hoycordobaweb.com\/index.php\/wp-json\/wp\/v2\/posts"}],"about":[{"href":"http:\/\/hoycordobaweb.com\/index.php\/wp-json\/wp\/v2\/types\/post"}],"author":[{"embeddable":true,"href":"http:\/\/hoycordobaweb.com\/index.php\/wp-json\/wp\/v2\/users\/1"}],"replies":[{"embeddable":true,"href":"http:\/\/hoycordobaweb.com\/index.php\/wp-json\/wp\/v2\/comments?post=51394"}],"version-history":[{"count":0,"href":"http:\/\/hoycordobaweb.com\/index.php\/wp-json\/wp\/v2\/posts\/51394\/revisions"}],"wp:featuredmedia":[{"embeddable":true,"href":"http:\/\/hoycordobaweb.com\/index.php\/wp-json\/wp\/v2\/media\/51395"}],"wp:attachment":[{"href":"http:\/\/hoycordobaweb.com\/index.php\/wp-json\/wp\/v2\/media?parent=51394"}],"wp:term":[{"taxonomy":"category","embeddable":true,"href":"http:\/\/hoycordobaweb.com\/index.php\/wp-json\/wp\/v2\/categories?post=51394"},{"taxonomy":"post_tag","embeddable":true,"href":"http:\/\/hoycordobaweb.com\/index.php\/wp-json\/wp\/v2\/tags?post=51394"}],"curies":[{"name":"wp","href":"https:\/\/api.w.org\/{rel}","templated":true}]}}