{"id":51358,"date":"2022-11-16T20:56:31","date_gmt":"2022-11-16T20:56:31","guid":{"rendered":"https:\/\/www.mujerhoy.com\/moda\/no-te-pierdas\/reina-letizia-vestido-joya-espectacular-cena-croacia-pendientes-robados-reina-sofia-20221116211251-nt.html"},"modified":"2022-11-16T20:56:31","modified_gmt":"2022-11-16T20:56:31","slug":"letizia-brilla-en-croacia-con-el-vestido-joya-favorito-de-su-armario-azul-con-escote-asimetrico-y-pendientes-prestados-de-la-reina-sofia","status":"publish","type":"post","link":"http:\/\/hoycordobaweb.com\/index.php\/2022\/11\/16\/letizia-brilla-en-croacia-con-el-vestido-joya-favorito-de-su-armario-azul-con-escote-asimetrico-y-pendientes-prestados-de-la-reina-sofia\/","title":{"rendered":"Letizia brilla en Croacia con el vestido joya favorito de su armario: azul, con escote asim\u00e9trico y pendientes &#8216;prestados&#8217; de la reina Sof\u00eda"},"content":{"rendered":"<p><!-- AUTHOR --><\/p>\n<div class=\"voc-author-timesocial \"><!-- AUTHOR --><\/p>\n<div class=\"voc-author-timesocial__signature\"><!-- IMAGE AUTHOR --><picture class=\"voc-image-signature\"><img class=\"voc-image-signature__img\" src=\"http:\/\/hoycordobaweb.com\/wp-content\/uploads\/2022\/11\/letizia-brilla-en-croacia-con-el-vestido-joya-favorito-de-su-armario-azul-con-escote-asimetrico-y-pendientes-prestados-de-la-reina-sofia.jpg\" alt=\"Elena de los R\u00edos\"><\/picture><!-- INFO AUTHOR --><\/div>\n<\/div>\n<p><!-- COMPONENTS --><\/p>\n<p class=\"voc-paragraph\">No ha defraudado en ning\u00fan aspecto la segunda cena de gala en la que coinciden los reyes Felipe y <a data-voc-vtm-id=\"in-text-traffic\" href=\"https:\/\/www.mujerhoy.com\/celebrities\/realeza\/letizia-viaje-croacia-polemica-vacaciones-secretas-lujo-yate-bikini-destino-favorito-escandalo-20221116082420-nt.html\">Letizia<\/a> con Zoran Milanovic, presidente de <strong>Croacia<\/strong>, y su esposa, <a data-voc-vtm-id=\"in-text-traffic\" href=\"https:\/\/www.mujerhoy.com\/celebrities\/realeza\/letizia-viaje-croacia-polemica-vacaciones-secretas-lujo-yate-bikini-destino-favorito-escandalo-20221116082420-nt.html\">Sanja Music Milanovic<\/a>. Esper\u00e1bamos un despliegue de estilo royal por parte de la reina y as\u00ed ha sido: Letizia ha acertado de lleno al repetir <strong>uno de los vestidos m\u00e1s celebrados <\/strong>de su armario. Se trata de un dise\u00f1o azul noche, con escote asim\u00e9trico adornado con un cord\u00f3n de &#8216;strass&#8217;, que estren\u00f3 en los Premios Princesa de Girona.\n<\/p>\n<p class=\"voc-paragraph\">El <strong>vestido azul favorito de <\/strong><a href=\"https:\/\/www.mujerhoy.com\/temas\/personajes\/reina-dona-letizia.html?ref=https%3A%2F%2Fwww.google.com%2F\"><strong>Letizia<\/strong><\/a>, firmado por la marca gallega Bo\u00fcret, es de largo midi y est\u00e1 elaborado en crepe, uno de los tejidos estrella de la firma espa\u00f1ola. Tiene una falda cruzada que resalta la silueta sin ser demasiado ajustada. De todos modos, el zona de impacto es el escote, que deja ver de una manera muy elegante un hombro de la reina. Suficiente como para impresionar a sus anfitriones en <strong>Croacia<\/strong>.\n<\/p>\n<p class=\"voc-paragraph\">El vestido Luna Diamante de la marca gallega Bo\u00fcret no es de los m\u00e1s costosos de su armario (450 euros), pero s\u00ed destaca clav\u00edculas, hombros y<br \/>\n<strong> espalda, la zona que Letizia prefiere mostrar <\/strong>en sus \u00faltimos eventos de noche. Nos gusta much\u00edsimo c\u00f3mo la reina ha decidido subrayar los detalles brillantes: las joyas que complementan el look son espectaculares.\n<\/p>\n<p><h3 class=\"voc-detail__title\"> La reina Letizia, espectacular con los pendientes de do\u00f1a Sof\u00eda que le regal\u00f3 el sult\u00e1n de Om\u00e1n<br \/>\n<\/h3>\n<\/p>\n<p class=\"voc-paragraph\">La reina Letizia decidi\u00f3 adornar su vestido azul favorito con unos pendientes &#8216;robados&#8217; del<br \/>\n<strong> joyero de la reina Sof\u00eda<\/strong>, regalo del sult\u00e1n de Om\u00e1n en los 80. Con un dise\u00f1o en forma de plumas, realizada con diamantes talla brillante y baguette, son perfectos para acompa\u00f1ar la pulsera de oro blanco, diamantes y zafiros que ha lucido en varias ocasiones en los \u00faltimos meses.\n<\/p>\n<p class=\"voc-paragraph\">Para completar el look, la reina Letizia apost\u00f3 sobre seguro y volvi\u00f3 a acertar. Eligi\u00f3 los salones destalonados de CH Carolina Herrera y una cartera de mano de raso tambi\u00e9n azul. No hab\u00eda raz\u00f3n para a\u00f1adir m\u00e1s color teniendo presente tanto brillo. Adem\u00e1s, en esta ocasi\u00f3n la monarca quiso lucir un <strong>maquillaje m\u00e1s marcado <\/strong>de lo habitual. Otra variaci\u00f3n que tambi\u00e9n nos convence.\n<\/p>\n<p class=\"voc-paragraph\">Despu\u00e9s de varias apariciones de noche en las que la reina llev\u00f3 el pelo recogido en el mo\u00f1o que m\u00e1s le favorece, hemos vuelto a ver <strong>la melena de Letizia <\/strong>suelta, en un acabado planchado y retirado de la cara que le favorece much\u00edsimo. Es totalmente contempor\u00e1neo y actualiza much\u00edsimo el look. Ya ten\u00edamos ganas de ver a Letizia peinada siglo XXI.\n<\/p>\n<div class=\"voc-detail__cmp\">\n<div class=\"voc-article-container\">\n<article class=\"voc-article voc-article--cmp-photo-text\">\n<div class=\"voc-img-container\"><picture>\n<div class=\"voc-horizontal voc-img-icon-link\"><img class=\"lazy\" loading=\"lazy\" data-original=\"\/\/static1.mujerhoy.com\/www\/multimedia\/202211\/16\/media\/cortadas\/letizia-croacia-vestido-azul-kHgH-U1807359010204xE-624x385@MujerHoy.jpg\" alt><\/div>\n<\/picture><\/div>\n<\/article>\n<\/div>\n<\/div>\n<p class=\"voc-paragraph\">La cena con la que se agasaj\u00f3 la <strong>presencia de los reyes en Croacia <\/strong>fue la guinda de una jornada que se ocup\u00f3 en poco m\u00e1s que la recepci\u00f3n de los monarcas en el palacio presidencial y una ofrenda floral en el Monumento a la Patria. Se celebr\u00f3 en el palacio presidencial de Zagreb, una residencia de 3.500 metros cuadrados construida en 1964 en una finca de diez hect\u00e1reas, conocida como &#8216;Villa Tito&#8217; por haber sido la residencia oficial del mariscal.\n<\/p>\n<div class=\"voc-detail__cmp\">\n<section class=\"voc-detail-code voc-detail-component \">\n<div class=\"voc-guia-estilos__detail-code\" readability=\"5.8333333333333\">\n<blockquote class=\"twitter-tweet\" readability=\"5.8333333333333\">\n<p lang=\"en\" dir=\"ltr\">Excited to exchange some thoughts and ideas with Her Majesty Queen Letizia about the problem of childhood obesity and the importance of health promotion from the earliest age. <a href=\"https:\/\/t.co\/mtZ7DHdQ4k\">pic.twitter.com\/mtZ7DHdQ4k<\/a><\/p>\n<p> Sanja Musi\u0107 Milanovi\u0107 (@DrSanja_MM) <a href=\"https:\/\/twitter.com\/DrSanja_MM\/status\/1592896092215341057?ref_src=twsrc%5Etfw\">November 16, 2022<\/a><\/p><\/blockquote>\n<\/div>\n<\/section>\n<\/div>\n<p class=\"voc-paragraph\">All\u00ed, con m\u00e1s tranquilidad, pudieron intercambiar ideas Letizia y Sanja Music, una primera dama con la que la reina tiene bastantes cosas en com\u00fan. No solo la edad, que es similar, sino una fuerte vocaci\u00f3n profesional, en el caso de Music por la Medicina. Adem\u00e1s, a ambas les preocupa mucho el problema del<br \/>\n<strong> incremento de la obesidad infantil<\/strong>, una causa que Letizia ha abanderado como embajadora de la FAO. Music forma parte del Consejo Asesor de la OMS para enfermedades no contagiosas y es miembro de la Iniciativa contra la Obesidad Infantil. <\/p>\n<p class=\"voc-paragraph\">Este asunto va a ser, probablemente, uno de los temas de conversaci\u00f3n de la reina <strong>Letizia y Sanja Music<\/strong>. La primera dama croata ya ha anunciado que planea organizar un c\u00f3nclave de primeras damas (y primeros caballeros) en 2023 para alinearlos en la lucha contra la obesidad infantil. Con seguridad, Music querr\u00e1 convencer a Letizia para que se convierta en su aliada en esta convocatoria. <\/p>\n<p><!-- TOPICS --><\/p>\n","protected":false},"excerpt":{"rendered":"<p>No ha defraudado en ning\u00fan aspecto la segunda cena de gala en la que coinciden los reyes Felipe y Letizia con Zoran Milanovic, presidente de Croacia, y su esposa, Sanja Music Milanovic. Esper\u00e1bamos un despliegue de estilo royal por parte de la reina y as\u00ed ha sido: Letizia ha acertado de lleno al repetir uno [&hellip;]<\/p>\n","protected":false},"author":1,"featured_media":51359,"comment_status":"closed","ping_status":"closed","sticky":false,"template":"","format":"standard","meta":[],"categories":[1],"tags":[],"_links":{"self":[{"href":"http:\/\/hoycordobaweb.com\/index.php\/wp-json\/wp\/v2\/posts\/51358"}],"collection":[{"href":"http:\/\/hoycordobaweb.com\/index.php\/wp-json\/wp\/v2\/posts"}],"about":[{"href":"http:\/\/hoycordobaweb.com\/index.php\/wp-json\/wp\/v2\/types\/post"}],"author":[{"embeddable":true,"href":"http:\/\/hoycordobaweb.com\/index.php\/wp-json\/wp\/v2\/users\/1"}],"replies":[{"embeddable":true,"href":"http:\/\/hoycordobaweb.com\/index.php\/wp-json\/wp\/v2\/comments?post=51358"}],"version-history":[{"count":0,"href":"http:\/\/hoycordobaweb.com\/index.php\/wp-json\/wp\/v2\/posts\/51358\/revisions"}],"wp:featuredmedia":[{"embeddable":true,"href":"http:\/\/hoycordobaweb.com\/index.php\/wp-json\/wp\/v2\/media\/51359"}],"wp:attachment":[{"href":"http:\/\/hoycordobaweb.com\/index.php\/wp-json\/wp\/v2\/media?parent=51358"}],"wp:term":[{"taxonomy":"category","embeddable":true,"href":"http:\/\/hoycordobaweb.com\/index.php\/wp-json\/wp\/v2\/categories?post=51358"},{"taxonomy":"post_tag","embeddable":true,"href":"http:\/\/hoycordobaweb.com\/index.php\/wp-json\/wp\/v2\/tags?post=51358"}],"curies":[{"name":"wp","href":"https:\/\/api.w.org\/{rel}","templated":true}]}}