{"id":51321,"date":"2022-11-15T12:23:50","date_gmt":"2022-11-15T12:23:50","guid":{"rendered":"https:\/\/www.mujerhoy.com\/moda\/no-te-pierdas\/plumas-ultraligero-calentito-perfecto-frio-looks-diarios-oysho-20221115102827-nt.html"},"modified":"2022-11-15T12:23:50","modified_gmt":"2022-11-15T12:23:50","slug":"el-plumas-ultraligero-calentito-y-favorecedor-de-oysho-que-puedes-llevar-a-diario","status":"publish","type":"post","link":"http:\/\/hoycordobaweb.com\/index.php\/2022\/11\/15\/el-plumas-ultraligero-calentito-y-favorecedor-de-oysho-que-puedes-llevar-a-diario\/","title":{"rendered":"El plumas ultraligero, calentito y favorecedor de Oysho que puedes llevar a diario"},"content":{"rendered":"<p><!-- AUTHOR --><\/p>\n<div class=\"voc-author-timesocial \"><!-- AUTHOR --><\/p>\n<div class=\"voc-author-timesocial__signature\"><!-- IMAGE AUTHOR --><picture class=\"voc-image-signature\"><img class=\"voc-image-signature__img\" src=\"http:\/\/hoycordobaweb.com\/wp-content\/uploads\/2022\/11\/el-plumas-ultraligero-calentito-y-favorecedor-de-oysho-que-puedes-llevar-a-diario.jpg\" alt=\"Carla Dom\u00ednguez\"><\/picture><!-- INFO AUTHOR --><\/div>\n<\/div>\n<p><!-- COMPONENTS --><\/p>\n<p class=\"voc-paragraph\"><strong>El fr\u00edo poco a poco se va instalando y se nota.<\/strong> Es cierto que todav\u00eda no estamos a temperaturas bajo cero, pero si es cierto que ya se nota algo m\u00e1s de fresquito. Y como todav\u00eda quedan muchos d\u00edas de fr\u00edo por delante, toca ir pensando <strong>qu\u00e9 tipo de abrigos llevar<\/strong> para que est\u00e9s mucho m\u00e1s calentita.\n<\/p>\n<p class=\"voc-paragraph\">La buena noticia es que hay muchas opciones para abrigarte bien esta temporada e ir al mismo tiempo estilosa. Desde <a data-voc-vtm-id=\"in-text-traffic\" href=\"https:\/\/www.mujerhoy.com\/moda\/no-te-pierdas\/abrigo-cuadros-pull-and-bear-barato-mujer-rejuvenece-a-los-50-arrasa-influencers-instagram-20211109120742-nt.html\">abrigos con estampado de cuadros<\/a>, los cl\u00e1sicos de pa\u00f1o, hasta los de plumas. Estos \u00faltimos se convertir\u00e1n en tu mejor aliado contra el fr\u00edo.\n<\/p>\n<p class=\"voc-paragraph\">La historia de <a data-voc-vtm-id=\"in-text-traffic\" href=\"https:\/\/www.mujerhoy.com\/moda\/no-te-pierdas\/plumas-reversibles-menos-100-euros-que-salvaran-apuro-estilistico-20221031134848-nt.html\">los plumas<\/a> se remonta a hace muchos a\u00f1os. Fue uno de los primeros abrigos en dise\u00f1arse para el invierno. Ahora, esta pieza que ya vemos de forma com\u00fan en nuestro armario, es una de las m\u00e1s vendidas durante la \u00e9poca m\u00e1s fr\u00eda del a\u00f1o.\n<\/p>\n<div class=\"voc-detail__cmp\">\n<div class=\"voc-article-container\">\n<article class=\"voc-article voc-article--cmp-video\" readability=\"26\">\n<div class=\"voc-img-container \" readability=\"7\"><picture><\/picture>\n<p class=\"figure-caption \"><span class=\"voc-gallery-type\"><i class=\"voc-icons video\"><\/i> V\u00eddeo. <\/span> Los abrigos acolchados de moda. <span class=\"voc-photo-author\"><\/span><\/p>\n<\/div>\n<\/article>\n<\/div>\n<\/div>\n<p class=\"voc-paragraph\">Aunque hace un tiempo se pensaban que estaban algo obsoletos, lo cierto es que los plumas est\u00e1n cada vez m\u00e1s presentes en nuestro armario. Lo mismo te solucionan un <i>look<\/i> casual, como un evento m\u00e1s formal y por supuesto, te protegen.\n<\/p>\n<p class=\"voc-paragraph\">Ahora que poco a poco nos vamos introduciendo en la \u00e9poca de fr\u00edo, y ya apetece hacer escapadas a zonas rurales, es el momento id\u00f3neo <strong>para buscar el abrigo perfecto de plumas<\/strong>. La buena noticia es que en <strong>Oysho<\/strong> se han anticipado y ya nos han tra\u00eddo una propuesta de diez.\n<\/p>\n<p class=\"voc-paragraph\">Nos referimos a <strong>este abrigo de plumas<\/strong> que acaban de lanzar junto a otros modelos para protegernos del fr\u00edo. Es un dise\u00f1o corto acolchado con relleno ligero y tejido transpirable. Es repelente al agua y tambi\u00e9n protege frente al viento. Se cierra en la parte delantera y cuenta tambi\u00e9n con capucha.\n<\/p>\n<div class=\"voc-detail-photo-zoom\"><picture data-toggle=\"modal\" data-target=\"#photoZoomModal-964\" target=\"modal\">\n<div class=\"voc-img-icon-link\"><img loading=\"lazy\" data-original=\"\/\/static.mujerhoy.com\/www\/multimedia\/202211\/15\/media\/cortadas\/abrigo-plumas-oysho-kCYC--460x637@MujerHoy.jpeg\" class=\"lazy\" alt=\"Abrigo de plumas de Oysho. Foto: Oysho.\"><noscript><img src=\"http:\/\/hoycordobaweb.com\/wp-content\/uploads\/2022\/11\/el-plumas-ultraligero-calentito-y-favorecedor-de-oysho-que-puedes-llevar-a-diario-1.jpg\" alt=\"Abrigo de plumas de Oysho. Foto: Oysho.\"><\/noscript><i class=\"voc-icons zoom voc-multimedia-box voc-ico-l\"><\/i><\/div><figcaption class=\"figure-caption\">Abrigo de plumas de Oysho. Foto: Oysho.<\/figcaption><\/picture><\/div>\n<div id=\"photoZoomModal-964\" class=\"voc-lightbox modal fade voc-lightbox--photo-zoom\" role=\"dialog\" data-voc-photozoom-lightbox>\n<div class=\"voc-lightbox__dialog\" role=\"document\">\n<div class=\"voc-lightbox__content\"><!-- Modal header --><!-- Modal content --><\/p>\n<div class=\"voc-lightbox__photo-container\"><picture class><img loading=\"lazy\" data-original=\"\/\/static.mujerhoy.com\/www\/multimedia\/202211\/15\/media\/cortadas\/abrigo-plumas-oysho-kCYC--460x637@MujerHoy.jpeg\" alt=\"Abrigo de plumas de Oysho. Foto: Oysho.\" class=\"lazy\"><noscript><img src=\"http:\/\/hoycordobaweb.com\/wp-content\/uploads\/2022\/11\/el-plumas-ultraligero-calentito-y-favorecedor-de-oysho-que-puedes-llevar-a-diario-1.jpg\" alt=\"Abrigo de plumas de Oysho. Foto: Oysho.\"><\/noscript><\/picture><\/div>\n<\/div>\n<\/div>\n<\/div>\n<p class=\"voc-paragraph\">Es una de las grandes apuestas de Oysho para la temporada de fr\u00edo ya que este tipo de abrigos est\u00e1n testados en laboratiorios donde han soportado <strong>temperaturas extremas de entre 7 y -20\u00baC.<\/strong> Su dise\u00f1o es ligero y aunque te ense\u00f1amos el modelo rosado, tambi\u00e9n podr\u00e1s encontrarlo en tres colores m\u00e1s: verde menta, verde fl\u00faor y negro.\n<\/p>\n<p class=\"voc-paragraph\">Lo mejor de este tipo de abrigos no solo es su protecci\u00f3n contra el fr\u00edo (\u00a1qu\u00e9 tambi\u00e9n!), sino que no tienen un precio excesivo. Este abrigo cuesta <strong>49,99 euros<\/strong>, y si quiz\u00e1s puedas encontrarlo en el <strong>Black Friday<\/strong> con alg\u00fan descuento, as\u00ed que toma nota.\n<\/p>\n<p class=\"voc-paragraph\">Tambi\u00e9n nos gusta este tipo de abrigos tan calentitos porque te permite ir c\u00f3moda y sin llevar tantas capas en tus <i>looks<\/i> diarios. Porque s\u00ed, este plum\u00edfero es apto tambi\u00e9n para lucir en plena ciudad con unos vaqueros azules, o incluso con pantalones de traje y mocasines.\n<\/p>\n<p><!-- TOPICS --><\/p>\n","protected":false},"excerpt":{"rendered":"<p>El fr\u00edo poco a poco se va instalando y se nota. Es cierto que todav\u00eda no estamos a temperaturas bajo cero, pero si es cierto que ya se nota algo m\u00e1s de fresquito. Y como todav\u00eda quedan muchos d\u00edas de fr\u00edo por delante, toca ir pensando qu\u00e9 tipo de abrigos llevar para que est\u00e9s mucho [&hellip;]<\/p>\n","protected":false},"author":1,"featured_media":51322,"comment_status":"closed","ping_status":"closed","sticky":false,"template":"","format":"standard","meta":[],"categories":[1],"tags":[],"_links":{"self":[{"href":"http:\/\/hoycordobaweb.com\/index.php\/wp-json\/wp\/v2\/posts\/51321"}],"collection":[{"href":"http:\/\/hoycordobaweb.com\/index.php\/wp-json\/wp\/v2\/posts"}],"about":[{"href":"http:\/\/hoycordobaweb.com\/index.php\/wp-json\/wp\/v2\/types\/post"}],"author":[{"embeddable":true,"href":"http:\/\/hoycordobaweb.com\/index.php\/wp-json\/wp\/v2\/users\/1"}],"replies":[{"embeddable":true,"href":"http:\/\/hoycordobaweb.com\/index.php\/wp-json\/wp\/v2\/comments?post=51321"}],"version-history":[{"count":0,"href":"http:\/\/hoycordobaweb.com\/index.php\/wp-json\/wp\/v2\/posts\/51321\/revisions"}],"wp:featuredmedia":[{"embeddable":true,"href":"http:\/\/hoycordobaweb.com\/index.php\/wp-json\/wp\/v2\/media\/51322"}],"wp:attachment":[{"href":"http:\/\/hoycordobaweb.com\/index.php\/wp-json\/wp\/v2\/media?parent=51321"}],"wp:term":[{"taxonomy":"category","embeddable":true,"href":"http:\/\/hoycordobaweb.com\/index.php\/wp-json\/wp\/v2\/categories?post=51321"},{"taxonomy":"post_tag","embeddable":true,"href":"http:\/\/hoycordobaweb.com\/index.php\/wp-json\/wp\/v2\/tags?post=51321"}],"curies":[{"name":"wp","href":"https:\/\/api.w.org\/{rel}","templated":true}]}}