{"id":5131,"date":"2020-11-13T06:45:00","date_gmt":"2020-11-13T06:45:00","guid":{"rendered":"https:\/\/www.perfil.com\/noticias\/actualidad\/brote-de-coronavirus-en-el-primer-crucero-del-caribe-desde-el-inicio-de-la-pandemia.phtml"},"modified":"2020-11-13T06:45:00","modified_gmt":"2020-11-13T06:45:00","slug":"brote-de-coronavirus-en-el-primer-crucero-del-caribe-desde-el-inicio-de-la-pandemia","status":"publish","type":"post","link":"http:\/\/hoycordobaweb.com\/index.php\/2020\/11\/13\/brote-de-coronavirus-en-el-primer-crucero-del-caribe-desde-el-inicio-de-la-pandemia\/","title":{"rendered":"Brote de coronavirus en el primer crucero del Caribe desde el inicio de la pandemia"},"content":{"rendered":"<p><img src=\"http:\/\/hoycordobaweb.com\/wp-content\/uploads\/2020\/11\/brote-de-coronavirus-en-el-primer-crucero-del-caribe-desde-el-inicio-de-la-pandemia.jpg\"><\/p>\n<div><img src=\"http:\/\/hoycordobaweb.com\/wp-content\/uploads\/2020\/11\/brote-de-coronavirus-en-el-primer-crucero-del-caribe-desde-el-inicio-de-la-pandemia-2.jpg\" class=\"ff-og-image-inserted\"><\/div>\n<aside class=\"relatedPost\">\n<h3>Noticias Relacionadas<\/h3>\n<\/aside>\n<p>Durante <strong>su primer viaje mar\u00edtimo<\/strong>, luego de que todos fuesen suspendidos por la llegada de la pandemia, <strong>el <em>SeaDream 1<\/em> <\/strong>de la flota&nbsp;<strong>SeaDream Yacht Club<\/strong> llev\u00f3 en sus instalaciones a<strong> pasajeros contagiados de Covid-19<\/strong>. En principio se trataba de <strong>un solo caso aislado<\/strong>.<\/p>\n<p>R\u00e1pidamente, <strong>los infectados pasaron a ser cinco<\/strong> y las alarmas en el <strong>Caribe<\/strong> se encendieron.<\/p>\n<p>Habiendo pasado varios d\u00edas desde&nbsp;el inicio del emocionante recorrido, el mi\u00e9rcoles <strong>11 de noviembre<\/strong> se detect\u00f3 el primer caso positivo a bordo, seg\u00fan pudo confirmar un periodista del blog <em>The Points Guy<\/em>.&nbsp;<\/p>\n<p>Una vez tuvieron noci\u00f3n de los que estaba ocurriendo, el capit\u00e1n del nav\u00edo advirti\u00f3 a todos los pasajeros a bordo a trav\u00e9s del meg\u00e1fono de la embarcaci\u00f3n. Acto seguido, \u201csugiri\u00f3\u201d cada uno de los tripulantes&nbsp;que <strong>se aislaran de inmediato en sus camarotes<\/strong>.<\/p>\n<p class=\"destacadoNota\"><a target=\"_blank\" href=\"https:\/\/www.perfil.com\/noticias\/sociedad\/buscan-voluntarios-que-viajen-gratis-en-cruceros-para-probar-protocolos-anticoronavirus.phtml\" rel=\"noopener noreferrer\">Buscan voluntarios que viajen gratis en cruceros para probar protocolos anticoronavirus<\/a><\/p>\n<p>Como pudo constatar el diario matutino <em>El Nuevo Herald<\/em>, la informaci\u00f3n fue<strong> posteriormente difundida a trav\u00e9s de las redes sociales<\/strong> por los creadores de contenido de<strong> la plataforma YouTube \u201cBen y David\u201d.<\/strong> Los internautas, que cuentan con alrededor de <strong>75.900 seguidores <\/strong>en su canal, son asiduos a las aventuras en cruceros y suelen filmarse en todo tipo de&nbsp;viajes que llevan a cabo.<\/p>\n<p>Ambos personajes<strong> reconocieron en sus perfiles de la red social Twitter:<\/strong> \u201cEstamos bien y <strong>la tripulaci\u00f3n est\u00e1 haciendo todo lo posible para resolver la situaci\u00f3n<\/strong>, nos sentimos muy confiados y bien cuidados. Es una situaci\u00f3n desafortunada\u201d. Aun as\u00ed, no tienen certeza de c\u00f3mo se proceder\u00e1 ahora en m\u00e1s, hecho que los trae algo ansiosos.&nbsp;<\/p>\n<p>La nave en la que tuvo lugar el desafortunado incidente cuenta con capacidad para <strong>110 personas<\/strong>, <strong>53 viajeros<\/strong> y <strong>66 trabajadores&nbsp;de la tripulaci\u00f3n<\/strong>. Al tratarse de la traves\u00eda&nbsp;inaugural desde decretado el distanciamiento social, diversos influencers especializados en viajes se encontraban a bordo.<\/p>\n<p class=\"destacadoNota\"><a target=\"_blank\" href=\"https:\/\/www.perfil.com\/noticias\/bloomberg\/bc-pasajeros-no-planean-retomar-el-ritmo-de-viajes-de-ante-de-covid.phtml\" rel=\"noopener noreferrer\">Pasajeros no planean retomar el ritmo de viajes de ante de covid<\/a><\/p>\n<p>El itinerario de viaje inclu\u00eda visitas a<strong> San Vicente y Granada<\/strong>. Sin embargo, estando el barco anclado frente al territorio caribe\u00f1o de las <strong>Granadinas<\/strong>, y tras el anunci\u00f3, debi\u00f3 regresar a<strong> Barbados<\/strong>, una isla ubicada en el este del Caribe.<\/p>\n<p>Si bien la regi\u00f3n caribe\u00f1a <strong>no es una de las zonas m\u00e1s afectadas por el coronavirus a nivel mundial<\/strong>, la apertura de fronteras en pa\u00edses como <strong>Jamaica <\/strong>o <strong>Bahamas<\/strong>, con la finalidad de aumentar la actividad tur\u00edstica, tuvo como resultado <strong>un dram\u00e1tico aumento de la cantidad de contagios.<\/strong><\/p>\n<p><strong>jfg \/ ds<\/strong><\/p>\n","protected":false},"excerpt":{"rendered":"<p>Noticias Relacionadas Durante su primer viaje mar\u00edtimo, luego de que todos fuesen suspendidos por la llegada de la pandemia, el SeaDream 1 de la flota&nbsp;SeaDream Yacht Club llev\u00f3 en sus instalaciones a pasajeros contagiados de Covid-19. En principio se trataba de un solo caso aislado. R\u00e1pidamente, los infectados pasaron a ser cinco y las alarmas [&hellip;]<\/p>\n","protected":false},"author":1,"featured_media":5132,"comment_status":"closed","ping_status":"closed","sticky":false,"template":"","format":"standard","meta":[],"categories":[1],"tags":[],"_links":{"self":[{"href":"http:\/\/hoycordobaweb.com\/index.php\/wp-json\/wp\/v2\/posts\/5131"}],"collection":[{"href":"http:\/\/hoycordobaweb.com\/index.php\/wp-json\/wp\/v2\/posts"}],"about":[{"href":"http:\/\/hoycordobaweb.com\/index.php\/wp-json\/wp\/v2\/types\/post"}],"author":[{"embeddable":true,"href":"http:\/\/hoycordobaweb.com\/index.php\/wp-json\/wp\/v2\/users\/1"}],"replies":[{"embeddable":true,"href":"http:\/\/hoycordobaweb.com\/index.php\/wp-json\/wp\/v2\/comments?post=5131"}],"version-history":[{"count":0,"href":"http:\/\/hoycordobaweb.com\/index.php\/wp-json\/wp\/v2\/posts\/5131\/revisions"}],"wp:featuredmedia":[{"embeddable":true,"href":"http:\/\/hoycordobaweb.com\/index.php\/wp-json\/wp\/v2\/media\/5132"}],"wp:attachment":[{"href":"http:\/\/hoycordobaweb.com\/index.php\/wp-json\/wp\/v2\/media?parent=5131"}],"wp:term":[{"taxonomy":"category","embeddable":true,"href":"http:\/\/hoycordobaweb.com\/index.php\/wp-json\/wp\/v2\/categories?post=5131"},{"taxonomy":"post_tag","embeddable":true,"href":"http:\/\/hoycordobaweb.com\/index.php\/wp-json\/wp\/v2\/tags?post=5131"}],"curies":[{"name":"wp","href":"https:\/\/api.w.org\/{rel}","templated":true}]}}