{"id":51294,"date":"2022-11-15T22:57:00","date_gmt":"2022-11-15T22:57:00","guid":{"rendered":"http:\/\/hoycordobaweb.com\/index.php\/2022\/11\/15\/es-oficial-byron-castillo-no-va-al-mundial\/"},"modified":"2022-11-15T22:57:00","modified_gmt":"2022-11-15T22:57:00","slug":"es-oficial-byron-castillo-no-va-al-mundial","status":"publish","type":"post","link":"http:\/\/hoycordobaweb.com\/index.php\/2022\/11\/15\/es-oficial-byron-castillo-no-va-al-mundial\/","title":{"rendered":"Es oficial: Byron Castillo no va al mundial"},"content":{"rendered":"<p><img src=\"http:\/\/hoycordobaweb.com\/wp-content\/uploads\/2022\/11\/es-oficial-byron-castillo-no-va-al-mundial.jpg\"><\/p>\n<figure class=\"mb-3\"><img loading=\"lazy\" src=\"http:\/\/hoycordobaweb.com\/wp-content\/uploads\/2022\/11\/es-oficial-byron-castillo-no-va-al-mundial-2.jpg\" width=\"100%\" height=\"100%\" alt=\"El jugador ecuatoriano sin mundial \"><figcaption> El jugador ecuatoriano sin mundial. <\/figcaption><\/figure>\n<p><strong>La Federaci\u00f3n Ecuatoriana de F\u00fatbol<\/strong> (FEF) <strong>emiti\u00f3 <\/strong>este martes <strong>un comunicado en el que admiti\u00f3 que la ausencia<\/strong> del defensor <strong>Byron Castillo<\/strong> en la lista de Gustavo Alfaro fue para evitar \u00abinjustas sanciones\u00bb, luego del \u00abarbitrario\u00bb fallo del TAS de la semana pasada.<\/p>\n<p>La dirigencia ecuatoriana reconoci\u00f3 que la ausencia de Castillo, cuyo caso por documentaci\u00f3n falsa fue denunciado por Chile y elevado hasta el TAS, no fue por lesi\u00f3n y se trat\u00f3 de una cuesti\u00f3n legal.<\/p>\n<p>\u00abAnte un fallo arbitrario del TAS, que desconoce los m\u00e1s elementales principios jur\u00eddicos universalmente aceptados, y ante el riesgo de sufrir nuevamente injustas sanciones, la Federaci\u00f3n se ve en la obligaci\u00f3n de no incluir a Byron Castillo\u00bb, expres\u00f3 la FEF en el comunicado oficial.<\/p>\n<blockquote class=\"twitter-tweet\" readability=\"2.2159090909091\">\n<p lang=\"und\" dir=\"ltr\">\ud83d\udccc <a href=\"https:\/\/twitter.com\/hashtag\/ComunicadoOficial?src=hash&amp;ref_src=twsrc%5Etfw\">#ComunicadoOficial<\/a> &#8211; <a href=\"https:\/\/twitter.com\/hashtag\/ByronCastillo?src=hash&amp;ref_src=twsrc%5Etfw\">#ByronCastillo<\/a><\/p>\n<p>\u2014 FEF \ud83c\uddea\ud83c\udde8 (@FEFecuador) <a href=\"https:\/\/twitter.com\/FEFecuador\/status\/1592492167712350209?ref_src=twsrc%5Etfw\">November 15, 2022<\/a><\/p><\/blockquote>\n<p>Hace unos d\u00edas, el TAS emiti\u00f3 su fallo sobre el caso y si bien no descalific\u00f3 a Ecuador del Mundial, le quit\u00f3 tres puntos de la pr\u00f3xima eliminatoria junto a una multa econ\u00f3mica.<\/p>\n<p>Ecuador acusa al TAS de sembrar \u00abdudas\u00bb sobre el pasaporte de Castillo que \u00abpodr\u00eda poner en riesgo\u00bb el \u00abavance\u00bb del seleccionado de Alfaro en Qatar y \u00abcomprometer\u00bb su participaci\u00f3n en la siguiente edici\u00f3n.<\/p>\n<p>El DT argentino fue el \u00faltimo en presentar la lista de convocados para el Mundial de Qatar y la sorpresa fue la ausencia de Byron Castillo.<\/p>\n<blockquote class=\"twitter-tweet\" readability=\"1.8181818181818\">\n<p lang=\"qht\" dir=\"ltr\"><a href=\"https:\/\/twitter.com\/hashtag\/HaremosHistoria?src=hash&amp;ref_src=twsrc%5Etfw\">#HaremosHistoria<\/a> <a href=\"https:\/\/t.co\/Il7Acfp5fl\">https:\/\/t.co\/Il7Acfp5fl<\/a><\/p>\n<p>\u2014 FEF \ud83c\uddea\ud83c\udde8 (@FEFecuador) <a href=\"https:\/\/twitter.com\/FEFecuador\/status\/1592289703335989249?ref_src=twsrc%5Etfw\">November 14, 2022<\/a><\/p><\/blockquote>\n<p>En un principio trascendi\u00f3 que la lesi\u00f3n que sufri\u00f3 en el \u00faltimo amistoso contra Irak lo hab\u00eda marginado de la convocatoria pero la Federaci\u00f3n aclar\u00f3 en este comunicado que el fallo del TAS comprometi\u00f3 la situaci\u00f3n del futbolista que, seg\u00fan la documentaci\u00f3n presentada por Chile, naci\u00f3 en Colombia. <\/p>\n","protected":false},"excerpt":{"rendered":"<p>El jugador ecuatoriano sin mundial. La Federaci\u00f3n Ecuatoriana de F\u00fatbol (FEF) emiti\u00f3 este martes un comunicado en el que admiti\u00f3 que la ausencia del defensor Byron Castillo en la lista de Gustavo Alfaro fue para evitar \u00abinjustas sanciones\u00bb, luego del \u00abarbitrario\u00bb fallo del TAS de la semana pasada. La dirigencia ecuatoriana reconoci\u00f3 que la ausencia [&hellip;]<\/p>\n","protected":false},"author":1,"featured_media":51295,"comment_status":"open","ping_status":"closed","sticky":false,"template":"","format":"standard","meta":[],"categories":[16],"tags":[],"_links":{"self":[{"href":"http:\/\/hoycordobaweb.com\/index.php\/wp-json\/wp\/v2\/posts\/51294"}],"collection":[{"href":"http:\/\/hoycordobaweb.com\/index.php\/wp-json\/wp\/v2\/posts"}],"about":[{"href":"http:\/\/hoycordobaweb.com\/index.php\/wp-json\/wp\/v2\/types\/post"}],"author":[{"embeddable":true,"href":"http:\/\/hoycordobaweb.com\/index.php\/wp-json\/wp\/v2\/users\/1"}],"replies":[{"embeddable":true,"href":"http:\/\/hoycordobaweb.com\/index.php\/wp-json\/wp\/v2\/comments?post=51294"}],"version-history":[{"count":0,"href":"http:\/\/hoycordobaweb.com\/index.php\/wp-json\/wp\/v2\/posts\/51294\/revisions"}],"wp:featuredmedia":[{"embeddable":true,"href":"http:\/\/hoycordobaweb.com\/index.php\/wp-json\/wp\/v2\/media\/51295"}],"wp:attachment":[{"href":"http:\/\/hoycordobaweb.com\/index.php\/wp-json\/wp\/v2\/media?parent=51294"}],"wp:term":[{"taxonomy":"category","embeddable":true,"href":"http:\/\/hoycordobaweb.com\/index.php\/wp-json\/wp\/v2\/categories?post=51294"},{"taxonomy":"post_tag","embeddable":true,"href":"http:\/\/hoycordobaweb.com\/index.php\/wp-json\/wp\/v2\/tags?post=51294"}],"curies":[{"name":"wp","href":"https:\/\/api.w.org\/{rel}","templated":true}]}}