{"id":51290,"date":"2022-11-15T04:55:00","date_gmt":"2022-11-15T04:55:00","guid":{"rendered":"http:\/\/hoycordobaweb.com\/index.php\/2022\/11\/15\/cafiero-sustituyo-a-fernandez-en-el-g20-y-aseguro-que-el-mundo-necesita-recuperar-la-paz\/"},"modified":"2022-11-15T04:55:00","modified_gmt":"2022-11-15T04:55:00","slug":"cafiero-sustituyo-a-fernandez-en-el-g20-y-aseguro-que-el-mundo-necesita-recuperar-la-paz","status":"publish","type":"post","link":"http:\/\/hoycordobaweb.com\/index.php\/2022\/11\/15\/cafiero-sustituyo-a-fernandez-en-el-g20-y-aseguro-que-el-mundo-necesita-recuperar-la-paz\/","title":{"rendered":"Cafiero sustituy\u00f3 a Fern\u00e1ndez en el G20 y asegur\u00f3 que el mundo \u00abnecesita recuperar la paz\u00bb"},"content":{"rendered":"<p><img src=\"http:\/\/hoycordobaweb.com\/wp-content\/uploads\/2022\/11\/cafiero-sustituyo-a-fernandez-en-el-g20-y-aseguro-que-el-mundo-necesita-recuperar-la-paz.png\"><\/p>\n<figure class=\"mb-3\"><img loading=\"lazy\" src=\"http:\/\/hoycordobaweb.com\/wp-content\/uploads\/2022\/11\/cafiero-sustituyo-a-fernandez-en-el-g20-y-aseguro-que-el-mundo-necesita-recuperar-la-paz-2.png\" width=\"100%\" height=\"100%\" alt=\"Foto Archivo\"><figcaption> (Foto: Archivo). <\/figcaption><\/figure>\n<p>El canciller Santiago Cafiero <a href=\"https:\/\/www.telam.com.ar\/notas\/202211\/610915-alberto-fernandez-descompensacion-indonesia-cumbre-g20.html\" target=\"_blank\" rel=\"noopener noreferrer\">sustituy\u00f3 este martes en la Cumbre del G20 en Bali, Indonesia al presidente Alberto Fern\u00e1ndez, quien fue atendido por personal de salud por un episodio de hipotensi\u00f3n y mareos sufrido<\/a>.<\/p>\n<p>Durante el discurso, Cafiero asegur\u00f3 que se necesita \u00ab<strong>recuperar la paz y contribuir a la recuperaci\u00f3n mundial<\/strong>\u00bb y que la \u00abseguridad alimentaria significa terminar con el hambre en el mundo\u00bb.<\/p>\n<p>El comunicado de la Unidad M\u00e9dica Presidencial reportado a la prensa a las 11.16 hora local (0.16 en la Argentina) indica que \u00aben el d\u00eda de la fecha el Se\u00f1or Presidente de la Naci\u00f3n Argentina, Dr. Alberto \u00c1ngel Fern\u00e1ndez padeci\u00f3 un episodio de hipotensi\u00f3n y mareos\u00bb.<\/p>\n<p>\u00abPor tal motivo se decidi\u00f3 realizar los estudios de diagn\u00f3stico de rigor a fin de preservar su salud y evitar complicaciones\u00bb, indica el parte firmado por el doctor Federico Saavedra.<\/p>\n<p>\u00abEste equipo mantendr\u00e1 informada a la opini\u00f3n p\u00fablica de la evoluci\u00f3n m\u00e9dica del Se\u00f1or Presidente de la Naci\u00f3n\u00bb, completa el escrito.<\/p>\n<blockquote class=\"twitter-tweet\" readability=\"5.464135021097\">\n<p lang=\"es\" dir=\"ltr\">\ud83d\udd34 El Presidente (<a href=\"https:\/\/twitter.com\/alferdez?ref_src=twsrc%5Etfw\">@alferdez<\/a>) fue atendido por personal de salud en el G-20 por un episodio de hipotensi\u00f3n y mareos, inform\u00f3 la Unidad M\u00e9dica Presidencial <a href=\"https:\/\/t.co\/QaDJ740Ot7\">pic.twitter.com\/QaDJ740Ot7<\/a><\/p>\n<p>\u2014 Agencia T\u00e9lam (@AgenciaTelam) <a href=\"https:\/\/twitter.com\/AgenciaTelam\/status\/1592366668990537729?ref_src=twsrc%5Etfw\">November 15, 2022<\/a><\/p><\/blockquote>\n<h2 class> El discurso de Cafiero en Indonesia <\/h2>\n<p>En un discurso de tres minutos emitido en la I Sesi\u00f3n Plenaria, sobre Seguridad Alimentaria y Energ\u00e9tica, en Candi Ballroom, el Centro de Convenciones, Cafiero record\u00f3 que el 11 de noviembre pasado, mientras Alberto Fern\u00e1ndez visitaba oficialmente Par\u00eds, su \u00abquerido amigo\u00bb, el presidente de Francia Emanuel Macron, lo invit\u00f3 a presenciar \u00abla ceremonia conmemorativa del armisticio de 1918\u00bb, y rese\u00f1\u00f3 que \u00abse estima que 10 millones de personas murieron en la Primera Guerra Mundial\u00bb.<\/p>\n<p>\u00abTodav\u00eda, un siglo despu\u00e9s, no tenemos modo de cuantificar los efectos devastadores que azotaron al resto del mundo por semejante suceso b\u00e9lico\u00bb, refiri\u00f3 el canciller, y agreg\u00f3 que<strong> \u00abparece incre\u00edble que, cuando todav\u00eda no superamos la conmoci\u00f3n causada por una pandemia, Rusia desate una invasi\u00f3n militar sobre Ucrania poniendo en crisis la paz mundial\u00bb.<\/strong><\/p>\n<p>\u00ab<strong>No tengo dudas que nada es m\u00e1s revolucionario en este tiempo que exigir la paz.<\/strong> Sonar\u00e1 ingenuo a los o\u00eddos de muchos, pero es muy riesgoso para el mundo que se tolere la &#8216;l\u00f3gica de la escalada militar&#8217; como un modo v\u00e1lido en la resoluci\u00f3n de conflictos\u00bb, agreg\u00f3.<\/p>\n<p>Cafiero remarc\u00f3 que <strong>\u00ablos efectos de la guerra afectan a todo el mundo<\/strong>\u00bb y se\u00f1al\u00f3 que \u00aben el hemisferio norte los mercaderes de la muerte negocian armas letales, pero en el hemisferio sur los alimentos se encarecen o faltan y lo que termina matando no son las balas o los misiles si no la pobreza y el hambre\u00bb.<\/p>\n<blockquote class><p>&nbsp;\u00abParece incre\u00edble que, cuando todav\u00eda no superamos la conmoci\u00f3n causada por una pandemia, Rusia desate una invasi\u00f3n militar sobre Ucrania poniendo en crisis la paz mundial\u00bb <cite class=\"author\"> Santiago Cafiero <\/cite><\/p><\/blockquote>\n<p>\u00abEs imperioso que unamos esfuerzos para que las partes involucradas regresen a la mesa de negociaciones. Debemos hacer valer la fuerza del multilateralismo aunque algunos quieran desconocerla<strong>. Nuestros pueblos necesitan desarrollarse con justicia social, en un mundo que en la diversidad encuentre la paz\u00bb<\/strong>, indic\u00f3 sobre la posici\u00f3n argentina.<\/p>\n<p>Al respecto, sostuvo que \u00abArgentina, parte del hemisferio sur, no es ajena a esa enorme tensi\u00f3n que vivimos. En lo que va del a\u00f1o, esta guerra le cost\u00f3 a mi pa\u00eds casi 5.000 millones de d\u00f3lares. \u00bfQui\u00e9n reparar\u00e1 semejante perjuicio?\u00bb. \u00abNecesitamos recuperar la paz y contribuir a la recuperaci\u00f3n mundial\u00bb, a\u00f1adi\u00f3.<\/p>\n<p>El ministro de Relaciones Exteriores, Comercio Internacional y Culto manifest\u00f3 que \u00aben los \u00faltimos a\u00f1os, la Argentina ha producido millones de toneladas de soja, de trigo, de ma\u00edz y de aceite de girasol\u00bb, y \u00abesa producci\u00f3n, en su mayor\u00eda, estuvo destinada al mercado externo\u00bb.<\/p>\n<p>\u00abSeguiremos trabajando en el mismo sentido porque la Argentina quiere ser parte en la construcci\u00f3n de un mundo m\u00e1s solidario que garantice la seguridad alimentaria\u00bb, aport\u00f3 y enfatiz\u00f3: \u00abSeguridad alimentaria significa terminar con el hambre en el mundo\u00bb.<\/p>\n<p>\u00abSi es eso lo que buscamos, empecemos por poner fin a la intolerable desigualdad que la concentraci\u00f3n econ\u00f3mica provoca\u00bb, refiri\u00f3.<\/p>\n<p>\u00abDebo admitir que, en contra de mis expectativas,<strong> tras la pandemia el mundo parece querer exhibir su peor rostro. Los costos que hemos pagado resultan cuantiosos y lo que la guerra nos impone ahora se vuelven intolerables<\/strong>\u00ab, puntualiz\u00f3.<\/p>\n<p>Cafiero expres\u00f3 que \u00abAm\u00e9rica Latina y el Caribe enfrentaron en 2020 la peor contracci\u00f3n econ\u00f3mica de su historia\u00bb, en la cual \u00abla Cepal (Comisi\u00f3n Econ\u00f3mica para Am\u00e9rica Latina y el Caribe) calcul\u00f3 un retroceso de 27 a\u00f1os en los niveles de pobreza extrema\u00bb.<\/p>\n<p>De ese modo,<strong> \u00abAm\u00e9rica Latina y el Caribe se convirtieron en la regi\u00f3n del mundo que perdi\u00f3 m\u00e1s a\u00f1os en expectativas de vida\u00bb.&nbsp;<\/strong>\u00abAhora debemos enfrentar los efectos de la guerra\u00bb, insisti\u00f3 el Canciller.<\/p>\n<blockquote class><p> \u00abNuestros pueblos necesitan desarrollarse con justicia social, en un mundo que en la diversidad encuentre la paz\u00bb <cite class=\"author\"> Santiago Cafiero <\/cite> <\/p><\/blockquote>\n<p>\u00abEn la \u00faltima Cumbre de las Am\u00e9ricas propuse organizar continentalmente no solo la producci\u00f3n de alimentos, sino tambi\u00e9n el desarrollo de nuestro enorme potencial energ\u00e9tico y de minerales cr\u00edticos para la transici\u00f3n ecol\u00f3gica\u00bb, desarroll\u00f3.<\/p>\n<p>\u00abTan solo en Argentina, contamos con la segunda reserva de gas no convencional del mundo. Con Chile y Bolivia constituimos el \u00abtri\u00e1ngulo del litio\u00bb en el que se concentra m\u00e1s del 60% de las reservas mundiales de ese mineral. Estamos desarrollando la producci\u00f3n de hidr\u00f3geno verde\u00bb, puntualiz\u00f3.<\/p>\n<p>Para Cafiero, \u00ab<strong>es nuestro deber construir un mundo m\u00e1s justo y previsible<\/strong>. D\u00e9mosle una oportunidad a la paz. Miremos como el hambre y la pobreza se expanden en el sur del mundo mientras en el norte las armas acumulan muertos. No puede ser que no hayamos aprendido de tanto dolor vivido\u00bb.<\/p>\n<p>\u00abLa historia es una magn\u00edfica maestra que acumula experiencias. Pero su ense\u00f1anza solo trasciende cuando somos capaces de escucharla. Solo as\u00ed podemos evitar caer en los mismos errores en los que la humanidad cay\u00f3 en el pasado\u00bb, concluy\u00f3. <\/p>\n","protected":false},"excerpt":{"rendered":"<p>(Foto: Archivo). El canciller Santiago Cafiero sustituy\u00f3 este martes en la Cumbre del G20 en Bali, Indonesia al presidente Alberto Fern\u00e1ndez, quien fue atendido por personal de salud por un episodio de hipotensi\u00f3n y mareos sufrido. Durante el discurso, Cafiero asegur\u00f3 que se necesita \u00abrecuperar la paz y contribuir a la recuperaci\u00f3n mundial\u00bb y que [&hellip;]<\/p>\n","protected":false},"author":1,"featured_media":51291,"comment_status":"open","ping_status":"closed","sticky":false,"template":"","format":"standard","meta":[],"categories":[19],"tags":[],"_links":{"self":[{"href":"http:\/\/hoycordobaweb.com\/index.php\/wp-json\/wp\/v2\/posts\/51290"}],"collection":[{"href":"http:\/\/hoycordobaweb.com\/index.php\/wp-json\/wp\/v2\/posts"}],"about":[{"href":"http:\/\/hoycordobaweb.com\/index.php\/wp-json\/wp\/v2\/types\/post"}],"author":[{"embeddable":true,"href":"http:\/\/hoycordobaweb.com\/index.php\/wp-json\/wp\/v2\/users\/1"}],"replies":[{"embeddable":true,"href":"http:\/\/hoycordobaweb.com\/index.php\/wp-json\/wp\/v2\/comments?post=51290"}],"version-history":[{"count":0,"href":"http:\/\/hoycordobaweb.com\/index.php\/wp-json\/wp\/v2\/posts\/51290\/revisions"}],"wp:featuredmedia":[{"embeddable":true,"href":"http:\/\/hoycordobaweb.com\/index.php\/wp-json\/wp\/v2\/media\/51291"}],"wp:attachment":[{"href":"http:\/\/hoycordobaweb.com\/index.php\/wp-json\/wp\/v2\/media?parent=51290"}],"wp:term":[{"taxonomy":"category","embeddable":true,"href":"http:\/\/hoycordobaweb.com\/index.php\/wp-json\/wp\/v2\/categories?post=51290"},{"taxonomy":"post_tag","embeddable":true,"href":"http:\/\/hoycordobaweb.com\/index.php\/wp-json\/wp\/v2\/tags?post=51290"}],"curies":[{"name":"wp","href":"https:\/\/api.w.org\/{rel}","templated":true}]}}