{"id":51280,"date":"2022-11-14T13:31:58","date_gmt":"2022-11-14T13:31:58","guid":{"rendered":"https:\/\/www.mujerhoy.com\/moda\/no-te-pierdas\/reina-sofia-blazer-cuadros-zara-barata-look-elegante-rejuvenecedor-20221114140102-nt.html"},"modified":"2022-11-14T13:31:58","modified_gmt":"2022-11-14T13:31:58","slug":"hemos-encontrado-en-zara-la-blazer-de-la-reina-sofia-mas-elegante-y-ponible-de-su-ultimo-look-rejuvenecedor","status":"publish","type":"post","link":"http:\/\/hoycordobaweb.com\/index.php\/2022\/11\/14\/hemos-encontrado-en-zara-la-blazer-de-la-reina-sofia-mas-elegante-y-ponible-de-su-ultimo-look-rejuvenecedor\/","title":{"rendered":"Hemos encontrado en Zara la blazer de la reina Sof\u00eda m\u00e1s elegante y ponible de su \u00faltimo look rejuvenecedor"},"content":{"rendered":"<p><!-- AUTHOR --><\/p>\n<div class=\"voc-author-timesocial \"><!-- AUTHOR --><\/p>\n<div class=\"voc-author-timesocial__signature\"><!-- IMAGE AUTHOR --><picture class=\"voc-image-signature\"><img class=\"voc-image-signature__img\" src=\"http:\/\/hoycordobaweb.com\/wp-content\/uploads\/2022\/11\/hemos-encontrado-en-zara-la-blazer-de-la-reina-sofia-mas-elegante-y-ponible-de-su-ultimo-look-rejuvenecedor.jpg\" alt=\"Raquel Rodr\u00edguez\"><\/picture><!-- INFO AUTHOR --><\/div>\n<\/div>\n<p><!-- COMPONENTS --><\/p>\n<p class=\"voc-paragraph\">Que levante la mano quien no es fan de los looks de <strong>la reina Sof\u00eda<\/strong>. La em\u00e9rita, a <a data-voc-vtm-id=\"in-text-traffic\" href=\"https:\/\/www.mujerhoy.com\/celebrities\/realeza\/reina-sofia-84-cumpleanos-tragedia-ruptura-matrimonio-amantes-rey-juan-carlos-camas-separadas-20221102003040-nt.html\" target=\"_blank\" rel=\"noopener noreferrer\">sus 84 a\u00f1os <\/a>y a pesar de que ha perdido protagonismo desde que <strong>la reina Letizia<\/strong> llegara al trono y luciera <a data-voc-vtm-id=\"in-text-traffic\" href=\"https:\/\/www.mujerhoy.com\/moda\/no-te-pierdas\/letizia-ortiz-vestidos-rojos-revolucion-princesa-hortera-reina-espectacular-20220915022156-ga.html\" target=\"_blank\" rel=\"noopener noreferrer\">estilismos perfectos<\/a>, sigue siendo una de las <strong>mujeres m\u00e1s elegante de la realeza<\/strong>. Y lo demuestra all\u00e1 donde va.\n<\/p>\n<p class=\"voc-paragraph\">Do\u00f1a Sof\u00eda, presidenta de honor de la <strong>Fundaci\u00f3n Atapuerca<\/strong>, ha presidido el acto convocado por los patronos de la propia fundaci\u00f3n, como gesto una vez m\u00e1s de su apoyo al proyecto paleontol\u00f3gico. Para ello, ha viajado a Burgos en este inicio de semana y lo ha hecho derrochando elegancia.\n<\/p>\n<p class=\"voc-paragraph\">Y es que, para la cita, <a data-voc-vtm-id=\"in-text-traffic\" href=\"https:\/\/www.mujerhoy.com\/temas\/personajes\/dona-sofia-de-grecia.html\" target=\"_blank\" rel=\"noopener noreferrer\">la reina Sof\u00eda <\/a>se ha adaptado a las bajas temperaturas que ya han llegado y ha escogido un look invernal protagonizado por la que es su prenda favorita: una <strong>blazer<\/strong>. Las americanas son el &#8216;must have&#8217; del armario de la reina y esta vez nos ha descubierto una ideaal.\n<\/p>\n<div class=\"voc-detail-photo-zoom\"><picture data-toggle=\"modal\" data-target=\"#photoZoomModal-347\" target=\"modal\">\n<div class=\"voc-img-icon-link\"><img loading=\"lazy\" data-original=\"\/\/static2.mujerhoy.com\/www\/multimedia\/202211\/14\/media\/cortadas\/reina-sofia-look-elegante-k5T--460x637@MujerHoy.jpg\" class=\"lazy\" alt=\"La reina Sof\u00eda con un look con blazer. \/ GTRES\"><noscript><img src=\"http:\/\/hoycordobaweb.com\/wp-content\/uploads\/2022\/11\/hemos-encontrado-en-zara-la-blazer-de-la-reina-sofia-mas-elegante-y-ponible-de-su-ultimo-look-rejuvenecedor-1.jpg\" alt=\"La reina Sof\u00eda con un look con blazer. \/ GTRES\"><\/noscript><i class=\"voc-icons zoom voc-multimedia-box voc-ico-l\"><\/i><\/div><figcaption class=\"figure-caption\">La reina Sof\u00eda con un look con blazer. \/ GTRES<\/figcaption><\/picture><\/div>\n<div id=\"photoZoomModal-347\" class=\"voc-lightbox modal fade voc-lightbox--photo-zoom\" role=\"dialog\" data-voc-photozoom-lightbox>\n<div class=\"voc-lightbox__dialog\" role=\"document\">\n<div class=\"voc-lightbox__content\"><!-- Modal header --><!-- Modal content --><\/p>\n<div class=\"voc-lightbox__photo-container\"><picture class><img loading=\"lazy\" data-original=\"\/\/static2.mujerhoy.com\/www\/multimedia\/202211\/14\/media\/cortadas\/reina-sofia-look-elegante-k5T--460x637@MujerHoy.jpg\" alt=\"La reina Sof\u00eda con un look con blazer. \/ GTRES\" class=\"lazy\"><noscript><img src=\"http:\/\/hoycordobaweb.com\/wp-content\/uploads\/2022\/11\/hemos-encontrado-en-zara-la-blazer-de-la-reina-sofia-mas-elegante-y-ponible-de-su-ultimo-look-rejuvenecedor-1.jpg\" alt=\"La reina Sof\u00eda con un look con blazer. \/ GTRES\"><\/noscript><\/picture><\/div>\n<\/div>\n<\/div>\n<\/div>\n<p class=\"voc-paragraph\">Do\u00f1a Sof\u00eda acostumbra a lucir este tipo de piezas con pantalones anchos y demuestra siempre que esta es una combinaci\u00f3n que funciona en cualquier temporada, a cualquier edad e incluso con cualquier tipo de <strong>estilo formal<\/strong>. Es una f\u00f3rmula apta para much\u00edsimas ocasiones y ella confirma lo bien que queda.\n<\/p>\n<p class=\"voc-paragraph\">Las tiene de todos los colores, tipo y estilos. Y para su viaje a Burgos ha lucido un modelo de los m\u00e1s cl\u00e1sicos, de esos que nunca pasan de moda y que puedes combinar de un sinf\u00edn de maneras. Se trata de una a<br \/>\n<strong>mericana con estampado pr\u00edncipe de Gales<\/strong> de lo m\u00e1s elegante.\n<\/p>\n<p class=\"voc-paragraph\">Una <strong>blazer en tonos grises<\/strong> que ha usado a modo de chaqueta y que ha combiando con unos pantalones anchos en color negro y unos botines a juego. Y nos encanta el truco que ha usado para dar un toque de color al look: un pa\u00f1uelo en azul que aportaba tambi\u00e9n un punto sofisticado.\n<\/p>\n<p class=\"voc-paragraph\">Un bolso de mano negro, un broche en la solapa de la chaqueta y sus habituales joyas completaban este outfit de la reina Sof\u00eda que nos ha encantado. Y como la blazer nos parece un imprescindible en cualquier armario, nos hemos puesto manos a la obra para<br \/>\n<strong> copi\u00e1rsela en el low cost<\/strong>.\n<\/p>\n<div class=\"voc-detail__cmp\">\n<div class=\"voc-article-container\">\n<article class=\"voc-article voc-article--cmp-photo-text\">\n<div class=\"voc-img-container\"><picture>\n<div class=\"voc-horizontal voc-img-icon-link\"><img class=\"lazy\" loading=\"lazy\" data-original=\"\/\/static2.mujerhoy.com\/www\/multimedia\/202211\/14\/media\/cortadas\/blazer-zara-cuadros-barata-k5T--624x624@MujerHoy.jpg\" alt=\"La blazer de Zara.\"><\/div>\n<\/picture>\n<p class=\"figure-caption \"> La blazer de Zara. <span class=\"voc-photo-author\"><\/span><\/p>\n<\/div>\n<\/article>\n<\/div>\n<\/div>\n<p class=\"voc-paragraph\">Y s\u00ed, la hemos encontrado en <strong>Zara<\/strong>. Ya sabes, el gigante de Inditex tiene a la venta una gran variedad de prendas y todo lo que busques, all\u00ed lo vas a encontrar. Y aunque ahora mismo no tienen disponible una chaqueta de pr\u00edncipe de Gales cl\u00e1sica, hemos dado con un dise\u00f1o similar que merece mucho la pena.\n<\/p>\n<p class=\"voc-paragraph\">Se trata de una blazer de cuello solapa y manga larga con hombreras, con el detalles de bolsillos delanteros con solapa y un cierre frontal cruzado con botones. Es un dise\u00f1o de tweed, ideal para el invierno, con un print de cuadros en tonos negros y grises. Cuesta <strong>59,95 euros<\/strong> y no la vamos a dejar escapar.\n<\/p>\n<p><!-- TOPICS --><\/p>\n","protected":false},"excerpt":{"rendered":"<p>Que levante la mano quien no es fan de los looks de la reina Sof\u00eda. La em\u00e9rita, a sus 84 a\u00f1os y a pesar de que ha perdido protagonismo desde que la reina Letizia llegara al trono y luciera estilismos perfectos, sigue siendo una de las mujeres m\u00e1s elegante de la realeza. Y lo demuestra [&hellip;]<\/p>\n","protected":false},"author":1,"featured_media":51281,"comment_status":"closed","ping_status":"closed","sticky":false,"template":"","format":"standard","meta":[],"categories":[1],"tags":[],"_links":{"self":[{"href":"http:\/\/hoycordobaweb.com\/index.php\/wp-json\/wp\/v2\/posts\/51280"}],"collection":[{"href":"http:\/\/hoycordobaweb.com\/index.php\/wp-json\/wp\/v2\/posts"}],"about":[{"href":"http:\/\/hoycordobaweb.com\/index.php\/wp-json\/wp\/v2\/types\/post"}],"author":[{"embeddable":true,"href":"http:\/\/hoycordobaweb.com\/index.php\/wp-json\/wp\/v2\/users\/1"}],"replies":[{"embeddable":true,"href":"http:\/\/hoycordobaweb.com\/index.php\/wp-json\/wp\/v2\/comments?post=51280"}],"version-history":[{"count":0,"href":"http:\/\/hoycordobaweb.com\/index.php\/wp-json\/wp\/v2\/posts\/51280\/revisions"}],"wp:featuredmedia":[{"embeddable":true,"href":"http:\/\/hoycordobaweb.com\/index.php\/wp-json\/wp\/v2\/media\/51281"}],"wp:attachment":[{"href":"http:\/\/hoycordobaweb.com\/index.php\/wp-json\/wp\/v2\/media?parent=51280"}],"wp:term":[{"taxonomy":"category","embeddable":true,"href":"http:\/\/hoycordobaweb.com\/index.php\/wp-json\/wp\/v2\/categories?post=51280"},{"taxonomy":"post_tag","embeddable":true,"href":"http:\/\/hoycordobaweb.com\/index.php\/wp-json\/wp\/v2\/tags?post=51280"}],"curies":[{"name":"wp","href":"https:\/\/api.w.org\/{rel}","templated":true}]}}