{"id":51278,"date":"2022-11-14T11:37:25","date_gmt":"2022-11-14T11:37:25","guid":{"rendered":"https:\/\/manoamanocba.com.ar\/?p=5890"},"modified":"2022-11-14T11:37:25","modified_gmt":"2022-11-14T11:37:25","slug":"se-viene-la-13-edicion-del-festival-internacional-de-jazz-de-cordoba","status":"publish","type":"post","link":"http:\/\/hoycordobaweb.com\/index.php\/2022\/11\/14\/se-viene-la-13-edicion-del-festival-internacional-de-jazz-de-cordoba\/","title":{"rendered":"Se viene la 13\u00b0 edici\u00f3n del Festival Internacional de Jazz de C\u00f3rdoba"},"content":{"rendered":"<div><img src=\"http:\/\/hoycordobaweb.com\/wp-content\/uploads\/2022\/11\/se-viene-la-13-edicion-del-festival-internacional-de-jazz-de-cordoba.jpg\" class=\"ff-og-image-inserted\"><\/div>\n<p>En la tarde del&nbsp; mi\u00e9rcoles, la tradicional caravana de autos antiguos y la m\u00fasica estilo <strong>Nueva Orleans de la Small Jazz Band<\/strong>, recorrieron las calles anunciando el inicio de una nueva edici\u00f3n. Con el brillo del jazz tradicional y bailarines de \u00e9poca, los autom\u00f3viles sorprendieron a los amantes del g\u00e9nero en distintos puntos tradicionales de la ciudad como la plaza San Mart\u00edn, la explanada del Cabildo, el Patio Olmos y el Paseo del Buen Pastor con una caravana promocional al estilo de los a\u00f1os 20 y transitando las calles de la ciudad para anunciar el comienzo de una nueva edici\u00f3n del CBA JAZZ FESTIVAL.<\/p>\n<p>La grilla del festival propone seis d\u00edas de actividades; 15 conciertos gratuitos; 26 agrupaciones art\u00edsticas cordobesas a las que se suman este a\u00f1o invitados de Italia, casi 200 m\u00fasicos en escena, para una cita imperdible con lo mejor de lo mejor del jazz local e internacional.<\/p>\n<p>Como en pasadas ediciones, la grilla se distribuir\u00e1 en distintos \u00e1mbitos esc\u00e9nicos: salas de teatro, circuito provincial, aire libre y sala de c\u00e1mara en la capilla del Paseo del Buen Pastor.<\/p>\n<p>Estuvieron presentes el presidente de la Agencia C\u00f3rdoba Cultura, Ra\u00fal Sansica; el vicepresidente, Gast\u00f3n Luis Re; el director del Buen Pastor, Ignacio Garc\u00eda Vieyra y los vocales de directorio Jorge Tuschi, Alejandro Mareco y Marilina Mirez.<\/p>\n<p>Ra\u00fal Sansica, aprovech\u00f3 la oportunidad para felicitar a todos los organizadores y afirm\u00f3, \u201ceste festival es parte de la grilla de festivales de la <strong>Agencia C\u00f3rdoba Cultura<\/strong>, del Gobierno de la Provincia de C\u00f3rdoba. Podemos decir \u2018C\u00f3rdoba, tierra de festivales\u2019, porque no solo los hacemos en C\u00f3rdoba Capital, sino en distintas localidades del interior, y en espacios p\u00fablicos y privados.\u201d Y cerr\u00f3, \u201cdesde el 16 al 21 la provincia de C\u00f3rdoba se va a llenar de jazz. M\u00e1s de 200 artistas cordobeses formar\u00e1n parte de este circuito de cinco d\u00edas que nuestro p\u00fablico podr\u00e1 disfrutar con entrada libre y gratuitas\u201d.<\/p>\n<p><b>Salas de Teatro: Jazz en sala de conciertos<\/b><\/p>\n<p>Las Salas de Teatro permiten una recepci\u00f3n m\u00e1s reflexiva de las diferentes propuestas musicales y sus sutilezas. Durante cinco noches, el Festival de Jazz concentrar\u00e1 sus conciertos de sala, en dos de los m\u00e1s importantes coliseos de la Provincia; el Teatro del Libertador y el Teatro Real.<\/p>\n<p>El concierto inaugural estar\u00e1 a cargo del saxofonista y compositor Javier Girotto. Un cordob\u00e9s que ha logrado convertirse en una figura reconocida del jazz internacional, en un sesionista de primer nivel y en un artista con una obra propia s\u00f3lida, consistente y a\u00fan en progreso. Abriendo esta serie de presentaciones, se presentar\u00e1 junto a la Orquesta Provincial de Musica Ciudadana dirigida por el Maestro Damian Torrres. El repertorio estar\u00e1 enfocado en la obra de Piazzolla desde un abordaje cercano al jazz. El virtuoso saxofonista cordobes Javier Girotto, reconocido por la prensa mundial y&nbsp; actualmente radicado en Italia, llega a nuestro escenario mayor con el auspicio del Instituto Italiano de Cultura.<\/p>\n<p>Como es habitual, ya en la segunda jornada, se presentar\u00e1 un programa doble, en el que abrir\u00e1 la noche un recital con artistas de esta provincia, compartiendo el escenario con otras figuras de trascendencia internacional. En la segunda jornada, con auspicio del Instituto Italiano de<\/p>\n<p>Cultura se presentar\u00e1n en el Teatro Real el d\u00fao Girotto-Abraciante y en la apertura del concierto escucharemos a la pianista y compositora Ana Robles.<\/p>\n<p>Otro de las jornadas destacadas es la que la Banda Sinf\u00f3nica de la Provincia dirigida por el maestro Andr\u00e9s Acosta, interpretar\u00e1 m\u00fasica original de compositores cordobeses para homenajear a un solista de lujo que ser\u00e0 celebrado por sus pares; el saxofonista nacido en Bell Ville, Oscar \u201cPato\u201d Pedano recibir\u00e1 esa misma noche una placa en reconocimiento a su trayectoria art\u00edstica y su destacada carrera como formador y docente.<\/p>\n<p><b>El circuito provincial: Musica en todas partes<\/b><\/p>\n<p>Uno de los objetivos del Festival de Jazz ha sido llegar a toda la provincia con su programaci\u00f3n. Cumpliendo con la prerrogativa se ha logrado ampliar la distribuci\u00f3n de estos eventos, y permitir as\u00ed contar con un Festival verdaderamente federal. En esta senda, durante la vig\u00e9simo tercera edici\u00f3n del Festival, ocho localidades ser\u00e1n parte de la programaci\u00f3n con la presentaci\u00f3n de destacados artistas: Tumbao tr\u00edo, Cordelia Andrada, Limbus Tr\u00edo y Andres Coppa se presentar\u00e1n en R\u00edo Cuarto; el tr\u00edo BPL en San Francisco, Small Jazz Band en Laguna Larga, el cuarteto Alapar en La Calera, Swing 69 en Santa Rosa De Calamuchita, Pachi Moyano Cuarteto en Las Varillas, Muriel Marco Cuarteto en R\u00edo Tercero y Daniela Dalmasso &amp; Horacio Burgos en Cruz del Eje.<\/p>\n<p><b>Aire Libre: el Jazz sale al encuentro del oyente<\/b><\/p>\n<p>Con el objetivo de ir al encuentro de su p\u00fablico, el Festival ha ido desarrollando nuevos escenarios. Las explanadas del Paseo del Buen Pastor, se han convertido en un espacio ideal para acercar el jazz, un g\u00e9nero musical de escasa difusi\u00f3n, a la familia y a las nuevas generaciones. Y as\u00ed como el Festival se acerca a un nuevo p\u00fablico, le ofrece a m\u00fasicos en formaci\u00f3n la oportunidad de encontrarse con el oyente.<\/p>\n<p>Es por eso que la idea de la programaci\u00f3n ha sido visibilizar en dicho escenario al aire libre, los ensambles que por sus caracter\u00edsticas constitutivas (gran cantidad de m\u00fasicos, entre otras) tienen dificultad para exhibir su m\u00fasica. Las orquestas de jazz son tambi\u00e9n el veh\u00edculo de formaci\u00f3n musical elegido por \u202fvarias instituciones vinculadas a la m\u00fasica popular para brindarle a sus alumnos parte de su educaci\u00f3n musical. Estas \u201cbandas escuela\u201d, rinden homenaje a una tradici\u00f3n del jazz que fue constitutiva del g\u00e9nero: las Big Bands.<\/p>\n<p>Participar\u00e1n las orquestas Collegium Big Band, La Colmena Big Band, junto a Eleva Big Band, C\u00f3rdoba Jazz Orchestra y La Pajuerana. Los grupos Pablo Lobos Tr\u00edo, Pablo Biaggini Octeto, Jam Candombe Cba.<\/p>\n<p><b>Sala de C\u00e1mara: Las damas del jazz<\/b><\/p>\n<p>En la Sala de C\u00e1mara ubicada en la capilla del Paseo del Buen Pastor, se presentar\u00e1n tres referentes del jazz vocal; Sandra Figueroa, Jazm\u00edn Paz y Mar\u00eda Correa. En un escenario central, con m\u00ednima amplificaci\u00f3n y un hermoso piano de cola, disfrutaremos de conciertos \u00edntimos en un marco inmejorable para apreciar las propuestas de las damas del jazz de la provincia.<\/p>\n<p><b>El jazz en su m\u00e1xima expresi\u00f3n<\/b><\/p>\n<p>El Festival de Jazz de C\u00f3rdoba es&nbsp; un momento esperado con entusiasmo por los amantes de la m\u00fasica y una pol\u00edtica de estado que ha logrado acercar expresiones art\u00edsticas de primer nivel a todo el p\u00fablico.&nbsp; En el cruce entre m\u00fasicos locales e internacionales, el CBAJAZZ propone un espacio de interacci\u00f3n que permite nutrir la escena de C\u00f3rdoba y el consecuente crecimiento de los artistas que conforman nuestra m\u00fasica.<\/p>\n<p>En palabras de Ignacio Garc\u00eda Vieyra, creador de este evento \u00abLa grilla de este a\u00f1o propone 6 d\u00edas de actividades; 15 conciertos gratuitos; actividades en 9 ciudades de la provincia, 26 agrupaciones art\u00edsticas cordobesas, a las que se suman este a\u00f1o invitados de Italia que llegan con el auspicio del Instituto Italiano de Cultura para dos conciertos con artistas internacionales en sala;&nbsp; van a participar tambi\u00e9n elencos estables provinciales como la Orquesta Sinf\u00f3nica y la Orquesta&nbsp; de Musica Ciudadana,&nbsp; en una cita imperdible para los mel\u00f3manos cordobeses.\u201d<\/p>\n<p>La grilla completa, d\u00eda por d\u00eda<b><a href=\"https:\/\/cultura.cba.gov.ar\/wp-content\/uploads\/2022\/11\/Grilla-Festival-dia-por-dia-.pdf\" target=\"_blank\" rel=\"noopener noreferrer\" data-saferedirecturl=\"https:\/\/www.google.com\/url?q=https:\/\/cultura.cba.gov.ar\/wp-content\/uploads\/2022\/11\/Grilla-Festival-dia-por-dia-.pdf&amp;source=gmail&amp;ust=1668511375422000&amp;usg=AOvVaw0gVr2I5TzecffVyY-RvaTq\">&nbsp;AQU\u00cd<\/a><\/b><\/p>\n<p>Toda la informaci\u00f3n en&nbsp;<a href=\"https:\/\/cordobajazzfestival.com.ar\/2022\/\" target=\"_blank\" rel=\"noopener noreferrer\" data-saferedirecturl=\"https:\/\/www.google.com\/url?q=https:\/\/cordobajazzfestival.com.ar\/2022\/&amp;source=gmail&amp;ust=1668511375422000&amp;usg=AOvVaw0ld8ByYl7eOjgE9Wq7z3T7\"><b>C\u00f3rdoba Jazz Festival 2022<\/b><\/a><\/p>\n","protected":false},"excerpt":{"rendered":"<p>En la tarde del&nbsp; mi\u00e9rcoles, la tradicional caravana de autos antiguos y la m\u00fasica estilo Nueva Orleans de la Small Jazz Band, recorrieron las calles anunciando el inicio de una nueva edici\u00f3n. Con el brillo del jazz tradicional y bailarines de \u00e9poca, los autom\u00f3viles sorprendieron a los amantes del g\u00e9nero en distintos puntos tradicionales de [&hellip;]<\/p>\n","protected":false},"author":1,"featured_media":51279,"comment_status":"closed","ping_status":"closed","sticky":false,"template":"","format":"standard","meta":[],"categories":[19],"tags":[],"_links":{"self":[{"href":"http:\/\/hoycordobaweb.com\/index.php\/wp-json\/wp\/v2\/posts\/51278"}],"collection":[{"href":"http:\/\/hoycordobaweb.com\/index.php\/wp-json\/wp\/v2\/posts"}],"about":[{"href":"http:\/\/hoycordobaweb.com\/index.php\/wp-json\/wp\/v2\/types\/post"}],"author":[{"embeddable":true,"href":"http:\/\/hoycordobaweb.com\/index.php\/wp-json\/wp\/v2\/users\/1"}],"replies":[{"embeddable":true,"href":"http:\/\/hoycordobaweb.com\/index.php\/wp-json\/wp\/v2\/comments?post=51278"}],"version-history":[{"count":0,"href":"http:\/\/hoycordobaweb.com\/index.php\/wp-json\/wp\/v2\/posts\/51278\/revisions"}],"wp:featuredmedia":[{"embeddable":true,"href":"http:\/\/hoycordobaweb.com\/index.php\/wp-json\/wp\/v2\/media\/51279"}],"wp:attachment":[{"href":"http:\/\/hoycordobaweb.com\/index.php\/wp-json\/wp\/v2\/media?parent=51278"}],"wp:term":[{"taxonomy":"category","embeddable":true,"href":"http:\/\/hoycordobaweb.com\/index.php\/wp-json\/wp\/v2\/categories?post=51278"},{"taxonomy":"post_tag","embeddable":true,"href":"http:\/\/hoycordobaweb.com\/index.php\/wp-json\/wp\/v2\/tags?post=51278"}],"curies":[{"name":"wp","href":"https:\/\/api.w.org\/{rel}","templated":true}]}}