{"id":51276,"date":"2022-11-15T02:29:00","date_gmt":"2022-11-15T02:29:00","guid":{"rendered":"http:\/\/hoycordobaweb.com\/index.php\/2022\/11\/15\/trump-critico-a-los-judios-estadounidenses-por-votar-a-los-democratas\/"},"modified":"2022-11-15T02:29:00","modified_gmt":"2022-11-15T02:29:00","slug":"trump-critico-a-los-judios-estadounidenses-por-votar-a-los-democratas","status":"publish","type":"post","link":"http:\/\/hoycordobaweb.com\/index.php\/2022\/11\/15\/trump-critico-a-los-judios-estadounidenses-por-votar-a-los-democratas\/","title":{"rendered":"Trump critic\u00f3 a los jud\u00edos estadounidenses por votar a los dem\u00f3cratas"},"content":{"rendered":"<p><img src=\"http:\/\/hoycordobaweb.com\/wp-content\/uploads\/2022\/11\/trump-critico-a-los-judios-estadounidenses-por-votar-a-los-democratas.jpg\"><\/p>\n<p> El expresidente Donald Trump reproch\u00f3 a los jud\u00edos estadounidenses \u00abno hacer lo correcto para Israel\u00bb por haber votado masivamente al Partido Dem\u00f3crata en las recientes elecciones de mitad de mandato, en las que los republicanos no pudieron tomar control del Senado y dejaron a sus rivales mucho mejor posicionados de lo que se presum\u00eda.<\/p>\n<div id=\"div_cuerpo\" readability=\"40\"> \u00ab<strong>Estados Unidos e Israel no son aliados solo a nivel militar, sino tambi\u00e9n econ\u00f3mica y pol\u00edticamente. Somos aliados morales, culturales y espirituales y siempre lo seremos, al menos si en algo depende de m\u00ed\u00bb, <\/strong>sostuvo el magnate de ultraderecha durante un acto de la Organizaci\u00f3n Sionista de Estados Unidos.<\/p>\n<p>\u00abPero tienen a gente en este pa\u00eds que son jud\u00edos y que no est\u00e1n haciendo lo correcto para Israel. Demasiados. Como saben,<strong> los dem\u00f3cratas han obtenido el 75% de los votos y es dif\u00edcil de creer. No podemos dejar que siga as\u00ed\u00bb, recrimin\u00f3.<\/strong><\/p>\n<p>Adem\u00e1s, aprovech\u00f3 para criticar al actual presidente, Joe <strong>Biden, por su \u00abservilismo con la dictadura iran\u00ed para volver a entrar en el acuerdo nuclear\u00bb de 2015<\/strong>, del que Trump decidi\u00f3 salirse unilateralmente en 2018.<\/p>\n<p><strong>\u00abCuando ves todas estas horrible ocurridas durante los mandatos de Biden y de Barack Hussein Obama y despu\u00e9s ves el voto del 75%&#8230; \u00bfQu\u00e9 demonios pasa aqu\u00ed? Pero vamos a cambiarlo\u00bb,<\/strong> insisti\u00f3 en referencia al \u00abgran anuncio\u00bb previsto para ma\u00f1ana y que podr\u00eda ser su propia candidatura para las elecciones presidenciales de 2024.<\/p>\n<figure class=\"mb-3\"><img loading=\"lazy\" src=\"http:\/\/hoycordobaweb.com\/wp-content\/uploads\/2022\/11\/trump-critico-a-los-judios-estadounidenses-por-votar-a-los-democratas-2.jpg\" width=\"100%\" height=\"100%\" alt=\"Los republicanos ganaron la Cmara de Representantes pero no pudieron recuperar el Senado\"><figcaption> Los republicanos ganaron la C\u00e1mara de Representantes pero no pudieron recuperar el Senado <\/figcaption><\/figure>\n<p><strong>\u00abBiden ha nombrado a muchos radicales izquierdistas antiisrael\u00edes en puestos clave del Gobierno, incluidos algunos que han apoyado el movimiento de boicot y desinversiones antisemita que pide una guerra econ\u00f3mica contra el Estado de Israel\u00bb<\/strong>, lament\u00f3.<\/p>\n<p>La Organizaci\u00f3n Sionista de Estados Unidos, que celebra sus 125 a\u00f1os de existencia, premi\u00f3 a Trump con el Medall\u00f3n de Oro Theodor Herzl en reconocimiento a su apoyo a Israel y los jud\u00edos, indic\u00f3 su presidente, David Schoen, citado por el diario Yedioth Ahronoth y la agencia de noticias Europa Press.<\/p>\n<p>Schoen mencion\u00f3 los Acuerdos de Abraham y el traslado de la Embajada estadounidense de tel Aviv a Jerusal\u00e9n como principales logros de la gesti\u00f3n de Trump.<\/p>\n<\/div>\n","protected":false},"excerpt":{"rendered":"<p>El expresidente Donald Trump reproch\u00f3 a los jud\u00edos estadounidenses \u00abno hacer lo correcto para Israel\u00bb por haber votado masivamente al Partido Dem\u00f3crata en las recientes elecciones de mitad de mandato, en las que los republicanos no pudieron tomar control del Senado y dejaron a sus rivales mucho mejor posicionados de lo que se presum\u00eda. \u00abEstados [&hellip;]<\/p>\n","protected":false},"author":1,"featured_media":51277,"comment_status":"open","ping_status":"closed","sticky":false,"template":"","format":"standard","meta":[],"categories":[24],"tags":[],"_links":{"self":[{"href":"http:\/\/hoycordobaweb.com\/index.php\/wp-json\/wp\/v2\/posts\/51276"}],"collection":[{"href":"http:\/\/hoycordobaweb.com\/index.php\/wp-json\/wp\/v2\/posts"}],"about":[{"href":"http:\/\/hoycordobaweb.com\/index.php\/wp-json\/wp\/v2\/types\/post"}],"author":[{"embeddable":true,"href":"http:\/\/hoycordobaweb.com\/index.php\/wp-json\/wp\/v2\/users\/1"}],"replies":[{"embeddable":true,"href":"http:\/\/hoycordobaweb.com\/index.php\/wp-json\/wp\/v2\/comments?post=51276"}],"version-history":[{"count":0,"href":"http:\/\/hoycordobaweb.com\/index.php\/wp-json\/wp\/v2\/posts\/51276\/revisions"}],"wp:featuredmedia":[{"embeddable":true,"href":"http:\/\/hoycordobaweb.com\/index.php\/wp-json\/wp\/v2\/media\/51277"}],"wp:attachment":[{"href":"http:\/\/hoycordobaweb.com\/index.php\/wp-json\/wp\/v2\/media?parent=51276"}],"wp:term":[{"taxonomy":"category","embeddable":true,"href":"http:\/\/hoycordobaweb.com\/index.php\/wp-json\/wp\/v2\/categories?post=51276"},{"taxonomy":"post_tag","embeddable":true,"href":"http:\/\/hoycordobaweb.com\/index.php\/wp-json\/wp\/v2\/tags?post=51276"}],"curies":[{"name":"wp","href":"https:\/\/api.w.org\/{rel}","templated":true}]}}