{"id":51248,"date":"2022-11-13T13:30:37","date_gmt":"2022-11-13T13:30:37","guid":{"rendered":"https:\/\/www.mujerhoy.com\/moda\/tendencias\/vaqueros-zara-alargan-figura-favorito-redes-cuesta-menos-30-euros-20221113142951-nt.html"},"modified":"2022-11-13T13:30:37","modified_gmt":"2022-11-13T13:30:37","slug":"asi-son-los-vaqueros-de-zara-que-alargan-la-figura-y-proximamente-se-convertiran-en-virales","status":"publish","type":"post","link":"http:\/\/hoycordobaweb.com\/index.php\/2022\/11\/13\/asi-son-los-vaqueros-de-zara-que-alargan-la-figura-y-proximamente-se-convertiran-en-virales\/","title":{"rendered":"As\u00ed son los vaqueros de Zara que alargan la figura y pr\u00f3ximamente se convertir\u00e1n en virales"},"content":{"rendered":"<p><!-- AUTHOR --><\/p>\n<div class=\"voc-author-timesocial \"><!-- AUTHOR --><\/p>\n<div class=\"voc-author-timesocial__signature\"><!-- IMAGE AUTHOR --><picture class=\"voc-image-signature\"><img class=\"voc-image-signature__img\" src=\"http:\/\/hoycordobaweb.com\/wp-content\/uploads\/2022\/11\/asi-son-los-vaqueros-de-zara-que-alargan-la-figura-y-proximamente-se-convertiran-en-virales.jpg\" alt=\"Carla Dom\u00ednguez\"><\/picture><!-- INFO AUTHOR --><\/div>\n<\/div>\n<p><!-- COMPONENTS --><\/p>\n<p class=\"voc-paragraph\">No siempre es f\u00e1cil encontrar <a data-voc-vtm-id=\"in-text-traffic\" href=\"https:\/\/www.mujerhoy.com\/temas\/generales\/vaqueros.html\">un vaquero favorecedor<\/a>. Aunque lleve mucho tiempo en nuestro armario, no todos sientan de maravilla. Y es que nos atrevemos a decir, que el vaquero a veces est\u00e1 un poco idealizado, y porque sea un VAQUERO, no significa que a la m\u00ednima te deba quedar bien. Hay muchos no, much\u00edsimos modelos y dar con el acertado es una tarea que lleva a\u00f1os.\n<\/p>\n<p class=\"voc-paragraph\">Sin embargo, con los a\u00f1os, nos hemos dado cuenta que hay <strong>un tipo de vaquero que resulta favorecedor a pr\u00e1cticamente todo el mundo<\/strong>. Hablamos de los pantalones de tiro alto, que recogen bien la barriga y nos hace sentir cada vez m\u00e1s c\u00f3modas. <\/p>\n<p class=\"voc-paragraph\">Y aunque es cierto que los vaqueros <i>baggy<\/i> est\u00e1n a la orden del d\u00eda, y supertendencia, cuando queremos ir comod\u00edsimas de 9 a 9 elegimos sin dudar unos pantalones de tiro alto. Pero hay m\u00e1s, no solo nos gustan este tipo de vaqueros, sino aquellos que cuentan con una silueta<br \/>\n<i> wide leg,<\/i> o al menos que tenga una pernera algom\u00e1s holgada y c\u00f3moda.\n<\/p>\n<p class=\"voc-paragraph\">\u00bfPero d\u00f3nde buscarlo? En marcas como <a data-voc-vtm-id=\"in-text-traffic\" href=\"https:\/\/www.mujerhoy.com\/moda\/no-te-pierdas\/blazer-negro-zara-doble-botonadura-ultimo-exito-fondo-armario-20221107074933-nt.html\">Zara<\/a>, Mango, o H&amp;M hay muchas opciones. Y de nuevo ha sido en el <i>low cost<\/i>, donde hemos fichado <a data-voc-vtm-id=\"in-text-traffic\" href=\"https:\/\/www.mujerhoy.com\/moda\/no-te-pierdas\/vaqueros-zara-special-prices-baratos-estilizan-figura-favoritos-lady-di-20221017125408-nt.html\">un vaquero de lo m\u00e1s favorecedor que alarga la figura,<\/a> y que por su dise\u00f1o, ya te adelantamos que se convertir\u00e1 en viral.\n<\/p>\n<p class=\"voc-paragraph\">Nos referimos a este vaquero que le hemos visto en redes a algunas <i>influencers<\/i> lucir durante esta <a data-voc-vtm-id=\"in-text-traffic\" href=\"https:\/\/www.mujerhoy.com\/moda\/no-te-pierdas\/total-look-naranja-massimo-dutti-estiloso-favorito-temporada-otono-royals-sassa-de-osma-20220919105826-nt.html\">temporada de oto\u00f1o<\/a>. En los comentarios, todo el mundo estaba interesado en saber de d\u00f3nde era el pantal\u00f3n. Pues bien, se trata de un vaquero de Zara que est\u00e1 entre sus apuestas para la temporada de oto\u00f1o-invierno.\n<\/p>\n<p class=\"voc-paragraph\">Nos referimos a este vaquero de tiro alto con bolsillos en los laterales y una costura marca en la parte delantera capaz de alargar visualmente la figura. Pero no es el \u00fanico detalle que hace especial este vaquero de Zara. Tambi\u00e9n hay que destacar el bajo doblado, y de lo m\u00e1s original. Tiene un precio de 29,95 euros.\n<\/p>\n<div class=\"voc-detail__cmp\" readability=\"6\">\n<div class=\"voc-photo-combo-three fw-xs\" readability=\"7\">\n<p class=\"figure-caption\"><span class=\"voc-photo-caption\">Vaqueros High Rise de Zara. \/ <\/span><span class=\"voc-photo-author\">Zara<\/span><\/p>\n<\/div>\n<\/div>\n<p class=\"voc-paragraph\">Es un vaquero de Zara que puedes combinar de una forma muy sencilla con b\u00e1sicos de fondo de armario. Entre ellos, una camiseta blanca, una camisa y por supuesto, en cuanto a chaquetas y abrigos tienes un sinf\u00edn de opciones, desde abrigos de ba\u00f1o, plumas, hasta un cl\u00e1sico blazer.\n<\/p>\n<p class=\"voc-paragraph\">Para los zapatos, est\u00e1 claro, este a\u00f1o este tipo de vaqueros se merecen llevar un toque m\u00e1s tendencia. Con esto nos referimos a incorporar al estilismo unas <a data-voc-vtm-id=\"in-text-traffic\" href=\"https:\/\/www.mujerhoy.com\/moda\/no-te-pierdas\/zapatillas-comodas-mas-vendidas-aprueban-influencers-semana-moda-nueva-york-20220914104916-nt.html\">zapatillas deportivas Samba<\/a>, Gazelle, o incluso <a data-voc-vtm-id=\"in-text-traffic\" href=\"https:\/\/www.mujerhoy.com\/moda\/tendencias\/zapatillas-calentitas-estar-por-casa-superventas-street-style-ugg-20221106134448-nt.html\">las zapatillas comod\u00edsimas de moda para estar por casa<\/a> que ahora se lucen en el <i>street style<\/i>.\n<\/p>\n<p><!-- TOPICS --><\/p>\n","protected":false},"excerpt":{"rendered":"<p>No siempre es f\u00e1cil encontrar un vaquero favorecedor. Aunque lleve mucho tiempo en nuestro armario, no todos sientan de maravilla. Y es que nos atrevemos a decir, que el vaquero a veces est\u00e1 un poco idealizado, y porque sea un VAQUERO, no significa que a la m\u00ednima te deba quedar bien. Hay muchos no, much\u00edsimos [&hellip;]<\/p>\n","protected":false},"author":1,"featured_media":51249,"comment_status":"closed","ping_status":"closed","sticky":false,"template":"","format":"standard","meta":[],"categories":[1],"tags":[],"_links":{"self":[{"href":"http:\/\/hoycordobaweb.com\/index.php\/wp-json\/wp\/v2\/posts\/51248"}],"collection":[{"href":"http:\/\/hoycordobaweb.com\/index.php\/wp-json\/wp\/v2\/posts"}],"about":[{"href":"http:\/\/hoycordobaweb.com\/index.php\/wp-json\/wp\/v2\/types\/post"}],"author":[{"embeddable":true,"href":"http:\/\/hoycordobaweb.com\/index.php\/wp-json\/wp\/v2\/users\/1"}],"replies":[{"embeddable":true,"href":"http:\/\/hoycordobaweb.com\/index.php\/wp-json\/wp\/v2\/comments?post=51248"}],"version-history":[{"count":0,"href":"http:\/\/hoycordobaweb.com\/index.php\/wp-json\/wp\/v2\/posts\/51248\/revisions"}],"wp:featuredmedia":[{"embeddable":true,"href":"http:\/\/hoycordobaweb.com\/index.php\/wp-json\/wp\/v2\/media\/51249"}],"wp:attachment":[{"href":"http:\/\/hoycordobaweb.com\/index.php\/wp-json\/wp\/v2\/media?parent=51248"}],"wp:term":[{"taxonomy":"category","embeddable":true,"href":"http:\/\/hoycordobaweb.com\/index.php\/wp-json\/wp\/v2\/categories?post=51248"},{"taxonomy":"post_tag","embeddable":true,"href":"http:\/\/hoycordobaweb.com\/index.php\/wp-json\/wp\/v2\/tags?post=51248"}],"curies":[{"name":"wp","href":"https:\/\/api.w.org\/{rel}","templated":true}]}}