{"id":51246,"date":"2022-11-13T13:31:46","date_gmt":"2022-11-13T13:31:46","guid":{"rendered":"https:\/\/www.mujerhoy.com\/moda\/no-te-pierdas\/zuecos-virales-redes-street-style-version-barata-zara-kids-20221113143056-nt.html"},"modified":"2022-11-13T13:31:46","modified_gmt":"2022-11-13T13:31:46","slug":"los-zuecos-virales-que-todo-el-mundo-lleva-en-redes-ahora-ya-tienen-su-version-en-zara-kids","status":"publish","type":"post","link":"http:\/\/hoycordobaweb.com\/index.php\/2022\/11\/13\/los-zuecos-virales-que-todo-el-mundo-lleva-en-redes-ahora-ya-tienen-su-version-en-zara-kids\/","title":{"rendered":"Los zuecos virales que todo el mundo lleva en redes ahora ya tienen su versi\u00f3n en Zara Kids"},"content":{"rendered":"<p><!-- AUTHOR --><\/p>\n<div class=\"voc-author-timesocial \"><!-- AUTHOR --><\/p>\n<div class=\"voc-author-timesocial__signature\"><!-- IMAGE AUTHOR --><picture class=\"voc-image-signature\"><img class=\"voc-image-signature__img\" src=\"http:\/\/hoycordobaweb.com\/wp-content\/uploads\/2022\/11\/los-zuecos-virales-que-todo-el-mundo-lleva-en-redes-ahora-ya-tienen-su-version-en-zara-kids.jpg\" alt=\"Carla Dom\u00ednguez\"><\/picture><!-- INFO AUTHOR --><\/div>\n<\/div>\n<p><!-- COMPONENTS --><\/p>\n<p class=\"voc-paragraph\">En cada \u00e9poca del a\u00f1o hay un (o al menos varios) zapato que se pone de moda. En verano, no paramos de ver cada d\u00eda <a data-voc-vtm-id=\"in-text-traffic\" href=\"https:\/\/www.mujerhoy.com\/moda\/tendencias\/sandalias-comodas-verano-planas-todoterreno-sientan-bien-con-todo-20220608134233-nt.html\">las cl\u00e1sicas Birkenstock<\/a> en todos los colores, y por supuesto, las <a data-voc-vtm-id=\"in-text-traffic\" href=\"https:\/\/www.mujerhoy.com\/moda\/no-te-pierdas\/202006\/22\/sandalias-plataforma-comodas-zara-hym-bershka-rebajas-2020-110583748711-ga.html\">tan c\u00f3modas Teva<\/a> que han dado un salto a las calles de una forma m\u00e1s estilosa que simplemente para ir de caminata o a la playa. Pues bien, la temporada de oto\u00f1o tambi\u00e9n tiene su calzado estrella.\n<\/p>\n<p class=\"voc-paragraph\">Nos referimos a <a data-voc-vtm-id=\"in-text-traffic\" href=\"https:\/\/www.mujerhoy.com\/moda\/tendencias\/zuecos-calzado-favorito-entretiempo-otono-danesas-no-para-de-llevar-con-calcetines-20220922142649-nt.html\">los zuecos<\/a>, ese zapato poco agraciado que siempre hemos llevado para estar por casa, o en la calle con algo de altura y que ahora se ha puesto de moda en el <i>street style<\/i>. Todas las famosas, <i>influencers<\/i>, y por supuesto, las adictas al mundo fashion, lo llevan.\n<\/p>\n<p class=\"voc-paragraph\">Es el calzado de moda por excelencia, y seguramente sepas de cu\u00e1l te hablamos. Se trata de unos cl\u00e1sicos zuecos, normalmente en colores atemporales como el gris, crudo o negro que cuenta con una hebilla en la parte delantera y una plantilla de corcho.\n<\/p>\n<p class=\"voc-paragraph\">Es un zapato que vemos por todas partes, pero que ahora en la temporada de fr\u00edo se ha ido adaptando con un revestimiento de pelito para no sufrir con las bajas temperaturas. \u00bfPero por qu\u00e9 este furor por llevar <a data-voc-vtm-id=\"in-text-traffic\" href=\"https:\/\/www.mujerhoy.com\/moda\/no-te-pierdas\/202012\/27\/estas-zapatillas-para-estar-20201223202052.html\">las zapatillas de andar por casa<\/a> a la calle? No sabemos si por comodidad y no sufrir dolor de pies, o simplemente porque simboliza la facilidad de vestirse y salir r\u00e1pido de casa sin perder tiempo. <\/p>\n<p class=\"voc-paragraph\">Lo que s\u00ed est\u00e1 clar\u00edsimo es que estos zuecos se han convertido en los m\u00e1s deseados del momento, junto con <strong>las Ugg Tasman<\/strong> en su modelo m\u00e1s cortito. Ambas se llevan con calcetines, ya pueden ser blancos, tostados, grises o negros, dependiendo del modelo que elijas. <\/p>\n<p class=\"voc-paragraph\">Para combinarlo, lo hemos visto de mil formas, aunque la mayor\u00eda suele apostar por llevar con pantalones. Da igual que sean <a data-voc-vtm-id=\"in-text-traffic\" href=\"https:\/\/www.mujerhoy.com\/moda\/tendencias\/pantalones-vaqueros-baratos-favorecen-adelgazan-rejuvenecen-menos-30-euros-20220830132155-nt.html\">vaqueros<\/a><i>bootcut, wide leg, slouchy<\/i>, o <a data-voc-vtm-id=\"in-text-traffic\" href=\"https:\/\/www.mujerhoy.com\/moda\/tendencias\/version-barata-pantalones-largos-traje-rejuvenecen-mujeres-mas-50-bershka-20220902132108-nt.html\">los cl\u00e1sicos de traje<\/a> que ahora parecen obsesionar a todo el mundo. Eso s\u00ed, encontrar estos zuecos es una tarea complicada y si no quieres gastarte demasiado, nosotras te proponemos esta opci\u00f3n del <i>low cost<\/i>.\n<\/p>\n<p class=\"voc-paragraph\">En <a data-voc-vtm-id=\"in-text-traffic\" href=\"https:\/\/www.mujerhoy.com\/moda\/tendencias\/alpargatas-crochet-zara-kids-pura-tendencia-compartir-con-tu-hija-20220815121721-nt.html\">Zara Kids<\/a> hemos encontrado esta versi\u00f3n de los zuecos que todo el mundo quiere en su armario. Es un h\u00edbrido entre mocas\u00edn y zapato de estar por casa. Cuenta con un interior de pelito para que puedas ir m\u00e1s abrigada durante la temporada de fr\u00edo.\n<\/p>\n<div class=\"voc-detail-photo-zoom\"><picture data-toggle=\"modal\" data-target=\"#photoZoomModal-11\" target=\"modal\">\n<div class=\"voc-img-icon-link\"><img loading=\"lazy\" data-original=\"\/\/static1.mujerhoy.com\/www\/multimedia\/202211\/10\/media\/cortadas\/zapatillas-zuecos-zara-kids-kI6G--460x637@MujerHoy.jpeg\" class=\"lazy\" alt=\"Zueco de piel con pelo en el interior de Zara Kids. Foto: Zara Kids.\"><noscript><img src=\"http:\/\/hoycordobaweb.com\/wp-content\/uploads\/2022\/11\/los-zuecos-virales-que-todo-el-mundo-lleva-en-redes-ahora-ya-tienen-su-version-en-zara-kids-1.jpg\" alt=\"Zueco de piel con pelo en el interior de Zara Kids. Foto: Zara Kids.\"><\/noscript><i class=\"voc-icons zoom voc-multimedia-box voc-ico-l\"><\/i><\/div><figcaption class=\"figure-caption\">Zueco de piel con pelo en el interior de Zara Kids. Foto: Zara Kids.<\/figcaption><\/picture><\/div>\n<div id=\"photoZoomModal-11\" class=\"voc-lightbox modal fade voc-lightbox--photo-zoom\" role=\"dialog\" data-voc-photozoom-lightbox>\n<div class=\"voc-lightbox__dialog\" role=\"document\">\n<div class=\"voc-lightbox__content\"><!-- Modal header --><!-- Modal content --><\/p>\n<div class=\"voc-lightbox__photo-container\"><picture class><img loading=\"lazy\" data-original=\"\/\/static1.mujerhoy.com\/www\/multimedia\/202211\/10\/media\/cortadas\/zapatillas-zuecos-zara-kids-kI6G--460x637@MujerHoy.jpeg\" alt=\"Zueco de piel con pelo en el interior de Zara Kids. Foto: Zara Kids.\" class=\"lazy\"><noscript><img src=\"http:\/\/hoycordobaweb.com\/wp-content\/uploads\/2022\/11\/los-zuecos-virales-que-todo-el-mundo-lleva-en-redes-ahora-ya-tienen-su-version-en-zara-kids-1.jpg\" alt=\"Zueco de piel con pelo en el interior de Zara Kids. Foto: Zara Kids.\"><\/noscript><\/picture><\/div>\n<\/div>\n<\/div>\n<\/div>\n<p class=\"voc-paragraph\">Se trata de <strong>un zueco 100% de piel de Zara Kids<\/strong> con forro de pelo en su interior, y una tira para un mayor ajuste. Cuenta con suela de goma, y est\u00e1 disponible en todas las tallas, o al menos de momento. <strong>Cuesta 45,95 euros<\/strong>, y si sueles seguir tendencias, es una de las mejores inversiones que puedes hacer de aqu\u00ed a final de a\u00f1o.\n<\/p>\n<p><!-- TOPICS --><\/p>\n","protected":false},"excerpt":{"rendered":"<p>En cada \u00e9poca del a\u00f1o hay un (o al menos varios) zapato que se pone de moda. En verano, no paramos de ver cada d\u00eda las cl\u00e1sicas Birkenstock en todos los colores, y por supuesto, las tan c\u00f3modas Teva que han dado un salto a las calles de una forma m\u00e1s estilosa que simplemente para [&hellip;]<\/p>\n","protected":false},"author":1,"featured_media":51247,"comment_status":"closed","ping_status":"closed","sticky":false,"template":"","format":"standard","meta":[],"categories":[1],"tags":[],"_links":{"self":[{"href":"http:\/\/hoycordobaweb.com\/index.php\/wp-json\/wp\/v2\/posts\/51246"}],"collection":[{"href":"http:\/\/hoycordobaweb.com\/index.php\/wp-json\/wp\/v2\/posts"}],"about":[{"href":"http:\/\/hoycordobaweb.com\/index.php\/wp-json\/wp\/v2\/types\/post"}],"author":[{"embeddable":true,"href":"http:\/\/hoycordobaweb.com\/index.php\/wp-json\/wp\/v2\/users\/1"}],"replies":[{"embeddable":true,"href":"http:\/\/hoycordobaweb.com\/index.php\/wp-json\/wp\/v2\/comments?post=51246"}],"version-history":[{"count":0,"href":"http:\/\/hoycordobaweb.com\/index.php\/wp-json\/wp\/v2\/posts\/51246\/revisions"}],"wp:featuredmedia":[{"embeddable":true,"href":"http:\/\/hoycordobaweb.com\/index.php\/wp-json\/wp\/v2\/media\/51247"}],"wp:attachment":[{"href":"http:\/\/hoycordobaweb.com\/index.php\/wp-json\/wp\/v2\/media?parent=51246"}],"wp:term":[{"taxonomy":"category","embeddable":true,"href":"http:\/\/hoycordobaweb.com\/index.php\/wp-json\/wp\/v2\/categories?post=51246"},{"taxonomy":"post_tag","embeddable":true,"href":"http:\/\/hoycordobaweb.com\/index.php\/wp-json\/wp\/v2\/tags?post=51246"}],"curies":[{"name":"wp","href":"https:\/\/api.w.org\/{rel}","templated":true}]}}