{"id":51224,"date":"2022-11-13T22:45:00","date_gmt":"2022-11-13T22:45:00","guid":{"rendered":"http:\/\/hoycordobaweb.com\/index.php\/2022\/11\/13\/en-la-despedida-de-gallardo-y-pinola-river-goleo-al-betis-de-espana\/"},"modified":"2022-11-13T22:45:00","modified_gmt":"2022-11-13T22:45:00","slug":"en-la-despedida-de-gallardo-y-pinola-river-goleo-al-betis-de-espana","status":"publish","type":"post","link":"http:\/\/hoycordobaweb.com\/index.php\/2022\/11\/13\/en-la-despedida-de-gallardo-y-pinola-river-goleo-al-betis-de-espana\/","title":{"rendered":"En la despedida de Gallardo y Pinola, River gole\u00f3 al Betis de Espa\u00f1a"},"content":{"rendered":"<p><img src=\"http:\/\/hoycordobaweb.com\/wp-content\/uploads\/2022\/11\/en-la-despedida-de-gallardo-y-pinola-river-goleo-al-betis-de-espana.jpg\"><\/p>\n<div><img src=\"http:\/\/hoycordobaweb.com\/wp-content\/uploads\/2022\/11\/en-la-despedida-de-gallardo-y-pinola-river-goleo-al-betis-de-espana-2.jpg\" class=\"ff-og-image-inserted\"><\/div>\n<h3>Pinola confirm\u00f3 su retiro: \u00abHoy ser\u00e1 el \u00faltimo partido de mi carrera\u00bb<\/h3>\n<p>El defensor de River Plate Javier Pinola afirm\u00f3 este domingo que jugar\u00e1 su \u00faltimo partido como futbolista profesional, en la previa del amistoso ante Betis de Espa\u00f1a en Mendoza.<\/p>\n<p>Pinola, de 39 a\u00f1os, dijo que es \u00abel momento de decir adi\u00f3s\u00bb luego de una extensa carrera, mientras se especulaba por su futuro y despej\u00f3 cualquier tipo de dudas.<\/p>\n<p>\u00abHoy ser\u00e1 el \u00faltimo partido de mi carrera. Me queda agradecer. Siempre me manej\u00e9 de la misma manera, de predicar con el ejemplo, con acierto y errores, pero siempre di lo mejor de m\u00ed hasta el \u00faltimo d\u00eda. Hoy se lo comuniqu\u00e9 a los chicos y quer\u00eda disfrutar hasta el \u00faltimo d\u00eda como compa\u00f1ero, fuimos un gran grupo\u00bb, se\u00f1al\u00f3 Pinola, visiblemente emocionado, a ESPN.<\/p>\n<p>\u00abEn el \u00faltimo tiempo hice un an\u00e1lisis. Amo esto, lo hice durante 30 a\u00f1os, me prepar\u00e9 hasta hoy. Son casi 22 a\u00f1os de carrera que he vivido, es mucho tiempo, que pasa volando y le dije a los chicos que esta carrera pasa muy r\u00e1pido. Me voy feliz. He cumplido m\u00e1s cosas de lo que hab\u00eda imaginado y soy un agradecido\u00bb, se\u00f1al\u00f3 Pinola, entre l\u00e1grimas.<\/p>\n<p>\u00abRiver exige mucho y hay que estar a la altura, pero llega un momento donde uno tiene que hacer un balance, para seguir demostrando. Jugaba los partidos como el primero, donde ten\u00eda que demostrar, trat\u00e9 de prepararme siempre para \u00e9so y hoy es momento de decir adi\u00f3s\u00bb, se\u00f1al\u00f3 el defensor central.<\/p>\n<p>Pinola asegur\u00f3 que \u00abnadie\u00bb influy\u00f3 en su decisi\u00f3n y es posible que contin\u00fae ligado a River Plate como parte del pr\u00f3ximo cuerpo t\u00e9cnico que tendr\u00eda a Mart\u00edn Demichelis como sucesor de Marcelo Gallardo, quien hoy dirigir\u00e1 por \u00faltima vez al club de N\u00fa\u00f1ez en el triangular internacional.<\/p>\n<p>\u00abA Gallardo se lo va a extra\u00f1ar mucho. Absorb\u00ed mucho de \u00e9l. Le doy gracias por haber cumplido mi sue\u00f1o. Por el respeto, algo que no se encuentra en una victoria o derrota, es lo m\u00e1s valioso que tiene el f\u00fatbol\u00bb, cerr\u00f3 Pinola.<\/p>\n<p>Javier Pinola hizo su debut en Chacarita Juniors (2000-2002) y continu\u00f3 su carrera en Atl\u00e9tico de Madrid de Espa\u00f1a (2002-2004), Racing Club (2004-2005), N\u00faremberg de Alemania (2006-2015), Rosario Central (2015-2017) y River Plate (2017-2022).<\/p>\n","protected":false},"excerpt":{"rendered":"<p>Pinola confirm\u00f3 su retiro: \u00abHoy ser\u00e1 el \u00faltimo partido de mi carrera\u00bb El defensor de River Plate Javier Pinola afirm\u00f3 este domingo que jugar\u00e1 su \u00faltimo partido como futbolista profesional, en la previa del amistoso ante Betis de Espa\u00f1a en Mendoza. Pinola, de 39 a\u00f1os, dijo que es \u00abel momento de decir adi\u00f3s\u00bb luego de [&hellip;]<\/p>\n","protected":false},"author":1,"featured_media":51225,"comment_status":"open","ping_status":"closed","sticky":false,"template":"","format":"standard","meta":[],"categories":[16],"tags":[],"_links":{"self":[{"href":"http:\/\/hoycordobaweb.com\/index.php\/wp-json\/wp\/v2\/posts\/51224"}],"collection":[{"href":"http:\/\/hoycordobaweb.com\/index.php\/wp-json\/wp\/v2\/posts"}],"about":[{"href":"http:\/\/hoycordobaweb.com\/index.php\/wp-json\/wp\/v2\/types\/post"}],"author":[{"embeddable":true,"href":"http:\/\/hoycordobaweb.com\/index.php\/wp-json\/wp\/v2\/users\/1"}],"replies":[{"embeddable":true,"href":"http:\/\/hoycordobaweb.com\/index.php\/wp-json\/wp\/v2\/comments?post=51224"}],"version-history":[{"count":0,"href":"http:\/\/hoycordobaweb.com\/index.php\/wp-json\/wp\/v2\/posts\/51224\/revisions"}],"wp:featuredmedia":[{"embeddable":true,"href":"http:\/\/hoycordobaweb.com\/index.php\/wp-json\/wp\/v2\/media\/51225"}],"wp:attachment":[{"href":"http:\/\/hoycordobaweb.com\/index.php\/wp-json\/wp\/v2\/media?parent=51224"}],"wp:term":[{"taxonomy":"category","embeddable":true,"href":"http:\/\/hoycordobaweb.com\/index.php\/wp-json\/wp\/v2\/categories?post=51224"},{"taxonomy":"post_tag","embeddable":true,"href":"http:\/\/hoycordobaweb.com\/index.php\/wp-json\/wp\/v2\/tags?post=51224"}],"curies":[{"name":"wp","href":"https:\/\/api.w.org\/{rel}","templated":true}]}}